{"id":15495,"date":"2020-07-20T13:43:20","date_gmt":"2020-07-20T11:43:20","guid":{"rendered":"https:\/\/aitia.fr\/erd\/?p=15495"},"modified":"2020-07-20T13:43:49","modified_gmt":"2020-07-20T11:43:49","slug":"grande-interview-de-guy-courtois-auteur-du-livre-et-si-didier-raoult-avait-raison-france-soir","status":"publish","type":"post","link":"https:\/\/aitia.fr\/erd\/grande-interview-de-guy-courtois-auteur-du-livre-et-si-didier-raoult-avait-raison-france-soir\/","title":{"rendered":"Grande interview de Guy Courtois, auteur du livre : <br>Et si Didier Raoult avait raison ? (France Soir)"},"content":{"rendered":"<p style=\"text-align: justify;\"><img decoding=\"async\" loading=\"lazy\" class=\"alignleft wp-image-15497\" src=\"https:\/\/aitia.fr\/erd\/wp-content\/uploads\/2020\/07\/20200718_fs_et_si_didier_raoult_avait_raison_couv.jpeg\" alt=\"\" width=\"360\" height=\"304\" srcset=\"https:\/\/aitia.fr\/erd\/wp-content\/uploads\/2020\/07\/20200718_fs_et_si_didier_raoult_avait_raison_couv.jpeg 526w, https:\/\/aitia.fr\/erd\/wp-content\/uploads\/2020\/07\/20200718_fs_et_si_didier_raoult_avait_raison_couv-300x253.jpeg 300w\" sizes=\"(max-width: 360px) 100vw, 360px\" \/>[<em>Note de l&#8217;administrateur de ce blog : France Soir semble bien, comme on l&#8217;avait d\u00e9j\u00e0 remarqu\u00e9, \u00eatre un des seuls journaux fran\u00e7ais grand public \u00e0 faire encore du v\u00e9ritable journalisme. <\/em><\/p>\n<p style=\"text-align: justify;\"><em>Souhaitons-lui de ne pas subir le sort des autres titres (en chute plus ou moins libre en raison de leurs mensonges r\u00e9p\u00e9t\u00e9s) et de faire des \u00e9mules.<\/em>]<\/p>\n<hr \/>\n<p>INTERVIEW : Guy Courtois est l\u2019auteur de \u00ab\u00a0Et si Didier Raoult avait raison\u00a0? Les coulisses d\u2019un scandale international.\u00a0\u00bb un ouvrage qui s\u2019int\u00e9resse \u00e0 la crise sanitaire mondiale que nous vivons encore.<\/p>\n<p><strong>FS\u00a0: Tout d&#8217;abord Guy Courtois, qu&#8217;est-ce qui vous a amen\u00e9 \u00e0 vous int\u00e9resser au professeur Raoult et \u00e0 cette crise\u00a0? <\/strong><\/p>\n<p>Guy Courtois : Dans ma vie personnelle, plusieurs personnes de mon entourage plus ou moins proches sont d\u00e9c\u00e9d\u00e9es du Covid-19. Huit exactement. 4 en France, 2 en Espagne et 2 en Italie dont une personne \u00e2g\u00e9e par glissement. Je dois avouer que j\u2019ai \u00e9t\u00e9 boulevers\u00e9. Et \u00e7a m\u2019a interrog\u00e9.<\/p>\n<p>Par ailleurs, pendant la p\u00e9riode de confinement, j\u2019avais du temps libre. Mon activit\u00e9 professionnelle \u00e9tant au ralenti. Comme beaucoup, j\u2019\u00e9tais en t\u00e9l\u00e9travail\u00a0; je suis consultant en strat\u00e9gie. C\u2019est donc tout naturellement que je me suis int\u00e9ress\u00e9 \u00e0 cette crise qui frappait de plein fouet beaucoup de pays dans le monde\u00a0!<\/p>\n<p>Et l\u00e0, je me suis rendu compte qu&#8217;il y a des choses tr\u00e8s surprenantes et j&#8217;ai voulu comprendre. Je suis curieux de nature, et du coup, je me suis mis \u00e0 enqu\u00eater.<\/p>\n<p><a href=\"http:\/\/www.francesoir.fr\/opinions-entretiens-culture-livres\/grande-interview-de-guy-courtois-auteur-du-livre-et-si-didier\" target=\"_blank\" rel=\"noopener noreferrer\">Continuer la lecture sur France Soir \u2192<\/a><\/p>\n","protected":false},"excerpt":{"rendered":"<p>[Note de l&#8217;administrateur de ce blog : France Soir semble bien, comme on l&#8217;avait d\u00e9j\u00e0 remarqu\u00e9, \u00eatre un des seuls journaux fran\u00e7ais grand public \u00e0 faire encore du v\u00e9ritable journalisme. Souhaitons-lui de ne pas subir le sort des autres titres (en chute plus ou moins libre en raison de leurs mensonges r\u00e9p\u00e9t\u00e9s) et de faire [&hellip;]<\/p>\n","protected":false},"author":1,"featured_media":0,"comment_status":"open","ping_status":"open","sticky":false,"template":"","format":"standard","meta":[],"categories":[4,9,29,1],"tags":[425,1542,1522,1795,1811,846,1546,481],"_links":{"self":[{"href":"https:\/\/aitia.fr\/erd\/wp-json\/wp\/v2\/posts\/15495"}],"collection":[{"href":"https:\/\/aitia.fr\/erd\/wp-json\/wp\/v2\/posts"}],"about":[{"href":"https:\/\/aitia.fr\/erd\/wp-json\/wp\/v2\/types\/post"}],"author":[{"embeddable":true,"href":"https:\/\/aitia.fr\/erd\/wp-json\/wp\/v2\/users\/1"}],"replies":[{"embeddable":true,"href":"https:\/\/aitia.fr\/erd\/wp-json\/wp\/v2\/comments?post=15495"}],"version-history":[{"count":6,"href":"https:\/\/aitia.fr\/erd\/wp-json\/wp\/v2\/posts\/15495\/revisions"}],"predecessor-version":[{"id":15502,"href":"https:\/\/aitia.fr\/erd\/wp-json\/wp\/v2\/posts\/15495\/revisions\/15502"}],"wp:attachment":[{"href":"https:\/\/aitia.fr\/erd\/wp-json\/wp\/v2\/media?parent=15495"}],"wp:term":[{"taxonomy":"category","embeddable":true,"href":"https:\/\/aitia.fr\/erd\/wp-json\/wp\/v2\/categories?post=15495"},{"taxonomy":"post_tag","embeddable":true,"href":"https:\/\/aitia.fr\/erd\/wp-json\/wp\/v2\/tags?post=15495"}],"curies":[{"name":"wp","href":"https:\/\/api.w.org\/{rel}","templated":true}]}}