{"id":15469,"date":"2020-07-17T23:07:20","date_gmt":"2020-07-17T21:07:20","guid":{"rendered":"https:\/\/aitia.fr\/erd\/?p=15469"},"modified":"2020-07-17T23:07:42","modified_gmt":"2020-07-17T21:07:42","slug":"coronavirus-des-ogm-dans-les-vaccins-lue-prevoit-des-derogations-pour-accelerer-la-recherche-rtbf","status":"publish","type":"post","link":"https:\/\/aitia.fr\/erd\/coronavirus-des-ogm-dans-les-vaccins-lue-prevoit-des-derogations-pour-accelerer-la-recherche-rtbf\/","title":{"rendered":"Coronavirus : des OGM dans les vaccins ? L&#8217;UE pr\u00e9voit des d\u00e9rogations pour acc\u00e9l\u00e9rer la recherche (RTBF)"},"content":{"rendered":"<p style=\"text-align: justify;\"><img decoding=\"async\" loading=\"lazy\" class=\"alignleft size-full wp-image-15474\" src=\"https:\/\/aitia.fr\/erd\/wp-content\/uploads\/2020\/07\/OGM-vaccins-UE.jpg\" alt=\"\" width=\"452\" height=\"300\" srcset=\"https:\/\/aitia.fr\/erd\/wp-content\/uploads\/2020\/07\/OGM-vaccins-UE.jpg 452w, https:\/\/aitia.fr\/erd\/wp-content\/uploads\/2020\/07\/OGM-vaccins-UE-300x199.jpg 300w\" sizes=\"(max-width: 452px) 100vw, 452px\" \/>[<em>Note de l&#8217;administrateur de ce blog : aux na\u00effs qui pensent que l&#8217;industrie vaccinale est un monde high-tech o\u00f9 tout est contr\u00f4l\u00e9 comme dans l&#8217;industrie en salle blanche des microprocesseurs, il est conseill\u00e9 de commencer par \u00e9couter <a href=\"https:\/\/aitia.fr\/erd\/vaccins-point-de-vue-dun-vaccinologue\/\" target=\"_blank\" rel=\"noopener noreferrer\">les propos d&#8217;un vaccinologue<\/a> s&#8217;adressant \u00e0 des m\u00e9decins au cours d&#8217;une formation.<\/em><\/p>\n<p style=\"text-align: justify;\"><em>Ensuite, ils pourront m\u00e9diter sur le bien-fond\u00e9 de la d\u00e9rogation pour &#8220;acc\u00e9l\u00e9rer la recherche&#8221; prise par l&#8217;Union Europ\u00e9enne, et on n&#8217;oubliera pas de remarquer qu&#8217;elle concerne &#8220;l\u2019\u00e9valuation des risques pour l\u2019environnement relatifs \u00e0 l\u2019utilisation et \u00e0 la diss\u00e9mination volontaire d\u2019OGM&#8221;&#8230; les risques pour les humains semblent secondaires pour les bureaucrates bruxellois.<\/em>]<\/p>\n<hr \/>\n<p style=\"text-align: justify;\">L\u2019Union europ\u00e9enne a adopt\u00e9 mardi un r\u00e8glement visant \u00e0 acc\u00e9l\u00e9rer le d\u00e9veloppement d\u2019un vaccin pour prot\u00e9ger la population du nouveau coronavirus, en permettant des d\u00e9rogations temporaires sur l\u2019\u00e9valuation des risques environnementaux li\u00e9s aux organismes g\u00e9n\u00e9tiquement modifi\u00e9s (OGM).<\/p>\n<p style=\"text-align: justify;\">Le Conseil de l\u2019Union europ\u00e9enne a inform\u00e9 mardi soir dans un communiqu\u00e9 que le r\u00e8glement contenait une d\u00e9rogation pour l\u2019\u00e9valuation des risques pour l\u2019environnement relatifs \u00e0 l\u2019utilisation et \u00e0 la diss\u00e9mination volontaire d\u2019OGM, au cours de la conduite d\u2019essais cliniques sur des m\u00e9dicaments exp\u00e9rimentaux \u00e0 usage humain. Ces op\u00e9rations concernent aussi l\u2019emballage, l\u2019\u00e9tiquetage, l\u2019entreposage, la destruction, la fourniture, l\u2019acheminement, l\u2019administration ou l\u2019usage des produits m\u00e9dicaux \u00e9valu\u00e9s \u00e0 destination de la lutte contre la Covid-19.<\/p>\n<p><a href=\"https:\/\/www.rtbf.be\/info\/monde\/detail_coronavirus-des-ogm-dans-les-vaccins-l-ue-prevoit-des-derogations-pour-accelerer-la-recherche?id=10542831\" target=\"_blank\" rel=\"noopener noreferrer\">Continuer la lecture sur le site de la Radio-t\u00e9l\u00e9vision belge de la Communaut\u00e9 Fran\u00e7aise \u2192<\/a><\/p>\n","protected":false},"excerpt":{"rendered":"<p>[Note de l&#8217;administrateur de ce blog : aux na\u00effs qui pensent que l&#8217;industrie vaccinale est un monde high-tech o\u00f9 tout est contr\u00f4l\u00e9 comme dans l&#8217;industrie en salle blanche des microprocesseurs, il est conseill\u00e9 de commencer par \u00e9couter les propos d&#8217;un vaccinologue s&#8217;adressant \u00e0 des m\u00e9decins au cours d&#8217;une formation. Ensuite, ils pourront m\u00e9diter sur le [&hellip;]<\/p>\n","protected":false},"author":1,"featured_media":0,"comment_status":"open","ping_status":"open","sticky":false,"template":"","format":"standard","meta":[],"categories":[4,134],"tags":[1802,1521,1542,1801,1799,1792,1800,374,344],"_links":{"self":[{"href":"https:\/\/aitia.fr\/erd\/wp-json\/wp\/v2\/posts\/15469"}],"collection":[{"href":"https:\/\/aitia.fr\/erd\/wp-json\/wp\/v2\/posts"}],"about":[{"href":"https:\/\/aitia.fr\/erd\/wp-json\/wp\/v2\/types\/post"}],"author":[{"embeddable":true,"href":"https:\/\/aitia.fr\/erd\/wp-json\/wp\/v2\/users\/1"}],"replies":[{"embeddable":true,"href":"https:\/\/aitia.fr\/erd\/wp-json\/wp\/v2\/comments?post=15469"}],"version-history":[{"count":4,"href":"https:\/\/aitia.fr\/erd\/wp-json\/wp\/v2\/posts\/15469\/revisions"}],"predecessor-version":[{"id":15477,"href":"https:\/\/aitia.fr\/erd\/wp-json\/wp\/v2\/posts\/15469\/revisions\/15477"}],"wp:attachment":[{"href":"https:\/\/aitia.fr\/erd\/wp-json\/wp\/v2\/media?parent=15469"}],"wp:term":[{"taxonomy":"category","embeddable":true,"href":"https:\/\/aitia.fr\/erd\/wp-json\/wp\/v2\/categories?post=15469"},{"taxonomy":"post_tag","embeddable":true,"href":"https:\/\/aitia.fr\/erd\/wp-json\/wp\/v2\/tags?post=15469"}],"curies":[{"name":"wp","href":"https:\/\/api.w.org\/{rel}","templated":true}]}}