{"id":15407,"date":"2020-07-09T22:11:38","date_gmt":"2020-07-09T20:11:38","guid":{"rendered":"https:\/\/aitia.fr\/erd\/?p=15407"},"modified":"2020-07-11T20:27:03","modified_gmt":"2020-07-11T18:27:03","slug":"rappels","status":"publish","type":"post","link":"https:\/\/aitia.fr\/erd\/rappels\/","title":{"rendered":"Rappels"},"content":{"rendered":"<p style=\"text-align: justify;\">Au moment o\u00f9 <a href=\"https:\/\/aitia.fr\/erd\/le-lobby-1-4-orient-xxi\/\" target=\"_blank\" rel=\"noopener noreferrer\">un lobby<\/a> ne repr\u00e9sentant rien des Fran\u00e7ais <a href=\"https:\/\/www.egaliteetreconciliation.fr\/La-chaine-YouTube-de-Dieudonne-fermee-le-lobby-sioniste-jubile-59949.html\" target=\"_blank\" rel=\"noopener noreferrer\">se r\u00e9jouit<\/a> des ennuis, auxquels il contribue activement, de deux des plus valeureux d&#8217;entre eux, et des plus fran\u00e7ais aussi \u2014 par leur pens\u00e9e universaliste et leur attachement \u00e0 la libert\u00e9 d&#8217;expression \u2014 il me semble utile de contrer \u00e0 mon modeste niveau cette propagande haineuse en reprenant ici deux exemples du discours (s\u00e9rieux pour l&#8217;un, humoristique pour l&#8217;autre) de ces pers\u00e9cut\u00e9s. \u00c0 chacun de juger leur caract\u00e8re &#8220;haineux&#8221;&#8230;<\/p>\n<p style=\"text-align: justify;\"><em>&#8220;Tu ne porteras point de faux t\u00e9moignage contre ton prochain&#8221;<\/em>, dit-on <a href=\"https:\/\/saintebible.com\/deuteronomy\/5-20.htm\" target=\"_blank\" rel=\"noopener noreferrer\">depuis fort longtemps<\/a>&#8230;<\/p>\n<p style=\"text-align: center;\"><iframe loading=\"lazy\" src=\"https:\/\/www.youtube.com\/embed\/PlBBZmLYTp4\" width=\"640\" height=\"360\" frameborder=\"0\" allowfullscreen=\"allowfullscreen\"><\/iframe><\/p>\n<p style=\"text-align: center;\"><iframe loading=\"lazy\" src=\"https:\/\/www.youtube.com\/embed\/Q2JtapxiZJU\" width=\"640\" height=\"360\" frameborder=\"0\" allowfullscreen=\"allowfullscreen\"><span style=\"display: inline-block; width: 0px; overflow: hidden; line-height: 0;\" data-mce-type=\"bookmark\" class=\"mce_SELRES_start\">\ufeff<\/span><\/iframe><\/p>\n","protected":false},"excerpt":{"rendered":"<p>Au moment o\u00f9 un lobby ne repr\u00e9sentant rien des Fran\u00e7ais se r\u00e9jouit des ennuis, auxquels il contribue activement, de deux des plus valeureux d&#8217;entre eux, et des plus fran\u00e7ais aussi \u2014 par leur pens\u00e9e universaliste et leur attachement \u00e0 la libert\u00e9 d&#8217;expression \u2014 il me semble utile de contrer \u00e0 mon modeste niveau cette propagande [&hellip;]<\/p>\n","protected":false},"author":1,"featured_media":0,"comment_status":"open","ping_status":"open","sticky":false,"template":"","format":"video","meta":[],"categories":[4,133,5,29],"tags":[49,127,40,48,389,12],"_links":{"self":[{"href":"https:\/\/aitia.fr\/erd\/wp-json\/wp\/v2\/posts\/15407"}],"collection":[{"href":"https:\/\/aitia.fr\/erd\/wp-json\/wp\/v2\/posts"}],"about":[{"href":"https:\/\/aitia.fr\/erd\/wp-json\/wp\/v2\/types\/post"}],"author":[{"embeddable":true,"href":"https:\/\/aitia.fr\/erd\/wp-json\/wp\/v2\/users\/1"}],"replies":[{"embeddable":true,"href":"https:\/\/aitia.fr\/erd\/wp-json\/wp\/v2\/comments?post=15407"}],"version-history":[{"count":5,"href":"https:\/\/aitia.fr\/erd\/wp-json\/wp\/v2\/posts\/15407\/revisions"}],"predecessor-version":[{"id":15412,"href":"https:\/\/aitia.fr\/erd\/wp-json\/wp\/v2\/posts\/15407\/revisions\/15412"}],"wp:attachment":[{"href":"https:\/\/aitia.fr\/erd\/wp-json\/wp\/v2\/media?parent=15407"}],"wp:term":[{"taxonomy":"category","embeddable":true,"href":"https:\/\/aitia.fr\/erd\/wp-json\/wp\/v2\/categories?post=15407"},{"taxonomy":"post_tag","embeddable":true,"href":"https:\/\/aitia.fr\/erd\/wp-json\/wp\/v2\/tags?post=15407"}],"curies":[{"name":"wp","href":"https:\/\/api.w.org\/{rel}","templated":true}]}}