{"id":15198,"date":"2020-06-07T22:20:59","date_gmt":"2020-06-07T20:20:59","guid":{"rendered":"https:\/\/aitia.fr\/erd\/?p=15198"},"modified":"2020-06-07T22:20:59","modified_gmt":"2020-06-07T20:20:59","slug":"le-confinement-tout-ce-que-lon-ne-vous-a-pas-dit-aberration-humaine-sanitaire-economique-france-soir","status":"publish","type":"post","link":"https:\/\/aitia.fr\/erd\/le-confinement-tout-ce-que-lon-ne-vous-a-pas-dit-aberration-humaine-sanitaire-economique-france-soir\/","title":{"rendered":"Le confinement, tout ce que l\u2019on ne vous a pas dit : <br>aberration humaine, sanitaire, \u00e9conomique (France Soir)"},"content":{"rendered":"<p style=\"text-align: justify;\"><img decoding=\"async\" loading=\"lazy\" class=\"alignleft size-full wp-image-15200\" src=\"https:\/\/aitia.fr\/erd\/wp-content\/uploads\/2020\/06\/photo_article_confinement_field_mise_en_avant_principale_1_0.jpg\" alt=\"\" width=\"450\" height=\"283\" srcset=\"https:\/\/aitia.fr\/erd\/wp-content\/uploads\/2020\/06\/photo_article_confinement_field_mise_en_avant_principale_1_0.jpg 450w, https:\/\/aitia.fr\/erd\/wp-content\/uploads\/2020\/06\/photo_article_confinement_field_mise_en_avant_principale_1_0-300x189.jpg 300w\" sizes=\"(max-width: 450px) 100vw, 450px\" \/>[<em>Note de l&#8217;administrateur de ce blog : l&#8217;int\u00e9r\u00eat de cet article est non seulement de d\u00e9crire avec justesse la crise sanitaire qui vient d&#8217;avoir lieu, mais aussi de prouver que la &#8220;grande&#8221; presse n&#8217;a maintenant plus peur d&#8217;aborder des questions qui f\u00e2chent, et de laisser enfin s&#8217;exprimer la v\u00e9ritable \u00e9lite de ce pays, au lieu de la petite caste qui en a pirat\u00e9 les postes de commande. <\/em><\/p>\n<p style=\"text-align: justify;\"><em>Un parall\u00e8le me vient imm\u00e9diatement \u00e0 l&#8217;esprit dans la presse scientifique : le coup d&#8217;\u00e9clat de <\/em>Europhysics News<em> qui osa publier pour le quinzi\u00e8me anniversaire des attentats du 11-Septembre un article d\u00e9montrant que l&#8217;effondrement ce jour-l\u00e0 des trois gratte-ciel du <\/em>World Trade Center<em> <a href=\"https:\/\/aitia.fr\/erd\/la-societe-europeenne-de-physique-vire-complotiste\/\" target=\"_blank\" rel=\"noopener noreferrer\">\u00e9tait n\u00e9cessairement le r\u00e9sultat d&#8217;une d\u00e9molition volontaire<\/a>. M\u00eame si la &#8220;communaut\u00e9 scientifique&#8221; est encore <a href=\"https:\/\/aitia.fr\/erd\/11-septembre-la-faillite-des-institutions\/\" target=\"_blank\" rel=\"noopener noreferrer\">bien loin d&#8217;avoir pris les responsabilit\u00e9s<\/a> qui sont les siennes en ce domaine (nous y reviendrons, un certain virus ayant ces derniers temps un peu monopolis\u00e9 l&#8217;attention), l&#8217;\u00e9v\u00e9nement provoqua quand m\u00eame une prise de conscience chez beaucoup d&#8217;endormis.<\/em><\/p>\n<p style=\"text-align: justify;\"><em>En touchant un public encore plus large \u2014 m\u00eame s&#8217;il n&#8217;est que fran\u00e7ais \u2014 France Soir vient ici, gr\u00e2ce au docteur G\u00e9rard Del\u00e9pine, de faire tomber une digue. Sachons appr\u00e9cier l&#8217;importance de l&#8217;\u00e9v\u00e9nement, et rappelons-nous que peu de temps avant la chute du mur de Berlin, un tas d&#8217;experts affirmaient encore qu&#8217;il n&#8217;avait aucune chance de tomber.<\/em>]<\/p>\n<hr \/>\n<p><em>par le Dr G\u00e9rard Del\u00e9pine, chirurgien oncologue, statisticien, et Xavier Azalbert<\/em><\/p>\n<p style=\"text-align: justify;\">ANALYSE : Le communiqu\u00e9 du 2 juin du conseil scientifique <strong>se d\u00e9cerne un satisf\u00e9cit sans regarder les faits et tente par des sc\u00e9narios improbables <\/strong>(issues de mod\u00e9lisation erron\u00e9es) de faire perdurer <strong>la peur qui paralyse <\/strong>la population et l\u2019emp\u00eache de <strong>d\u00e9fendre ses libert\u00e9s<\/strong>.\u00a0 Ainsi il pr\u00e9tend sans avoir \u00e9tudi\u00e9 cette cin\u00e9tique :<\/p>\n<blockquote>\n<p style=\"text-align: justify;\"><em><strong>\u00ab\u00a0La p\u00e9riode du confinement a permis de ralentir la dynamique de l\u2019\u00e9pid\u00e9mie de fa\u00e7on marqu\u00e9e\u00a0\u00bb <\/strong><\/em><\/p>\n<\/blockquote>\n<p><\/p>\n<p style=\"text-align: justify;\">L&#8217;utilisation des analyses de rupture de tendance lui aurait permis de constater que le <strong>confinement aveugle et policier \u00e0 la fran\u00e7aise <\/strong>n\u2019a \u00e9t\u00e9 suivi du <strong>moindre ralentissement des contaminations dans aucun des pays<\/strong> qui l\u2019a pratiqu\u00e9 et que la <strong>baisse des contaminations a \u00e9t\u00e9 observ\u00e9e bien plus tard<\/strong> (5 semaines) et <strong>naturellement <\/strong>de la m\u00eame mani\u00e8re dans les pays confin\u00e9s ou pas.<\/p>\n<blockquote>\n<p style=\"text-align: justify;\">La comparaison entre la Belgique et les Pays bas permet de sugg\u00e9rer m\u00eame que le <strong>confinement strict acc\u00e9l\u00e8re les contaminations<\/strong>.<\/p>\n<\/blockquote>\n<p>&nbsp;<br \/>\n<a href=\"http:\/\/www.francesoir.fr\/le-confinement-tout-ce-que-lon-ne-vous-pas-dit-aberration-humaine-sanitaire-economique\" target=\"_blank\" rel=\"noopener noreferrer\">Continuer la lecture sur France Soir \u2192<\/a><\/p>\n","protected":false},"excerpt":{"rendered":"<p>[Note de l&#8217;administrateur de ce blog : l&#8217;int\u00e9r\u00eat de cet article est non seulement de d\u00e9crire avec justesse la crise sanitaire qui vient d&#8217;avoir lieu, mais aussi de prouver que la &#8220;grande&#8221; presse n&#8217;a maintenant plus peur d&#8217;aborder des questions qui f\u00e2chent, et de laisser enfin s&#8217;exprimer la v\u00e9ritable \u00e9lite de ce pays, au lieu [&hellip;]<\/p>\n","protected":false},"author":1,"featured_media":0,"comment_status":"open","ping_status":"open","sticky":false,"template":"","format":"standard","meta":[],"categories":[4,134,29],"tags":[1762,1561,1521,1542,1763,1524,739,1761,1759,1569,48,481,1265,1760],"_links":{"self":[{"href":"https:\/\/aitia.fr\/erd\/wp-json\/wp\/v2\/posts\/15198"}],"collection":[{"href":"https:\/\/aitia.fr\/erd\/wp-json\/wp\/v2\/posts"}],"about":[{"href":"https:\/\/aitia.fr\/erd\/wp-json\/wp\/v2\/types\/post"}],"author":[{"embeddable":true,"href":"https:\/\/aitia.fr\/erd\/wp-json\/wp\/v2\/users\/1"}],"replies":[{"embeddable":true,"href":"https:\/\/aitia.fr\/erd\/wp-json\/wp\/v2\/comments?post=15198"}],"version-history":[{"count":7,"href":"https:\/\/aitia.fr\/erd\/wp-json\/wp\/v2\/posts\/15198\/revisions"}],"predecessor-version":[{"id":15206,"href":"https:\/\/aitia.fr\/erd\/wp-json\/wp\/v2\/posts\/15198\/revisions\/15206"}],"wp:attachment":[{"href":"https:\/\/aitia.fr\/erd\/wp-json\/wp\/v2\/media?parent=15198"}],"wp:term":[{"taxonomy":"category","embeddable":true,"href":"https:\/\/aitia.fr\/erd\/wp-json\/wp\/v2\/categories?post=15198"},{"taxonomy":"post_tag","embeddable":true,"href":"https:\/\/aitia.fr\/erd\/wp-json\/wp\/v2\/tags?post=15198"}],"curies":[{"name":"wp","href":"https:\/\/api.w.org\/{rel}","templated":true}]}}