{"id":14872,"date":"2020-05-02T07:44:15","date_gmt":"2020-05-02T05:44:15","guid":{"rendered":"https:\/\/aitia.fr\/erd\/?p=14872"},"modified":"2020-05-02T07:49:53","modified_gmt":"2020-05-02T05:49:53","slug":"covid-comment-osez-vous-dire-ca-me-dit-on-parfois-anthropo-logiques","status":"publish","type":"post","link":"https:\/\/aitia.fr\/erd\/covid-comment-osez-vous-dire-ca-me-dit-on-parfois-anthropo-logiques\/","title":{"rendered":"Covid : &#8220;Comment osez-vous dire \u00e7a ?!&#8221; me dit-on parfois&#8230; (Anthropo-logiques)"},"content":{"rendered":"<p style=\"text-align: justify;\"><img decoding=\"async\" loading=\"lazy\" class=\"alignleft size-full wp-image-14874\" src=\"https:\/\/aitia.fr\/erd\/wp-content\/uploads\/2020\/05\/cole\u0300re-te\u0301le\u0301phone.jpg\" alt=\"\" width=\"450\" height=\"446\" srcset=\"https:\/\/aitia.fr\/erd\/wp-content\/uploads\/2020\/05\/cole\u0300re-te\u0301le\u0301phone.jpg 450w, https:\/\/aitia.fr\/erd\/wp-content\/uploads\/2020\/05\/cole\u0300re-te\u0301le\u0301phone-300x297.jpg 300w, https:\/\/aitia.fr\/erd\/wp-content\/uploads\/2020\/05\/cole\u0300re-te\u0301le\u0301phone-150x150.jpg 150w\" sizes=\"(max-width: 450px) 100vw, 450px\" \/>[<em>Note de l&#8217;administrateur de ce blog : une mise au point de Jean-Dominique Michel apr\u00e8s les insultes et autres r\u00e9actions hyst\u00e9riques qu&#8217;il a re\u00e7ues suite \u00e0 <a href=\"https:\/\/aitia.fr\/erd\/video-anatomie-dun-desastre-avec-jean-dominique-michel-phusis-ch\/\" target=\"_blank\" rel=\"noopener noreferrer\">son entretien avec athle.ch<\/a>. <\/em><\/p>\n<p style=\"text-align: justify;\"><em>Analyser froidement et rationnellement la r\u00e9alit\u00e9 d&#8217;une \u00e9pid\u00e9mie (et des r\u00e9actions gouvernementales \u00e0 cette \u00e9pid\u00e9mie), ou se vautrer dans l&#8217;\u00e9motionnel pur afin d&#8217;\u00eatre bien s\u00fbr de ne rien apprendre de cette crise, telle est la question&#8230;<\/em><\/p>\n<p style=\"text-align: justify;\"><em>On pourra lire aussi avec grand int\u00e9r\u00eat, du m\u00eame auteur, <a href=\"http:\/\/jdmichel.blog.tdg.ch\/archive\/2020\/04\/27\/covid-le-blues-des-toubibs-306120.html\" target=\"_blank\" rel=\"noopener noreferrer\">&#8220;Covid : le Blues des Toubibs&#8221;<\/a>.<\/em>]<\/p>\n<hr \/>\n<p style=\"text-align: left;\"><em><strong>par Jean-Dominique Michel, MSc anthropologie m\u00e9dicale, expert en sant\u00e9 publique, Gen\u00e8ve.<\/strong><\/em><\/p>\n<p style=\"text-align: justify;\">J&#8217;ai re\u00e7u de vigoureuses interpellations dans l&#8217;athl\u00e9tique foul\u00e9e\u00a0 (1&#8217;000&#8217;000 de vues en quatre jours !) de <a href=\"https:\/\/phusis.ch\/2020\/04\/26\/video-anatomie-dun-desastre-avec-jean-dominique-michel\/\" target=\"_blank\" rel=\"noopener noreferrer\">l&#8217;entretien publi\u00e9<\/a> sur les sites PHUSIS et ATHLE.<\/p>\n<p style=\"text-align: justify;\">Celle du Pr Philippe Morel, professeur de chirurgie retrait\u00e9 bien connu des Genevois, grand pionnier des transplantations d&#8217;organes.\u00a0 Mais aussi d&#8217;autres venant de personnes m&#8217;accusant d&#8217;irresponsabilit\u00e9 quant aux propos que j&#8217;avais tenu et contestant avec conviction mais aussi col\u00e8re les donn\u00e9es que j&#8217;indiquais \u00e0 l&#8217;appui de mes analyses. Le message suivant, je crois synth\u00e9tise bien le fonds du reproche qui m&#8217;est fait :<\/p>\n<blockquote><p><em>&#8220;Tous les scientifiques naviguent a vue avec cette saloperie sauf vous &#8220;le messie&#8221;.<\/em><\/p>\n<p>Je pense que si vous aviez eu la possibilit\u00e9 de passer 24 heures, il y a 10 jours, dans dans un grand service de r\u00e9animation Parisien, Madril\u00e8ne, ou Milanais vous auriez une autre approche des choses.&#8221;<\/p><\/blockquote>\n<p>&nbsp;<\/p>\n<p style=\"text-align: justify;\">Je comprends ces r\u00e9actions, et je respecte profond\u00e9ment l&#8217;\u00e9motion qui les fonde. Nous en sommes venus \u00e0 \u00eatre m\u00e9fiants en Occident (et peut-\u00eatre plus encore en Suisse) \u00e0 l&#8217;encontre des \u00e9motions. Je les vois pour ma part comme l&#8217;expression toujours l\u00e9gitime de besoins en souffrance. Il convient d\u00e8s lors de comprendre ce qui les d\u00e9clenche et \u00e0 quoi ou \u00e0 qui elles s&#8217;adressent&#8230;<\/p>\n<p style=\"text-align: justify;\">Et oui, sinc\u00e8rement, je comprends ces r\u00e9actions.Le b.a.-ba de l&#8217;\u00e9pist\u00e9mologie (comme de l&#8217;intelligence \u00e9motionnelle et relationnelle) est de savoir que tout point de vue d\u00e9pend de la place qu&#8217;occupe celui qui l&#8217;\u00e9nonce.<\/p>\n<p style=\"text-align: justify;\">Et oui, je comprends tout \u00e0 fait l&#8217;id\u00e9e qu&#8217;un intellectuel bien au chaud dans son bureau, glosant sur la &#8220;<em>banalit\u00e9<\/em>&#8221; d&#8217;une \u00e9pid\u00e9mie alors que les \u00e9quipes d&#8217;urgences des h\u00f4pitaux sont confront\u00e9es jour apr\u00e8s jour non seulement \u00e0 la surcharge mais encore \u00e0 l&#8217;horreur de situations cliniques \u00e9pouvantables, puisse susciter une l\u00e9gitime col\u00e8re.<\/p>\n<p style=\"text-align: justify;\">Les lecteurs fid\u00e8les de mon blog seront t\u00e9moins que je me suis d\u00e9j\u00e0 ouvert du confort possiblement choquant de cette position.<\/p>\n<p style=\"text-align: justify;\">Comme du fait que j&#8217;ai dit et redit mon admiration mais aussi mon bouleversement de voir ces \u00e9quipes de professionnels monter au front pour faire face \u00e0 l&#8217;horreur. Souvent (un peu moins en Suisse il est vrai) avec peu de moyens, dans les conditions si difficiles d&#8217;un h\u00f4pital public en souffrance chronique et manquant \u00e0 peu pr\u00e8s de tout.<\/p>\n<p style=\"text-align: justify;\">Allant jusqu&#8217;au pire de ces situations v\u00e9cues dans certains Ehpad en France, comme celui \u00e0 Paris dont un tiers des r\u00e9sidentes et r\u00e9sidents gisaient morts sur leurs lits tandis que les pompes fun\u00e8bres ne venaient plus chercher les d\u00e9funts, que le tiers des professionnels \u00e9taient eux-m\u00eames malades ou n&#8217;osaient plus venir travailler et que les r\u00e9sidents survivant(e)s vivaient terr\u00e9s et isol\u00e9s dans cet enfer sur terre.<\/p>\n<p><a href=\"http:\/\/jdmichel.blog.tdg.ch\/archive\/2020\/04\/28\/covid-comment-osez-vous-dire-ca-me-dit-on-parfois-306147.html\" target=\"_blank\" rel=\"noopener noreferrer\">Continuer la lecture sur Anthropo-logiques \u2192<\/a><\/p>\n","protected":false},"excerpt":{"rendered":"<p>[Note de l&#8217;administrateur de ce blog : une mise au point de Jean-Dominique Michel apr\u00e8s les insultes et autres r\u00e9actions hyst\u00e9riques qu&#8217;il a re\u00e7ues suite \u00e0 son entretien avec athle.ch. Analyser froidement et rationnellement la r\u00e9alit\u00e9 d&#8217;une \u00e9pid\u00e9mie (et des r\u00e9actions gouvernementales \u00e0 cette \u00e9pid\u00e9mie), ou se vautrer dans l&#8217;\u00e9motionnel pur afin d&#8217;\u00eatre bien s\u00fbr [&hellip;]<\/p>\n","protected":false},"author":1,"featured_media":0,"comment_status":"open","ping_status":"open","sticky":false,"template":"","format":"standard","meta":[],"categories":[4,134,29],"tags":[1686,1521,1542,1524,1684,1546,847],"_links":{"self":[{"href":"https:\/\/aitia.fr\/erd\/wp-json\/wp\/v2\/posts\/14872"}],"collection":[{"href":"https:\/\/aitia.fr\/erd\/wp-json\/wp\/v2\/posts"}],"about":[{"href":"https:\/\/aitia.fr\/erd\/wp-json\/wp\/v2\/types\/post"}],"author":[{"embeddable":true,"href":"https:\/\/aitia.fr\/erd\/wp-json\/wp\/v2\/users\/1"}],"replies":[{"embeddable":true,"href":"https:\/\/aitia.fr\/erd\/wp-json\/wp\/v2\/comments?post=14872"}],"version-history":[{"count":10,"href":"https:\/\/aitia.fr\/erd\/wp-json\/wp\/v2\/posts\/14872\/revisions"}],"predecessor-version":[{"id":14883,"href":"https:\/\/aitia.fr\/erd\/wp-json\/wp\/v2\/posts\/14872\/revisions\/14883"}],"wp:attachment":[{"href":"https:\/\/aitia.fr\/erd\/wp-json\/wp\/v2\/media?parent=14872"}],"wp:term":[{"taxonomy":"category","embeddable":true,"href":"https:\/\/aitia.fr\/erd\/wp-json\/wp\/v2\/categories?post=14872"},{"taxonomy":"post_tag","embeddable":true,"href":"https:\/\/aitia.fr\/erd\/wp-json\/wp\/v2\/tags?post=14872"}],"curies":[{"name":"wp","href":"https:\/\/api.w.org\/{rel}","templated":true}]}}