{"id":14808,"date":"2020-04-29T12:57:29","date_gmt":"2020-04-29T10:57:29","guid":{"rendered":"https:\/\/aitia.fr\/erd\/?p=14808"},"modified":"2020-04-29T21:42:26","modified_gmt":"2020-04-29T19:42:26","slug":"video-anatomie-dun-desastre-avec-jean-dominique-michel-phusis-ch","status":"publish","type":"post","link":"https:\/\/aitia.fr\/erd\/video-anatomie-dun-desastre-avec-jean-dominique-michel-phusis-ch\/","title":{"rendered":"Vid\u00e9o | Anatomie d\u2019un d\u00e9sastre avec <br>Jean-Dominique Michel (phusis.ch)"},"content":{"rendered":"<p style=\"text-align: justify;\"><a href=\"https:\/\/www.cultura.com\/covid-19-anatomie-d-une-crise-tea-9782379312922.html\" target=\"_blank\" rel=\"noopener noreferrer\"><img decoding=\"async\" loading=\"lazy\" class=\"alignleft wp-image-14834 size-full\" src=\"https:\/\/aitia.fr\/erd\/wp-content\/uploads\/2020\/04\/COVID-Jean-Dominique-Michel.png\" alt=\"\" width=\"312\" height=\"500\" srcset=\"https:\/\/aitia.fr\/erd\/wp-content\/uploads\/2020\/04\/COVID-Jean-Dominique-Michel.png 416w, https:\/\/aitia.fr\/erd\/wp-content\/uploads\/2020\/04\/COVID-Jean-Dominique-Michel-187x300.png 187w\" sizes=\"(max-width: 312px) 100vw, 312px\" \/><\/a>[<em>Note (longue&#8230;) de l&#8217;administrateur de ce blog : rien de tel que prendre un peu de recul, ou de hauteur, pour mieux cerner un probl\u00e8me. J&#8217;ai d\u00e9j\u00e0 repris sur ce blog quelques articles de l&#8217;anthropologue m\u00e9dical suisse Jean-Dominique Michel (<a href=\"https:\/\/aitia.fr\/erd\/covid-19-fin-de-partie-anthropo-logiques\/\" target=\"_blank\" rel=\"noopener noreferrer\">ici<\/a>, <a href=\"https:\/\/aitia.fr\/erd\/hydroxychloroquine-comment-la-mauvaise-science-est-devenue-une-religion-anthropo-logiques\/\" target=\"_blank\" rel=\"noopener noreferrer\">ici<\/a>, <a href=\"https:\/\/aitia.fr\/erd\/covid-et-mensonge-detat-en-france-anthropo-logiques\/\" target=\"_blank\" rel=\"noopener noreferrer\">ici<\/a> ou encore <a href=\"https:\/\/aitia.fr\/erd\/covid-combien-de-morts-inutiles-et-comment-je-me-suis-gueri-avec-lhydroxychloroquine-anthropo-logiques\/\" target=\"_blank\" rel=\"noopener noreferrer\">l\u00e0<\/a>), particuli\u00e8rement productif pendant cette crise sanitaire. Je suis tr\u00e8s heureux aujourd&#8217;hui de pouvoir relayer cet <strong>entretien vid\u00e9o<\/strong> d&#8217;une grande profondeur \u2014 et d&#8217;une grande longueur : 1 heure et 9 minutes \u2014 qui montre qu&#8217;on peut encore faire du vrai journalisme&#8230; surtout quand on n&#8217;est pas journaliste professionnel.<\/em><\/p>\n<p style=\"text-align: justify;\"><em>Il est difficile de r\u00e9sumer en quelques mots cet entretien-coup de poing. Jean-Dominique Michel est \u00e0 la fois tr\u00e8s direct \u2014 il parle de &#8220;l&#8217;imb\u00e9cillit\u00e9 technique&#8221; de nos soci\u00e9t\u00e9s pr\u00e9tendument avanc\u00e9es ; ass\u00e8ne &#8220;ce qui \u00e9tait inenvisageable il y a 30 ans c&#8217;est que le fascisme est de retour, mais chez nous&#8221; \u2014 et tr\u00e8s acad\u00e9mique, en ce sens qu&#8217;il n&#8217;avance que des choses parfaitement d\u00e9montr\u00e9es, connues et publi\u00e9es de longue date pour certaines, qui lui permettent d&#8217;\u00e9clairer la crise actuelle avec sa comp\u00e9tence d&#8217;anthropologue plut\u00f4t que de subir passivement une propagande ambiante d\u00e9lirante, culpabilisante et terrorisante. Par exemple, il rappelle qu&#8217;il y a 100 fois moins de morts par million d&#8217;habitants en Cor\u00e9e du Sud qu&#8217;en Espagne&#8230; alors qu&#8217;il n&#8217;y a pas eu dans le premier pays de confinement g\u00e9n\u00e9ral de la population. Retenons quelques phrases :<\/em><\/p>\n<blockquote>\n<p style=\"text-align: justify;\"><em>&#8220;Le constat, c&#8217;est que la presse n&#8217;existe plus.&#8221;<\/em><\/p>\n<p style=\"text-align: justify;\"><em>&#8220;On sait depuis 15 ans que l&#8217;essentiel de la production scientifique dans le domaine m\u00e9dical est falsifi\u00e9.&#8221;<\/em><\/p>\n<p style=\"text-align: justify;\"><em>&#8220;On chausse ses bottes de sept lieues dans l&#8217;ignorance.&#8221;<\/em><\/p>\n<p style=\"text-align: justify;\"><em>&#8220;Le confinement est le pire cas de figure pour faire flamber une \u00e9pid\u00e9mie.&#8221;<\/em><\/p>\n<\/blockquote>\n<p><\/p>\n<p style=\"text-align: justify;\"><em>L&#8217;anthropologue est particuli\u00e8rement horrifi\u00e9 par le sort r\u00e9serv\u00e9 aux a\u00een\u00e9s dans les maisons de retraite :<\/em><\/p>\n<blockquote>\n<p style=\"text-align: justify;\"><em>&#8220;On est entr\u00e9 dans un isolement durable, et l\u00e0 c&#8217;est la pointe qui tue pour les <a href=\"https:\/\/fr.wikipedia.org\/wiki\/Maison_de_retraite#%C3%89tablissement_d'h%C3%A9bergement_pour_personnes_%C3%A2g%C3%A9es_d%C3%A9pendantes_(EHPAD)\" target=\"_blank\" rel=\"noopener noreferrer\">EHPAD<\/a> et les <a href=\"https:\/\/fr.wikipedia.org\/wiki\/Maison_de_retraite#Suisse\" target=\"_blank\" rel=\"noopener noreferrer\">EMS<\/a> : on sait depuis plus de 10 ans que la richesse des liens sociaux qu&#8217;a une personne a un impact majeur sur la sant\u00e9. Et notamment parce que, quand on est en perte de lien social, il y a un \u00e9tat inflammatoire qui s&#8217;installe, avec un nombre \u00e9lev\u00e9 de cytokines circulant dans le sang. [&#8230;] L\u00e0, on a isol\u00e9 des centaines de milliers de personnes de mani\u00e8re durable. \u00catre isol\u00e9 une semaine, on y arrive tous. \u00catre isol\u00e9 un mois et demi, on devient tous atteints, profond\u00e9ment. Donc, vous atteignez ces personnes, elles ont des flamb\u00e9es de cytokines, et on sait aujourd&#8217;hui que les cytokines sont le r\u00e9actif qui font du COVID-19 une maladie mortelle. [&#8230;] Et l\u00e0 on est vraiment dans quelque chose qui est, sur le plan \u00e9thique, abominable, consternant, je ne sais pas, il n&#8217;y a pas de mots, c&#8217;est navrant puissance dix.&#8221;<\/em><\/p>\n<\/blockquote>\n<p>&nbsp;<br \/>\n<!--more--><\/p>\n<p style=\"text-align: justify;\"><em>\u00c0 la fin de l&#8217;entretien, Jean-Dominique Michel tord le cou au dogme pasteurien \u2014 encore suffisamment pr\u00e9gnant pour terroriser les populations par une propagande mensong\u00e8re \u2014 en s&#8217;appuyant sur les savoirs scientifiques les plus r\u00e9cents :<\/em><\/p>\n<blockquote>\n<p style=\"text-align: justify;\"><em>&#8220;En microbiologie, il y a eu une \u00e9volution majeure qui s&#8217;est faite ces derni\u00e8res d\u00e9cennies, qui a \u00e9t\u00e9 de comprendre que nous avions besoin des microbes, et notamment de vivre en bonne intelligence avec eux. Depuis Pasteur, on \u00e9tait plut\u00f4t dans la logique que les microbes c&#8217;est dangereux, qu&#8217;on est entour\u00e9s de dangers et qu&#8217;il faut lutter contre donc st\u00e9riliser, et puis&#8230;<\/em><\/p>\n<p><em>\u2014 (journaliste) D&#8217;o\u00f9 la soci\u00e9t\u00e9 hygi\u00e9niste&#8230;<\/em><\/p>\n<p style=\"text-align: justify;\"><em>\u2014 &#8230; hygi\u00e9niste, et, dieu merci, les antibiotiques qui permettent de d\u00e9truire certaines bact\u00e9ries. Avec la d\u00e9couverte du microbiote, de ce kilo et demi de bact\u00e9ries amies qu&#8217;on a dans le tube digestif \u2014 il y en a plus que nous n&#8217;avons de cellules dans le corps, et on a besoin de ces bact\u00e9ries pour vivre ; sans elles, on ne peut pas dig\u00e9rer certains aliments, on n&#8217;a pas d&#8217;immunit\u00e9, on n&#8217;a pas certains neurotransmetteurs, la s\u00e9rotonine semblerait produite \u00e0 hauteur de 90 % par certaines bact\u00e9ries \u2014 et puis que, la population de notre microbiote refl\u00e8te notre \u00e9tat de sant\u00e9 et notre exposition \u00e0 des facteurs toxiques. [&#8230;] Cette collaboration avec des bact\u00e9ries est essentielle \u00e0 notre sant\u00e9, donc d\u00e9j\u00e0 \u00e7a change notre relation au monde invisible, mais il y a aussi beaucoup de questions aujourd&#8217;hui autour du <a href=\"https:\/\/fr.wikipedia.org\/wiki\/Virus#Virome\" target=\"_blank\" rel=\"noopener noreferrer\">virome<\/a>, on h\u00e9berge aussi des milliers de milliards de virus en permanence, et je dirais que le projet \u00e9volutif \u2014 si tant est qu&#8217;une esp\u00e8ce de virus ait un projet \u2014 est de vivre en symbiose avec l&#8217;\u00eatre humain. Aujourd&#8217;hui, plus de 80% de la population est porteur du virus de l&#8217;herp\u00e8s, mais pour l&#8217;immense majorit\u00e9 des gens sans aucun probl\u00e8me pour la sant\u00e9. \u00c7a, j&#8217;ai envie de dire, c&#8217;est le succ\u00e8s du virus : il vit en bonne intelligence avec notre esp\u00e8ce sans cr\u00e9er de d\u00e9g\u00e2ts. Et ce qu&#8217;on voit d&#8217;ailleurs avec les virus \u00e9mergents, c&#8217;est que souvent il y a une att\u00e9nuation de leur gravit\u00e9 : dans un premier temps, c&#8217;est comme si la rencontre entre le nouveau virus et l&#8217;immunit\u00e9 humaine produisait une esp\u00e8ce de chaos dramatique, et puis \u00e7a se lisse avec le temps et le virus est moins dangereux.&#8221;<\/em><\/p>\n<\/blockquote>\n<p><\/p>\n<p style=\"text-align: justify;\"><em>On notera aussi, pour terminer, une interrogation sur le v\u00e9ritable danger du changement climatique, via la fonte du perg\u00e9lisol (permafrost en anglais), qui change un peu des col\u00e8res hyst\u00e9riques de la petite Su\u00e9doise \u00e0 couettes&#8230;<\/em><\/p>\n<p style=\"text-align: justify;\"><em>Sans doute Jean-Dominique Michel est-il un homme trop rationnel et \u00e9quilibr\u00e9 pour pouvoir envisager que le d\u00e9sastre actuel dans la gestion de la crise \u2014 qu&#8217;il analyse <a href=\"https:\/\/www.cultura.com\/covid-19-anatomie-d-une-crise-tea-9782379312922.html\" target=\"_blank\" rel=\"noopener noreferrer\">dans un livre \u00e0 para\u00eetre<\/a> \u2014 soit autre chose que le r\u00e9sultat d&#8217;une &#8220;imb\u00e9cillit\u00e9 technique&#8221;, d&#8217;une incapacit\u00e9 syst\u00e9mique \u00e0 agir de fa\u00e7on rapide et rationnelle, et pas au contraire le r\u00e9sultat de la man\u0153uvre <strong>d\u00e9lib\u00e9r\u00e9e<\/strong> d&#8217;un syst\u00e8me politico-m\u00e9diatique en perdition et accul\u00e9, cherchant le moyen de contr\u00f4ler la population pour emp\u00eacher la r\u00e9volte qui l&#8217;emportera. Il se borne donc \u00e0 constater que des milliers de morts auraient pu \u00eatre \u00e9vit\u00e9es, et que l&#8217;\u00e9conomie aurait pu ne pas \u00eatre mis en coma artificiel ; \u00e0 chacun de d\u00e9cider si ce d\u00e9sastre pour le plus grand nombre a \u00e9t\u00e9 commis par quelques-uns pour tenter \u00e9go\u00efstement de &#8220;sauver leur peau&#8221;, ou pas. Mais tans tous les cas, il sera utile <a href=\"https:\/\/citations.ouest-france.fr\/citation-alexis-de-tocqueville\/nation-fatiguee-longs-debats-consent-105183.html\" target=\"_blank\" rel=\"noopener noreferrer\">de relire Tocqueville<\/a>.<\/em>]<\/p>\n<hr \/>\n<p style=\"text-align: justify;\"><strong>Covid-19 | PHUSIS et ATHLE.ch se sont rendus \u00e0 Gen\u00e8ve pour rencontrer Jean-Dominique Michel, un des plus grands sp\u00e9cialistes mondiaux de sant\u00e9 publique. Personnalit\u00e9 m\u00e9diatique de longue date en terres romandes, il est boud\u00e9 par les services publics et grands m\u00e9dias suisses durant la crise. 66 minutes de discussion pleine de sagacit\u00e9 et d\u2019ouverture \u2013 et sans langue de bois \u2013 qui raconte et met en perspective le moment sid\u00e9rant, \u00e9nigmatique et inqui\u00e9tant que nous vivons.<\/strong><\/p>\n<p style=\"text-align: center;\"><iframe loading=\"lazy\" style=\"border: none; overflow: hidden;\" src=\"https:\/\/www.facebook.com\/plugins\/video.php?href=https%3A%2F%2Fwww.facebook.com%2FPHUSIS.ch%2Fvideos%2F279673346520557%2F&amp;show_text=0&amp;width=640\" width=\"640\" height=\"360\" frameborder=\"0\" scrolling=\"no\" allowfullscreen=\"allowfullscreen\"><span style=\"display: inline-block; width: 0px; overflow: hidden; line-height: 0;\" data-mce-type=\"bookmark\" class=\"mce_SELRES_start\">\ufeff<\/span><\/iframe><\/p>\n<p style=\"text-align: justify;\"><a href=\"https:\/\/phusis.ch\/2020\/04\/26\/video-anatomie-dun-desastre-avec-jean-dominique-michel\/\" target=\"_blank\" rel=\"noopener noreferrer\">Continuer la lecture sur phusis.ch \u2192<\/a><\/p>\n","protected":false},"excerpt":{"rendered":"<p>[Note (longue&#8230;) de l&#8217;administrateur de ce blog : rien de tel que prendre un peu de recul, ou de hauteur, pour mieux cerner un probl\u00e8me. J&#8217;ai d\u00e9j\u00e0 repris sur ce blog quelques articles de l&#8217;anthropologue m\u00e9dical suisse Jean-Dominique Michel (ici, ici, ici ou encore l\u00e0), particuli\u00e8rement productif pendant cette crise sanitaire. Je suis tr\u00e8s heureux [&hellip;]<\/p>\n","protected":false},"author":1,"featured_media":0,"comment_status":"open","ping_status":"open","sticky":false,"template":"","format":"video","meta":[],"categories":[4,133,3,29],"tags":[1686,1521,1542,1524,1687,252,1573,1684,12],"_links":{"self":[{"href":"https:\/\/aitia.fr\/erd\/wp-json\/wp\/v2\/posts\/14808"}],"collection":[{"href":"https:\/\/aitia.fr\/erd\/wp-json\/wp\/v2\/posts"}],"about":[{"href":"https:\/\/aitia.fr\/erd\/wp-json\/wp\/v2\/types\/post"}],"author":[{"embeddable":true,"href":"https:\/\/aitia.fr\/erd\/wp-json\/wp\/v2\/users\/1"}],"replies":[{"embeddable":true,"href":"https:\/\/aitia.fr\/erd\/wp-json\/wp\/v2\/comments?post=14808"}],"version-history":[{"count":41,"href":"https:\/\/aitia.fr\/erd\/wp-json\/wp\/v2\/posts\/14808\/revisions"}],"predecessor-version":[{"id":14864,"href":"https:\/\/aitia.fr\/erd\/wp-json\/wp\/v2\/posts\/14808\/revisions\/14864"}],"wp:attachment":[{"href":"https:\/\/aitia.fr\/erd\/wp-json\/wp\/v2\/media?parent=14808"}],"wp:term":[{"taxonomy":"category","embeddable":true,"href":"https:\/\/aitia.fr\/erd\/wp-json\/wp\/v2\/categories?post=14808"},{"taxonomy":"post_tag","embeddable":true,"href":"https:\/\/aitia.fr\/erd\/wp-json\/wp\/v2\/tags?post=14808"}],"curies":[{"name":"wp","href":"https:\/\/api.w.org\/{rel}","templated":true}]}}