{"id":14788,"date":"2020-04-26T08:59:23","date_gmt":"2020-04-26T06:59:23","guid":{"rendered":"https:\/\/aitia.fr\/erd\/?p=14788"},"modified":"2020-04-26T09:03:13","modified_gmt":"2020-04-26T07:03:13","slug":"coronavirus-lerreur-systeme-antipresse","status":"publish","type":"post","link":"https:\/\/aitia.fr\/erd\/coronavirus-lerreur-systeme-antipresse\/","title":{"rendered":"Coronavirus, l\u2019erreur syst\u00e8me (Antipresse)"},"content":{"rendered":"<p style=\"text-align: justify;\"><strong><img decoding=\"async\" loading=\"lazy\" class=\"alignleft wp-image-14790\" src=\"https:\/\/aitia.fr\/erd\/wp-content\/uploads\/2020\/04\/AP230bt-spinosa.png\" alt=\"\" width=\"394\" height=\"350\" srcset=\"https:\/\/aitia.fr\/erd\/wp-content\/uploads\/2020\/04\/AP230bt-spinosa.png 489w, https:\/\/aitia.fr\/erd\/wp-content\/uploads\/2020\/04\/AP230bt-spinosa-300x267.png 300w\" sizes=\"(max-width: 394px) 100vw, 394px\" \/><\/strong>[<em>Note de l&#8217;administrateur de ce blog : voici un nouvel article de l&#8217;Antipresse, qui tombe \u00e0 pic pour commencer \u00e0 faire un bilan de la crise COVID-19 qui ne soit pas un simple et stupide d\u00e9compte des morts. Et o\u00f9 l&#8217;on reparle de Prevotella, <a href=\"https:\/\/aitia.fr\/erd\/covid-19-et-si-lorage-de-cytokines-qui-tue-les-victimes-etait-provoque-par-la-bacterie-prevotella-agoravox\/\" target=\"_blank\" rel=\"noopener noreferrer\">la bact\u00e9rie suspecte<\/a>&#8230;<\/em><\/p>\n<p style=\"text-align: justify;\"><em>J&#8217;invite, bien entendu, tous mes lecteurs \u00e0 <a href=\"https:\/\/antipresse.net\/abonnements\/\" target=\"_blank\" rel=\"noopener noreferrer\">s&#8217;abonner \u00e0 l&#8217;Antipresse<\/a>, cette presse qui fait face aux \u00e9v\u00e9nements et montre ce que la &#8220;grande&#8221; devrait \u00eatre si la d\u00e9ontologie faisait encore partie de son vocabulaire. Les radins ou les ind\u00e9cis ont m\u00eame droit au &#8220;<a href=\"https:\/\/antipresse.net\/wp-content\/uploads\/2018\/01\/Antipresse-226.pdf\" target=\"_blank\" rel=\"noopener noreferrer\">num\u00e9ro ouvert<\/a>&#8221; enti\u00e8rement gratuit du 29 mars dernier !<\/em>]<\/p>\n<hr \/>\n<p style=\"text-align: justify;\"><em>par Slobodan Despot, 26 avril 2020<\/em><\/p>\n<p style=\"text-align: justify;\"><strong>La pand\u00e9mie de ce printemps 2020 n\u2019est pas qu\u2019une affaire sanitaire. Elle est peut-\u00eatre m\u00eame davantage sociopolitique que m\u00e9dicale. Le virus se double d\u2019une \u00aberreur syst\u00e8me\u00bb \u00e0 l\u2019\u00e9chelle des pays d\u00e9velopp\u00e9s qui a conduit \u00e0 une gestion affol\u00e9e de la crise d\u00e9fiant le sens commun. Dans un entretien sans masques ni gants, le Dr Jean-Pierre Spinosa livre une synth\u00e8se du probl\u00e8me sanitaire et esquisse une piste th\u00e9rapeutique possible.<\/strong><\/p>\n<p style=\"text-align: justify;\">Faut-il \u00e9num\u00e9rer ? La d\u00e9sorganisation des services de sant\u00e9, la p\u00e9nurie de masques et de d\u00e9sinfectant dans les pays par ailleurs les mieux \u00e9quip\u00e9s, la guerre livr\u00e9e \u00e0 ceux qui cherchent des traitements efficaces pour cette maladie \u00e0 l\u2019\u00e9cart d\u2019un hypoth\u00e9tique vaccin, l\u2019oubli du renforcement de l\u2019immunit\u00e9 individuelle dans pratiquement toute la communication officielle sur le sujet, et enfin l\u2019incoh\u00e9rence et la stupidit\u00e9 criantes de certaines instances font qu\u2019on ne peut plus s\u00e9parer l\u2019\u00e9pid\u00e9mie d\u2019un contexte \u00abcivilisationnel\u00bb particuli\u00e8rement d\u00e9labr\u00e9.<\/p>\n<p style=\"text-align: justify;\">La m\u00e9saventure dont a \u00e9t\u00e9 victime l\u2019anthropologue de la sant\u00e9 Jean-Dominique Michel est l\u2019une des meilleures illustrations de ce d\u00e9labrement. Au moment m\u00eame o\u00f9 il publiait un article devenu <em>viral<\/em> d\u00e9dramatisant l\u2019\u00e9pid\u00e9mie actuelle<span id='easy-footnote-1-14788' class='easy-footnote-margin-adjust'><\/span><span class='easy-footnote'><a href='https:\/\/aitia.fr\/erd\/coronavirus-lerreur-systeme-antipresse\/#easy-footnote-bottom-1-14788' title='&lt;a href=&quot;http:\/\/jdmichel.blog.tdg.ch\/archive\/2020\/03\/18\/covid-19-fin-de-partie-305096.html&quot;&gt;\u00abCovid-19, fin de partie\u00bb&lt;\/a&gt;, 18\u00a0mars 2020.'><sup>1<\/sup><\/a><\/span>, JDM \u00e9tait test\u00e9 positif et entamait une th\u00e9rapie sous la direction de son m\u00e9decin traitant. La suite des \u00e9v\u00e9nements, qu\u2019il a d\u00e9taill\u00e9e dans son blog<span id='easy-footnote-2-14788' class='easy-footnote-margin-adjust'><\/span><span class='easy-footnote'><a href='https:\/\/aitia.fr\/erd\/coronavirus-lerreur-systeme-antipresse\/#easy-footnote-bottom-2-14788' title='&lt;a href=&quot;http:\/\/jdmichel.blog.tdg.ch\/archive\/2020\/04\/05\/covid-combien-de-morts-inutiles-et-comment-je-me-suis-gueri-305601.html&quot;&gt;\u00abCovid: combien de morts inutiles (et comment je me suis gu\u00e9ri avec l\u2019hydroxychloroquine)?!\u00bb&lt;\/a&gt;, 5.4.2020.'><sup>2<\/sup><\/a><\/span>, est sid\u00e9rante. En deux mots : l\u2019\u00e9tat du patient s\u2019aggravant, son m\u00e9decin lui a prescrit le traitement du Dr Raoult \u2014 qui s\u2019est av\u00e9r\u00e9 indisponible, car r\u00e9serv\u00e9 aux h\u00f4pitaux (o\u00f9 n\u2019arrivent en g\u00e9n\u00e9ral que des cas trop avanc\u00e9s pour cette th\u00e9rapie). Michel a d\u00fb organiser, via son \u00e9pouse, \u00abune transaction ill\u00e9gale, au bord d\u2019un parking\u00bb pour se procurer du Plaquenil (hydroxychloroquine) et entamer son traitement \u00e0 domicile. Avec \u00e0 la cl\u00e9 une remise sur pied au sixi\u00e8me jour.<\/p>\n<p style=\"text-align: justify;\">Oui, nous sommes bien en 2020 en Suisse, l\u2019un des pays les plus m\u00e9dicalis\u00e9s au monde !<\/p>\n<p><!--more--><\/p>\n<p style=\"text-align: justify;\">Que serait-il arriv\u00e9 \u00e0 Jean-Dominique Michel sans cette transaction de m\u00e9dicaments au bord d\u2019un parking ? Il a d\u00fb se le demander mille fois pour en venir \u00e0 \u00e9crire des mots aussi lourds que ceux-ci :<\/p>\n<blockquote>\n<p style=\"text-align: justify;\">Oui, vous lisez bien : les gouvernements suisse et fran\u00e7ais (et d\u2019autres pays h\u00e9las) ont laiss\u00e9 des centaines de personnes mourir en les privant de la possibilit\u00e9 de disposer d\u2019un traitement simple, archi-connu et peu co\u00fbteux, qu\u2019il convient imp\u00e9rativement de donner au d\u00e9but d\u2019une infection par le SARS-CoV-2.<\/p>\n<p style=\"text-align: justify;\">Or qu\u2019ont fait nos autorit\u00e9s depuis plus de quinze jours maintenant que l\u2019efficacit\u00e9 de ce traitement a \u00e9t\u00e9 confirm\u00e9e ? Eh bien, elles n\u2019ont rien trouv\u00e9 de mieux que de r\u00e9server les stocks d\u2019hydroxychloroquine pour l\u2019h\u00f4pital, rendant impossible la prescription par les m\u00e9decins g\u00e9n\u00e9ralistes et les gardant pour les personnes pour qui il est d\u00e9j\u00e0 trop tard, alors m\u00eame que l\u2019indication pertinente est de prescrire le traitement avant que les complications adviennent, pr\u00e9cis\u00e9ment pour les emp\u00eacher.<\/p>\n<p style=\"text-align: justify;\">Mesure-t-on simplement \u00e0 la dire non seulement l\u2019absurdit\u00e9, mais aussi la monstruosit\u00e9 de la chose ?!<\/p>\n<\/blockquote>\n<p><\/p>\n<p style=\"text-align: justify;\"><em>Absurdit\u00e9<\/em> et <em>monstruosit\u00e9 <\/em>! A l\u2019issue de son \u00e9preuve, cet esprit pond\u00e9r\u00e9 a publi\u00e9 une <a href=\"http:\/\/jdmichel.blog.tdg.ch\/archive\/2020\/04\/22\/hydroxychloroquine-stop-mensonges-306012.html#more\" target=\"_blank\" rel=\"noopener noreferrer\">interrogation poignante et \u00e9pouvant\u00e9e<\/a> sur les raisons de l\u2019obstruction faite \u00e0 l\u2019hydroxychloroquine. Au chapitre des obstructions, nous avons encore appris depuis que l\u2019\u00e9l\u00e9mentaire test sanguin de recherche des anticorps, faisant partie de la d\u00e9tection du virus, n\u2019\u00e9tait pas couvert par les assurances maladie suisses ! Un geste de base de la protection sanitaire collective est factur\u00e9 aux particuliers ! C\u2019est simplement inimaginable.<\/p>\n<p style=\"text-align: justify;\">Il est difficile, face \u00e0 de tels faits, de ne pas croire aux conspirations. Pour rester sur le terrain de la raison, et ne pas me borner \u00e0 mes propres sp\u00e9culations, j\u2019ai d\u00e9cid\u00e9 de donner la parole \u00e0 un m\u00e9decin passionn\u00e9 de recherche, de canc\u00e9rologie et de biochimie.<\/p>\n<p style=\"text-align: justify;\">Depuis le d\u00e9but de cette crise, j\u2019\u00e9tais en conversation avec le Dr <a href=\"https:\/\/gyneco.ch\/publications-scientifiques\/\" target=\"_blank\" rel=\"noopener noreferrer\">Jean-Pierre Spinosa<\/a>, auteur avec Catherine Riva d\u2019un ouvrage qui a fait date, m\u00eame s\u2019il fut \u00e9touff\u00e9 par les m\u00e9dias : <a href=\"http:\/\/www.editions-xenia.com\/livres\/hpv\/\" target=\"_blank\" rel=\"noopener noreferrer\"><em>La Piq\u00fbre de trop ?<\/em><\/a> (Xenia, 2008). L\u2019analyse rigoureuse que les deux auteurs avaient livr\u00e9e, \u00e0 l\u2019\u00e9poque, de la mani\u00e8re dont l\u2019industrie avait \u00abvendu\u00bb aux gouvernements un vaccin \u00e0 l\u2019efficacit\u00e9 contestable et contest\u00e9e peut aider \u00e0 comprendre certains aspects clefs de la crise actuelle.<\/p>\n<p style=\"text-align: justify;\">Je lui ai pos\u00e9 les questions que tout le monde se pose, depuis nos parents retrait\u00e9s jusqu\u2019\u00e0 des m\u00e9decins atteints de stupeur. Sur la base de son exp\u00e9rience, le Dr Spinosa esquisse des hypoth\u00e8ses guid\u00e9es par l\u2019observation et le bon sens qui m\u00e9riteraient \u00e0 tout le moins d\u2019\u00eatre examin\u00e9es.<\/p>\n<h2 style=\"text-align: justify;\">A quoi avons-nous affaire?<\/h2>\n<p><\/p>\n<blockquote>\n<p style=\"text-align: justify;\">JPS \u2014 Soyons honn\u00eates : je l\u2019ignore. Les informations que nous recevons sont incompl\u00e8tes et contradictoires, or je ne peux que r\u00e9p\u00e9ter ce que j\u2019ai entendu. De ce qui nous arrive, je ne vois que les effets: les dispositions que l\u2019on prend, les r\u00e9percussions sociales et \u00e9conomiques. Les morts, je ne les vois pas. Je ne suis pas urgentiste.<\/p>\n<p style=\"text-align: justify;\">Nous avons une ann\u00e9e \u00e0 pic de maladies respiratoires, comme le furent 2015 et 2017. Si l\u2019on en croit les chiffres de l\u2019OFS (Office F\u00e9d\u00e9ral des Statistiques suisse) le nombre des morts par semaine reste dans une zone d\u2019amplitude comparable<span id='easy-footnote-3-14788' class='easy-footnote-margin-adjust'><\/span><span class='easy-footnote'><a href='https:\/\/aitia.fr\/erd\/coronavirus-lerreur-systeme-antipresse\/#easy-footnote-bottom-3-14788' title='&lt;a href=&quot;https:\/\/www.bfs.admin.ch\/bfs\/fr\/home\/statistiques\/sante\/etat-sante\/mortalite-causes-deces.assetdetail.317286.html&quot;&gt;Courbe 2015,&lt;\/a&gt; &lt;a href=&quot;https:\/\/www.bfs.admin.ch\/bfs\/en\/home\/statistics\/health\/state-health\/mortality-causes-death.assetdetail.4482307.html&quot;&gt;Courbe 2017&lt;\/a&gt;, &lt;a href=&quot;https:\/\/www.bfs.admin.ch\/bfs\/fr\/home\/statistiques\/sante\/etat-sante\/mortalite-causes-deces.html%0D%0A&quot;&gt;Courbe 2020.&lt;\/a&gt;'><sup>3<\/sup><\/a><\/span>. Ce qui diff\u00e8re, ce sont ces mesures de protection d\u2019une ampleur jamais vue et la panique subs\u00e9quente.<\/p>\n<\/blockquote>\n<p><\/p>\n<p style=\"text-align: justify;\"><img decoding=\"async\" class=\"aligncenter\" src=\"https:\/\/antipresse.net\/capto\/AP230-stats.png\" alt=\"Statistiques de mortalit\u00e9 2015-2017-2020 en Suisse, selon l\u2019OFS. \u00c0 part un d\u00e9calage d\u2019environ un mois, la mortalit\u00e9 du printemps 2020 reste dans la continuit\u00e9 des ann\u00e9es pr\u00e9c\u00e9dentes.\" \/><\/p>\n<p style=\"text-align: justify;\">Bien avant cet entretien, Jean-Pierre Spinosa, qui suit de pr\u00e8s les \u00e9v\u00e9nements dans son pays d\u2019origine, l\u2019Italie, avait attir\u00e9 mon attention sur la dramatisation m\u00e9diatique de ce qui s\u2019y passait. La situation r\u00e9ellement critique des urgences \u00e0 Bergame a \u00e9t\u00e9 utilis\u00e9e comme paradigme de la gravit\u00e9 du fl\u00e9au \u2014 au point que la cha\u00eene CBS, dans une \u00abfake news\u00bb grossi\u00e8re et non sanctionn\u00e9e, a <a href=\"https:\/\/nypost.com\/2020\/04\/01\/cbs-admits-to-using-footage-from-italy-in-report-about-nyc\/\" target=\"_blank\" rel=\"noopener noreferrer\">utilis\u00e9 les images de Bergame<\/a> pour illustrer la crise\u2026 aux USA. Dans cette confusion, personne ne se demandait pourquoi les autres r\u00e9gions de l\u2019Italie \u00e9taient beaucoup moins affect\u00e9es. La focalisation sur le virus invoqu\u00e9 comme une incantation avait masqu\u00e9 tous les autres param\u00e8tres du drame de Bergame : le fait que l\u2019air de la vall\u00e9e du P\u00f4, tr\u00e8s industrialis\u00e9e, \u00e9tait le plus pollu\u00e9 d\u2019Europe, que le syst\u00e8me de sant\u00e9 y \u00e9tait gravement d\u00e9ficient\u2026 mais aussi qu\u2019on s\u2019y vantait d\u2019avoir massivement vaccin\u00e9 les personnes \u00e2g\u00e9es en plusieurs vagues les ann\u00e9es pr\u00e9c\u00e9dentes. C\u2019\u00e9tait comme si l\u2019on <em>voulait<\/em> mettre l\u2019Italie et l\u2019Europe enti\u00e8re sur le mode \u00abpanique totale\u00bb d\u00e9nonc\u00e9 par le statisticien W. M. Briggs.<\/p>\n<blockquote>\n<p style=\"text-align: justify;\">Officiellement, le virus SARS-CoV-2 (soyons pr\u00e9cis : c\u2019est bien son nom, COVID-19 \u00e9tant le nom de la maladie) d\u00e9clencherait des pneumonies d\u2019une l\u00e9talit\u00e9 plus importante que les maladies respiratoires ant\u00e9rieures. Dans l\u2019affolement, on a fait un rapprochement malheureux et d\u00e9plac\u00e9 avec la grippe dite \u00abespagnole\u00bb de 1918.<\/p>\n<\/blockquote>\n<p><\/p>\n<h2 style=\"text-align: justify;\">Quand la m\u00e9decine d\u2019Hippocrate c\u00e8de la place \u00e0 la m\u00e9decine des tableurs<\/h2>\n<p style=\"text-align: justify;\">Comment expliquez-vous ces errements dans le traitement d\u2019une maladie qui, finalement, pourrait s\u2019av\u00e9rer tout \u00e0 fait g\u00e9rable ?<\/p>\n<blockquote>\n<p style=\"text-align: justify;\">JPS \u2014 L\u2019OMS (association d\u2019instances politiques et non m\u00e9dicales, rappelons-le) a d\u00e9cr\u00e9t\u00e9 d\u2019embl\u00e9e que le COVID-19 \u00e9tait une affection respiratoire d\u2019origine virale. Elle a donc explicitement dissuad\u00e9 les m\u00e9decins de traiter leurs patients avec des antibiotiques\u2026 car on nous a enseign\u00e9 que seules les pneumonies bact\u00e9riennes se soignent avec des antibiotiques. Si cette description est correcte, il n\u2019y a aucun moyen d\u2019attaquer ce virus. Concr\u00e8tement, cela ne laisse aux m\u00e9decins que la possibilit\u00e9 de traiter les sympt\u00f4mes, de soutenir les fonctions vitales. Cependant, on a pr\u00e9tendu que les anti-inflammatoires avaient un r\u00f4le n\u00e9faste car ils \u00abfacilitaient les attaques\u00bb du virus contre les cellules: on a donc m\u00eame limit\u00e9 le choix des traitements symptomatiques. Fondamentalement, on a laiss\u00e9 les gens seuls avec leur maladie. Ils consultaient trop tard, alors qu\u2019ils \u00e9taient arriv\u00e9s \u00e0 un stade difficilement rattrapable. D\u2019autres au contraire ne consultaient pas, m\u00eame en situation grave. C\u2019est ainsi que les cardiologues suisses ont constat\u00e9 une baisse abrupte de consultations en urgence pour infarctus et autre probl\u00e8mes importants. En l\u2019absence d\u2019antiviraux, en d\u00e9conseillant les antibiotiques et sans h\u00e9parine (anticoagulant), on a cr\u00e9\u00e9 un toboggan vers les soins intensifs. Les urgentistes ont d\u00fb affronter une situation absurde et d\u00e9sesp\u00e9r\u00e9e, avec une admirable abn\u00e9gation, mais sans trop poser de questions.<\/p>\n<p style=\"text-align: justify;\">Dans le cas pr\u00e9sent, plus d\u2019un m\u00e9decin aurait eu le r\u00e9flexe de prescrire des antibiotiques \u2014 mais c\u2019e\u00fbt \u00e9t\u00e9 un acte de provocation au regard des directives de l\u2019OMS. C\u2019est ainsi qu\u2019en Italie du nord, selon certains professionnels, l\u2019application \u00e0 la lettre de consignes stupides a abouti \u00e0 des traitements ineptes et donc \u00e0 un grand nombre de morts.<\/p>\n<\/blockquote>\n<p><\/p>\n<h2 style=\"text-align: justify;\">Une anomalie appel\u00e9e Raoult<\/h2>\n<p style=\"text-align: justify;\">Et pourtant, le seul traitement qui semble donner des fruits \u00e0 ce jour est \u00e0 base d\u2019antibiotiques\u2026<\/p>\n<blockquote>\n<p style=\"text-align: justify;\">JPS \u2014 Oui. Il y a eu un grain de sable dans la machine appel\u00e9 Didier Raoult. Raoult est un anar vieux et titr\u00e9 (ce qui ne l\u2019a pas prot\u00e9g\u00e9 d\u2019une <a href=\"https:\/\/blogs.lexpress.fr\/le-boulot-recto-verso\/2020\/04\/24\/raoult-bientot-suspendu-par-lordre-des-medecins\/\" target=\"_blank\" rel=\"noopener noreferrer\">d\u00e9marche en suspension imm\u00e9diate<\/a> par le conseil de l\u2019Ordre des m\u00e9decins). C\u2019est l\u2019un des virologues les plus respect\u00e9s au monde. Il pouvait se permettre d\u2019envoyer promener l\u2019OMS et son propre gouvernement. M\u00eame si je ne suis pas d\u2019accord avec sa position favorable au vaccin Gardasil, que j\u2019ai bien \u00e9tudi\u00e9, il faut reconna\u00eetre que sa d\u00e9marche, en l\u2019occurrence, \u00e9tait \u00e0 la fois humaine et hippocratique. Soigner d\u2019abord, avec les moyens du bord !<\/p>\n<p style=\"text-align: justify;\">Pour y arriver, il a d\u00fb surmonter en premier lieu la sacrosainte r\u00e8gle de l\u2019EBM, l\u2019<em>evidence based medicine<\/em>: la n\u00e9cessit\u00e9 de prouver l\u2019efficacit\u00e9 d\u2019un traitement en double aveugle. Proc\u00e9dure \u00e9videmment trop fastidieuse dans cette situation d\u2019urgence absolue, mais \u00e0 laquelle les instances tiennent avec une rigidit\u00e9 fanatique. Raoult a raisonn\u00e9 en m\u00e9decin de guerre : \u00abEn l\u2019absence de possibilit\u00e9 de prouver, est-il plus l\u00e9gitime de traiter sur la base d\u2019une intuition de plausibilit\u00e9 biologique, ou de m\u2019abstenir parce que mon traitement n\u2019est pas valid\u00e9 ?\u00bb S\u2019il existait un protocole valid\u00e9 EBM, il l\u2019aurait bien s\u00fbr appliqu\u00e9, mais comme il n\u2019y en a pas, il ne peut pas ne rien faire. Il pense que le combin\u00e9 azithromycine + hydroxychloroquine a <em>des chances <\/em>: il raisonne en m\u00e9decin, non en statisticien. Il pratique de la m\u00e9decine de terrain, comme la plupart des praticiens le font tous les jours. Dans ces situations, on ne songe pas \u00e0 quoi va ressembler le tableur Excel.<\/p>\n<\/blockquote>\n<p><\/p>\n<p style=\"text-align: justify;\">Il y a quelque chose d\u2019\u00e9tonnamment m\u00e9canique et m\u00eame d\u2019antim\u00e9dical dans cette conception protocolaire de la m\u00e9decine\u2026<\/p>\n<blockquote>\n<p style=\"text-align: justify;\">JPS \u2014 A tout le moins. Ces vingt derni\u00e8res ann\u00e9es, l\u2019art m\u00e9dical a beaucoup chang\u00e9. Jadis, le m\u00e9decin devait choisir en son \u00e2me et conscience, et avec l\u2019assentiment du patient, le traitement le mieux adapt\u00e9 \u00e0 son cas. Aujourd\u2019hui, le plus souvent, on applique des recommandations et des directives. Les m\u00e9decins sont bombard\u00e9s de recommandations venues des autorit\u00e9s administratives ou de l\u2019OMS, recommandations dont on ne sait pas qui les a \u00e9crites. Sit\u00f4t qu\u2019ils s\u2019\u00e9cartent de ces orni\u00e8res, ils assument une responsabilit\u00e9 qui peut leur valoir en cas de p\u00e9pin des plaintes juridiques. Or dans la vie r\u00e9elle, il y a toujours des p\u00e9pins, m\u00eame quand on fait de son mieux. La m\u00e9decine est enferm\u00e9e dans un \u00e9tau dont peu ont le courage de sortir, surtout parmi les jeunes qui ne veulent pas compromettre la suite de leur carri\u00e8re.<\/p>\n<p style=\"text-align: justify;\">Nous devons aujourd\u2019hui pouvoir justifier l\u2019int\u00e9gralit\u00e9 des raisons d\u2019un traitement ou d\u2019une intervention. Il est pratiquement impossible d\u2019aller contre le courant, sachant que tout \u00e9cart, m\u00eame m\u00fbrement r\u00e9fl\u00e9chi et sens\u00e9, comporte une part de risque. D\u2019un rapport bilat\u00e9ral m\u00e9decin-malade, la relation m\u00e9dicale a \u00e9volu\u00e9 vers un triangle o\u00f9 le statisticien, flanqu\u00e9 de l\u2019administrateur et de l\u2019avocat, prend de plus en plus de place.<\/p>\n<p style=\"text-align: justify;\">Cela \u00e9tant, la sacro-sainte r\u00e8gle de l\u2019EBM est \u00e0 g\u00e9om\u00e9trie variable. O\u00f9 sont les EBM motivant le port du masque et des gants, la distance sociale, les r\u00e8gles de confinement ? Quand un pays fixe la distance \u00e0 2 m\u00e8tres et un autre \u00e0 1 m\u00e8tre, avons-nous affaire \u00e0 deux virus diff\u00e9rents, le premier plus contagieux que le second ? Ou agit-on tout simplement dans l\u2019improvisation et l\u2019ignorance totales ?<\/p>\n<\/blockquote>\n<p><\/p>\n<h2 style=\"text-align: justify;\">Les enseignements du HPV<\/h2>\n<p style=\"text-align: justify;\">La structure du probl\u00e8me commence donc \u00e0 se dessiner : la gestion globale de la sant\u00e9 ressemble \u00e0 une pyramide constitu\u00e9e de sous-pyramides nationales. Les d\u00e9cisions prises au sommet, qui doivent \u00eatre comprises comme des v\u00e9rit\u00e9s indiscutables, d\u00e9terminent en cascade les \u00e9chelons inf\u00e9rieurs jusqu\u2019\u00e0 votre m\u00e9decin de famille. C\u2019est en \u00e9tudiant la mani\u00e8re dont on a convaincu, de haut en bas, les \u00c9tats de la n\u00e9cessit\u00e9 du Gardasil, le \u00abvaccin contre le cancer du col de l\u2019ut\u00e9rus\u00bb provoqu\u00e9 par le papillomavirus (HPV) que Jean-Pierre Spinosa a compris la m\u00e9canique calamiteuse de l\u2019\u00e9chec face au coronavirus de 2020. Une m\u00e9canique de bureaucratisation \u00e0 l\u2019\u00e9chelle gouvernementale et plan\u00e9taire doubl\u00e9e d\u2019une d\u00e9possession. La ma\u00eetrise de l\u2019art m\u00e9dical n\u2019est plus entre les mains des docteurs.<\/p>\n<blockquote>\n<p style=\"text-align: justify;\">JPS \u2014 La probl\u00e9matique du Gardasil peut nous aider \u00e0 comprendre les aspects politiques et \u00e9conomiques de la crise actuelle. Il s\u2019agit d\u2019un des vaccins les plus co\u00fbteux jamais produits, il est endoss\u00e9 par nombre d\u2019\u00c9tats, surtout les plus riches. Pourtant les \u00e9tudes EBM disponibles \u00e0 son sujet n\u2019ont pas prouv\u00e9 son efficacit\u00e9 dans la diminution totale des dysplasies (pr\u00e9cancers). La question de sa dangerosit\u00e9 se pose elle aussi, quoique les \u00e9tudes soient discordantes \u00e0 ce sujet.<\/p>\n<p style=\"text-align: justify;\">Sur le plan virologique, l\u2019\u00e9nigme du papillomavirus pr\u00e9sente une analogie int\u00e9ressante pour la compr\u00e9hension de la maladie actuelle. Pourquoi le HPV ne d\u00e9clenche-t-il pas des cancers chez toutes les femmes qu\u2019il affecte, mais uniquement chez certaines ? La m\u00eame question se pose en 2020 avec le SARS-CoV-2, qui cible prioritairement les hommes \u00e2g\u00e9s avec des comorbidit\u00e9s (pathologies) chroniques graves telles que le diab\u00e8te, l\u2019hypertension et l\u2019ob\u00e9sit\u00e9.<\/p>\n<p style=\"text-align: justify;\">Dans le cas du HPV, l\u2019engrenage semble plus pr\u00e9cis. La pr\u00e9sence de HPV est associ\u00e9e avec l\u2019apparition du cancer du col de l\u2019ut\u00e9rus en fonction du microbiote (type de flore microbienne) qui existe dans le vagin de la patiente. Autrement dit, la pr\u00e9sence de certaines bact\u00e9ries provoque un d\u00e9s\u00e9quilibre qui favorise l\u2019apparition de pr\u00e9cancers par un m\u00e9canisme encore mal connu. Depuis une dizaine d\u2019ann\u00e9es surtout, des publications de plus en plus importantes montrent une association entre la pr\u00e9sence de certaines bact\u00e9ries (ana\u00e9robies), la persistance du HPV et le risque de d\u00e9velopper un cancer du col. Une publication de 2018 dans la prestigieuse revue <em><a href=\"https:\/\/www.nature.com\/articles\/s41598-018-23389-0\" target=\"_blank\" rel=\"noopener noreferrer\">Nature<\/a><\/em> enfonce le clou et le 4 mars je tombe sur une publication d\u2019un certain <a href=\"https:\/\/cebp.aacrjournals.org\/content\/29\/3\/696.1\" target=\"_blank\" rel=\"noopener noreferrer\">Madhivanan<\/a> qui indique qu\u2019une bact\u00e9rie du doux nom de Prevotella est associ\u00e9e \u00e0 la persistance de HPV et possiblement au d\u00e9veloppement des pr\u00e9cancers.<\/p>\n<p style=\"text-align: justify;\">Sur la base de mes recherches sur le HPV, je me suis pos\u00e9 la m\u00eame question au sujet des complications graves du coronavirus. Y aurait-il l\u00e0 aussi un \u00ab interm\u00e9diaire \u00bb ou un \u00ab complice \u00bb, \u00e9ventuellement bact\u00e9rien, que le virus pourrait m\u00eame (soyons fous dans l\u2019hypoth\u00e8se !) \u00ab infecter \u00bb, et qui serait en cause ? En consultant la litt\u00e9rature, je suis tomb\u00e9 sur des cas o\u00f9 l\u2019on retrouve une association r\u00e9currente de malades graves (ou d\u00e9c\u00e9d\u00e9s) entre l\u2019infection \u00e0 coronavirus et des bact\u00e9ries ana\u00e9robies, c\u2019est-\u00e0-dire qui ne se d\u00e9veloppent qu\u2019en l\u2019absence d\u2019oxyg\u00e8ne. Un chercheur g\u00e9nial, ancien de l\u2019UC Davis, Sandeep Chakraborty, sp\u00e9cialiste en biologie computationnelle, a mis au jour des informations tr\u00e8s int\u00e9ressantes sur ce sous-groupe. Il a d\u00e9termin\u00e9 des traces g\u00e9n\u00e9tiques d\u2019une de ces bact\u00e9ries, la Prevotella, dans les pr\u00e9l\u00e8vements de personnes gravement atteintes de COVID-19. Un deuxi\u00e8me scientifique, qui se fait appeler Biomoon sans que nous connaissions son vrai nom, confirme. Cela tend \u00e0 consolider l\u2019hypoth\u00e8se que je partage avec d\u2019autres chercheurs dans le monde : le coronavirus pourrait ne pas \u00eatre la cause des manifestations graves de la maladie, mais un d\u00e9clencheur\/amplificateur.<\/p>\n<p style=\"text-align: justify;\">L\u2019observation des bact\u00e9ries ana\u00e9robies met en place des pi\u00e8ces du puzzle qui laissent perplexe. Par exemple, la Prevotella, bien que pr\u00e9sente dans les voies respiratoires de tout un chacun, peut d\u00e9clencher des pneumonies tr\u00e8s graves. Des \u00e9tudes montrent qu\u2019elle est m\u00eame capable de s\u2019attaquer \u00e0 l\u2019h\u00e9moglobine. Or l\u2019une des manifestations frappantes du COVID-19 d\u00e9crites par les m\u00e9decins intensivistes consiste en un dramatique manque d\u2019oxyg\u00e8ne. Un urgentiste am\u00e9ricain confront\u00e9 \u00e0 ce ph\u00e9nom\u00e8ne a imm\u00e9diatement alert\u00e9 ses confr\u00e8res par une vid\u00e9o tr\u00e8s explicite : les patients se mettent soudain en qu\u00eate d\u2019air comme s\u2019ils \u00e9taient \u00e0 8000 m d\u2019altitude. Or Prevotella rend l\u2019h\u00e9moglobine \u00abinactive\u00bb, comme dans une atmosph\u00e8re rar\u00e9fi\u00e9e. Elle peut aussi provoquer des microthromboses. Et elle est impliqu\u00e9e dans le fameux \u00aborage cytokinique\u00bb d\u00e9crit chez les malades graves. Les thromboses dues \u00e0 Prevotella sont du reste d\u00e9j\u00e0 connues sous le nom de syndrome de Lemierre.<\/p>\n<p style=\"text-align: justify;\">On peut ainsi se demander ici pourquoi on n\u2019a pas imm\u00e9diatement pratiqu\u00e9 d\u2019autopsies, d\u00e8s 2019, sur les premiers patients d\u00e9c\u00e9d\u00e9s de cette maladie. On y aurait sans doute d\u00e9cel\u00e9 des micro-embolies, et cette complication nous aurait peut-\u00eatre amen\u00e9s plus t\u00f4t \u00e0 la piste de la surinfection bact\u00e9rienne par Prevotella. Et il n\u2019est pas exclu que ces autopsies auraient pu montrer la pr\u00e9sence du coronavirus bien avant la date du d\u00e9but th\u00e9orique de l\u2019\u00e9pid\u00e9mie.<\/p>\n<\/blockquote>\n<p><\/p>\n<p style=\"text-align: justify;\">Mais si cette piste devait se confirmer, le traitement du COVID-19 devrait changer du tout au tout\u2026<\/p>\n<blockquote>\n<p style=\"text-align: justify;\">JPS \u2014 En effet. Le traitement par th\u00e9rapie de support et ventilation pr\u00e9conis\u00e9 par l\u2019OMS s\u2019av\u00e9rerait alors erron\u00e9. Certains vont m\u00eame jusqu\u2019\u00e0 dire qu\u2019il aggraverait l\u2019\u00e9tat du malade. Il s\u2019agirait au contraire 1) de renforcer l\u2019immunit\u00e9 individuelle (gros d\u00e9bat\u2026) ; 2) d\u2019administrer un antibiotique ciblant les ana\u00e9robies ; 3) d\u2019administrer un anticoagulant ; 4) de fournir un \u00e9ventuel antiviral lorsqu\u2019il sera \u00e0 disposition\u2026 Le tout en attendant l\u2019arriv\u00e9e d\u2019un vaccin qui aura prouv\u00e9 son efficacit\u00e9 lors d\u2019\u00e9tudes randomis\u00e9es. Cela change compl\u00e8tement le paradigme.<\/p>\n<p style=\"text-align: justify;\">En m\u00eame temps, on se rapproche des traitements mis en place par le professeur Raoult (moins l\u2019H\u00e9parine), ainsi que la doctoresse Sabine Paliard Franco<span id='easy-footnote-4-14788' class='easy-footnote-margin-adjust'><\/span><span class='easy-footnote'><a href='https:\/\/aitia.fr\/erd\/coronavirus-lerreur-systeme-antipresse\/#easy-footnote-bottom-4-14788' title='&lt;a href=&quot;http:\/\/covid.ueuo.com&quot; target=&quot;_blank&quot; rel=&quot;noopener noreferrer&quot;&gt;http:\/\/covid.ueuo.com&lt;\/a&gt;'><sup>4<\/sup><\/a><\/span> en France et le Dr Vladimir Zelenko<span id='easy-footnote-5-14788' class='easy-footnote-margin-adjust'><\/span><span class='easy-footnote'><a href='https:\/\/aitia.fr\/erd\/coronavirus-lerreur-systeme-antipresse\/#easy-footnote-bottom-5-14788' title='&lt;a href=&quot;https:\/\/www.liberation.fr\/checknews\/2020\/04\/03\/plus-de-600-patients-new-yorkais-ont-ils-ete-gueris-du-covid-19-en-mars-grace-a-l-hydroxychloroquine_1784084_&quot; target=&quot;_blank&quot; rel=&quot;noopener noreferrer&quot;&gt;https:\/\/www.liberation.fr\/checknews\/2020\/04\/03\/plus-de-600-patients-new-yorkais-ont-ils-ete-gueris-du-covid-19-en-mars-grace-a-l-hydroxychloroquine_1784084_&lt;\/a&gt;'><sup>5<\/sup><\/a><\/span> \u00e0 New York, et qui sont les seuls \u00e0 ce jour \u00e0 donner des r\u00e9sultats.<\/p>\n<\/blockquote>\n<p><\/p>\n<h2 style=\"text-align: justify;\">Qui est l\u2019assassin, en fin de compte?<\/h2>\n<p style=\"text-align: justify;\">Depuis de nombreuses semaines, le docteur Spinosa traquait une publication lui permettant, \u00e0 l\u2019instar du HPV et du microbiote vaginal, de nommer cette bact\u00e9rie au nom de bande dessin\u00e9e, Prevotella. Bernard Dugu\u00e9 \u00e9galement avait rep\u00e9r\u00e9 l\u2019assassin possible. Les r\u00e9actions dans le \u00abmainstream\u00bb m\u00e9dical et m\u00e9diatique n\u2019ont pas tard\u00e9 : \u00abFake news!\u00bb Avant m\u00eame d\u2019avoir appliqu\u00e9 une premi\u00e8re tentative d\u2019EBM sur cette fili\u00e8re, elle se trouve barr\u00e9e, car contraire aux recommandations de l\u2019OMS. C\u2019est comme si l\u2019on s\u2019effor\u00e7ait d\u2019\u00e9carter, \u00e0 mesure qu\u2019elles apparaissent, toutes les alternatives \u00e0 une vaccination universelle et obligatoire \u2014 avec un vaccin qui n\u2019existe pas encore !<\/p>\n<blockquote>\n<p style=\"text-align: justify;\">JPS \u2014 Il est essentiel de reconna\u00eetre que ce n\u2019est pas le virus qui tue le patient, mais bien son syst\u00e8me immunitaire hyperactif donc \u00abd\u00e9s\u00e9quilibr\u00e9\u00bb.<\/p>\n<p style=\"text-align: justify;\">Au moins trois m\u00e9canismes pathologiques conduisent \u00e0 une d\u00e9faillance de plusieurs organes puis \u00e0 la mort dans COVID-19 :<\/p>\n<p style=\"text-align: justify;\">1) Une r\u00e9action inflammatoire exag\u00e9r\u00e9e que l\u2019on appelle \u00abtemp\u00eate de cytokines\u00bb avec endommagement des poumons, reins et c\u0153ur.<\/p>\n<p style=\"text-align: justify;\">2) Une coagulabilit\u00e9 (augmentation de la coagulation) exag\u00e9r\u00e9e. L\u2019hypoth\u00e8se est que le syst\u00e8me immunitaire d\u00e9r\u00e9gul\u00e9 endommage toujours la paroi des vaisseaux et active la coagulation sanguine, provoquant la formation de micro et macrocaillots sanguins (thromboses) dans les poumons et autres organes, d\u2019o\u00f9 le traitement pr\u00e9coce par anticoagulants (h\u00e9parine par exemple).<\/p>\n<p style=\"text-align: justify;\">3) Un faible taux d\u2019oxyg\u00e8ne dans le sang qui est la cons\u00e9quence de ce qui pr\u00e9c\u00e8de.<\/p>\n<p style=\"text-align: justify;\">A la lumi\u00e8re de tout ceci on peut en d\u00e9duire que la grande morbidit\u00e9 et mortalit\u00e9 imput\u00e9e au COVID-19 sont dues entre autres \u00e0 la r\u00e9ticence g\u00e9n\u00e9ralis\u00e9e et inappropri\u00e9e \u00e0 recourir rapidement \u00e0 des traitements anti-inflammatoires et anticoagulants, y compris une corticoth\u00e9rapie au d\u00e9but de l\u2019hospitalisation d\u2019un patient, et a une antibioth\u00e9rapie adapt\u00e9e visant les ana\u00e9robies.<\/p>\n<p style=\"text-align: justify;\">Prevotella est \u00e0 l\u2019heure actuelle une hypoth\u00e8se. Mais c\u2019est l\u2019hypoth\u00e8se qui aujourd\u2019hui rend compte de la plupart des \u00e9l\u00e9ments d\u00e9crits et connus. Il ne faut donc pas la sous-\u00e9valuer mais faire rapidement plus d\u2019\u00e9tudes pour la confirmer ou l\u2019infirmer.<\/p>\n<\/blockquote>\n<p><\/p>\n<p style=\"text-align: justify;\">La r\u00e9alit\u00e9 sera-t-elle plus forte que l\u2019id\u00e9ologie, l\u2019inertie bureaucratique et les conflits d\u2019int\u00e9r\u00eats? Nous allons le voir dans les mois \u00e0 venir, mais la bataille est passionnante. Il se peut que tout notre avenir en d\u00e9pende. Nous pouvons sortir de cette \u00e9preuve par la voie sanitaire et m\u00e9dicale en d\u00e9terminant des th\u00e9rapies efficaces et en reconstruisant des syst\u00e8mes de sant\u00e9 manifestement d\u00e9vast\u00e9s. Mais nous pouvons aussi en sortir par la voie technologique en instaurant la surveillance g\u00e9n\u00e9ralis\u00e9e de la population \u00abau nom de la s\u00e9curit\u00e9\u00bb. Apr\u00e8s le COVID-19, nous aurons le VIDCO-21, le DIVOC-23\u2026 aucune raison que la suite des \u00e9pouvantails s\u2019arr\u00eate au sein d\u2019une population globalis\u00e9e aux d\u00e9fenses immunitaires ravag\u00e9es par un mode de vie contre nature.<\/p>\n<p style=\"text-align: justify;\">Ce que nous apporterait l\u2019issue technologique si ardemment favoris\u00e9e par les \u00e9lites dirigeantes ? Outre la r\u00e9gression civique qui nous ferait renoncer de fait aux droits de l\u2019homme, \u00e0 la d\u00e9mocratie et \u00e0 la libert\u00e9 de penser et accepter une infantilisation durable, ce serait une prise de conscience assez grin\u00e7ante, rappel\u00e9e \u00e0 la fin de notre entretien par le docteur Spinosa :<\/p>\n<blockquote>\n<p style=\"text-align: justify;\">JPS \u2014 Que voyons-nous en 2020? Que dans ce cas pr\u00e9cis, \u00e0 l\u2019exception des progr\u00e8s faramineux accomplis par les soins intensifs et de la d\u00e9couverte d\u2019antibact\u00e9riens nous n\u2019avons pas vraiment avanc\u00e9 dans la pr\u00e9vention de la propagation des \u00e9pid\u00e9mies depuis les pestes des si\u00e8cles pass\u00e9s. Confinement, isolation, coercition, quarantaine (quarante jours d\u00e9j\u00e0 prescrits par Hippocrate) ! Comment se fait-il que qu\u2019avec tous les milliards investis dans la recherche et la technologie nous nous retrouvions aussi ignares et aussi d\u00e9munis face \u00e0 un seul virus ? Il y a de quoi se poser de s\u00e9rieuses questions sur l\u2019\u00e9chec de la m\u00e9decine technologique et sur un d\u00e9clin de civilisation que certains scientifiques annoncent d\u00e9j\u00e0. Quelle \u00e9ducation, quelle scolarit\u00e9, quels rapports sociaux proposerons-nous \u00e0 la jeunesse dans ce monde de la peur et de la r\u00e9gression ?<\/p>\n<\/blockquote>\n<p><\/p>\n","protected":false},"excerpt":{"rendered":"<p>[Note de l&#8217;administrateur de ce blog : voici un nouvel article de l&#8217;Antipresse, qui tombe \u00e0 pic pour commencer \u00e0 faire un bilan de la crise COVID-19 qui ne soit pas un simple et stupide d\u00e9compte des morts. Et o\u00f9 l&#8217;on reparle de Prevotella, la bact\u00e9rie suspecte&#8230; J&#8217;invite, bien entendu, tous mes lecteurs \u00e0 s&#8217;abonner [&hellip;]<\/p>\n","protected":false},"author":1,"featured_media":0,"comment_status":"open","ping_status":"open","sticky":false,"template":"","format":"standard","meta":[],"categories":[4,3,29],"tags":[1683,390,1521,1542,1685,1681,1682,1573,1684,1680,194,1546,1575,1552],"_links":{"self":[{"href":"https:\/\/aitia.fr\/erd\/wp-json\/wp\/v2\/posts\/14788"}],"collection":[{"href":"https:\/\/aitia.fr\/erd\/wp-json\/wp\/v2\/posts"}],"about":[{"href":"https:\/\/aitia.fr\/erd\/wp-json\/wp\/v2\/types\/post"}],"author":[{"embeddable":true,"href":"https:\/\/aitia.fr\/erd\/wp-json\/wp\/v2\/users\/1"}],"replies":[{"embeddable":true,"href":"https:\/\/aitia.fr\/erd\/wp-json\/wp\/v2\/comments?post=14788"}],"version-history":[{"count":18,"href":"https:\/\/aitia.fr\/erd\/wp-json\/wp\/v2\/posts\/14788\/revisions"}],"predecessor-version":[{"id":14807,"href":"https:\/\/aitia.fr\/erd\/wp-json\/wp\/v2\/posts\/14788\/revisions\/14807"}],"wp:attachment":[{"href":"https:\/\/aitia.fr\/erd\/wp-json\/wp\/v2\/media?parent=14788"}],"wp:term":[{"taxonomy":"category","embeddable":true,"href":"https:\/\/aitia.fr\/erd\/wp-json\/wp\/v2\/categories?post=14788"},{"taxonomy":"post_tag","embeddable":true,"href":"https:\/\/aitia.fr\/erd\/wp-json\/wp\/v2\/tags?post=14788"}],"curies":[{"name":"wp","href":"https:\/\/api.w.org\/{rel}","templated":true}]}}