{"id":14777,"date":"2020-04-25T07:43:12","date_gmt":"2020-04-25T05:43:12","guid":{"rendered":"https:\/\/aitia.fr\/erd\/?p=14777"},"modified":"2020-04-25T11:33:52","modified_gmt":"2020-04-25T09:33:52","slug":"les-armees-ont-achete-de-la-chloroquine-par-precaution-le-figaro","status":"publish","type":"post","link":"https:\/\/aitia.fr\/erd\/les-armees-ont-achete-de-la-chloroquine-par-precaution-le-figaro\/","title":{"rendered":"Les arm\u00e9es ont achet\u00e9 de la chloroquine \u00abpar pr\u00e9caution\u00bb (Le Figaro)"},"content":{"rendered":"<p style=\"text-align: justify;\">[<em>Note de l&#8217;administrateur de ce blog : on notera la pudeur du Figaro qui ne donne aucun lien vers la &#8220;vid\u00e9o devenue virale&#8221;. <\/em><\/p>\n<p style=\"text-align: justify;\"><em>C&#8217;est pourquoi je l&#8217;int\u00e8gre \u00e0 cet article en pr\u00e9ambule&#8230; tout comme le coup de gueule pouss\u00e9 sur CNEWS la veille (<a href=\"https:\/\/twitter.com\/CNEWS\/status\/1253344675823587329\" target=\"_blank\" rel=\"noopener noreferrer\">23 avril<\/a>) par le Dr. J\u00e9r\u00f4me Marty, le pr\u00e9sident du syndicat des m\u00e9decins lib\u00e9raux.<\/em><\/p>\n<p style=\"text-align: justify;\"><em><strong>Mise \u00e0 jour de 11h30 :<\/strong> dans la cargaison dont il est question dans la premi\u00e8re vid\u00e9o, il s&#8217;agit de chloroquine (phosphate de chloroquine, plus pr\u00e9cis\u00e9ment), et non d&#8217;hydroxychloroquine \u2014 m\u00e9dicament pr\u00e9conis\u00e9 par l&#8217;\u00e9quipe de l&#8217;IHU M\u00e9diterran\u00e9e-Infection en association avec l&#8217;azithromycine \u2014 c&#8217;est-\u00e0-dire d&#8217;un m\u00e9dicament <strong>plus toxique<\/strong> que l&#8217;hydroxychloroquine ou ses d\u00e9riv\u00e9s (phosphate, sulfate). Sans doute doit-on penser en haut lieu qu&#8217;un militaire, \u00e7a r\u00e9siste \u00e0 tout, et \u00e7a tol\u00e8re par constitution d&#8217;avaler des rem\u00e8des de cheval.<\/em>]<\/p>\n<hr \/>\n<p style=\"text-align: center;\"><iframe loading=\"lazy\" src=\"https:\/\/www.youtube.com\/embed\/5oyjWfB7bR0\" width=\"640\" height=\"360\" frameborder=\"0\" allowfullscreen=\"allowfullscreen\"><\/iframe><\/p>\n<p style=\"text-align: center;\"><iframe loading=\"lazy\" src=\"https:\/\/www.youtube.com\/embed\/a5L3Kq88CQg\" width=\"640\" height=\"360\" frameborder=\"0\" allowfullscreen=\"allowfullscreen\"><\/iframe><\/p>\n<p style=\"text-align: justify;\">Le minist\u00e8re des Arm\u00e9es a reconnu vendredi 24 avril avoir achet\u00e9 de la chloroquine en Chine pour constituer un stock \u00abpar pr\u00e9caution\u00bb, si jamais ce traitement, dont l&#8217;efficacit\u00e9 contre le coronavirus fait d\u00e9bat dans le monde, \u00e9tait finalement valid\u00e9 par les autorit\u00e9s sanitaires.<\/p>\n<p style=\"text-align: justify;\">\u00ab<em>Dans un contexte de fortes tensions des approvisionnements de mati\u00e8res premi\u00e8res \u00e0 usage pharmaceutique, le minist\u00e8re des Arm\u00e9es a r\u00e9alis\u00e9 un achat de pr\u00e9caution, si jamais la chloroquine se r\u00e9v\u00e9lait valid\u00e9e par les autorit\u00e9s de sant\u00e9 comme \u00e9tant utile pour lutter contre le Covid-19<\/em>\u00bb, a d\u00e9clar\u00e9 le minist\u00e8re apr\u00e8s la publication sur les r\u00e9seaux sociaux d&#8217;une vid\u00e9o devenue virale montrant cette livraison \u00e0 destination des arm\u00e9es.<\/p>\n<p style=\"text-align: justify;\">L&#8217;infectiologue fran\u00e7ais Didier Raoult pr\u00f4ne depuis le d\u00e9but de l&#8217;\u00e9pid\u00e9mie l&#8217;utilisation de l&#8217;hydroxychloroquine (d\u00e9riv\u00e9 de la chloroquine, un m\u00e9dicament contre le paludisme, NDLR) pour combattre le coronavirus.<\/p>\n<p><a href=\"https:\/\/www.lefigaro.fr\/flash-actu\/les-armees-ont-achete-de-la-chloroquine-par-precaution-20200424\" target=\"_blank\" rel=\"noopener noreferrer\">Continuer la lecture sur Le Figaro \u2192<\/a><\/p>\n","protected":false},"excerpt":{"rendered":"<p>[Note de l&#8217;administrateur de ce blog : on notera la pudeur du Figaro qui ne donne aucun lien vers la &#8220;vid\u00e9o devenue virale&#8221;. C&#8217;est pourquoi je l&#8217;int\u00e8gre \u00e0 cet article en pr\u00e9ambule&#8230; tout comme le coup de gueule pouss\u00e9 sur CNEWS la veille (23 avril) par le Dr. J\u00e9r\u00f4me Marty, le pr\u00e9sident du syndicat des [&hellip;]<\/p>\n","protected":false},"author":1,"featured_media":0,"comment_status":"open","ping_status":"open","sticky":false,"template":"","format":"video","meta":[],"categories":[4,133,29],"tags":[1562,1521,1548,1679,1676,1153,1573,963,1678,48,1677,1575],"_links":{"self":[{"href":"https:\/\/aitia.fr\/erd\/wp-json\/wp\/v2\/posts\/14777"}],"collection":[{"href":"https:\/\/aitia.fr\/erd\/wp-json\/wp\/v2\/posts"}],"about":[{"href":"https:\/\/aitia.fr\/erd\/wp-json\/wp\/v2\/types\/post"}],"author":[{"embeddable":true,"href":"https:\/\/aitia.fr\/erd\/wp-json\/wp\/v2\/users\/1"}],"replies":[{"embeddable":true,"href":"https:\/\/aitia.fr\/erd\/wp-json\/wp\/v2\/comments?post=14777"}],"version-history":[{"count":10,"href":"https:\/\/aitia.fr\/erd\/wp-json\/wp\/v2\/posts\/14777\/revisions"}],"predecessor-version":[{"id":14787,"href":"https:\/\/aitia.fr\/erd\/wp-json\/wp\/v2\/posts\/14777\/revisions\/14787"}],"wp:attachment":[{"href":"https:\/\/aitia.fr\/erd\/wp-json\/wp\/v2\/media?parent=14777"}],"wp:term":[{"taxonomy":"category","embeddable":true,"href":"https:\/\/aitia.fr\/erd\/wp-json\/wp\/v2\/categories?post=14777"},{"taxonomy":"post_tag","embeddable":true,"href":"https:\/\/aitia.fr\/erd\/wp-json\/wp\/v2\/tags?post=14777"}],"curies":[{"name":"wp","href":"https:\/\/api.w.org\/{rel}","templated":true}]}}