{"id":14770,"date":"2020-04-23T09:31:51","date_gmt":"2020-04-23T07:31:51","guid":{"rendered":"https:\/\/aitia.fr\/erd\/?p=14770"},"modified":"2020-04-23T09:31:51","modified_gmt":"2020-04-23T07:31:51","slug":"le-piratage-covid-commis-par-trump-le-saker-francophone","status":"publish","type":"post","link":"https:\/\/aitia.fr\/erd\/le-piratage-covid-commis-par-trump-le-saker-francophone\/","title":{"rendered":"Le piratage COVID commis par Trump <br>(le saker francophone)"},"content":{"rendered":"<div id=\"attachment_14772\" style=\"width: 460px\" class=\"wp-caption alignleft\"><img aria-describedby=\"caption-attachment-14772\" decoding=\"async\" loading=\"lazy\" class=\"wp-image-14772 size-full\" src=\"https:\/\/aitia.fr\/erd\/wp-content\/uploads\/2020\/04\/Economic_Nationalism.jpg\" alt=\"\" width=\"450\" height=\"253\" srcset=\"https:\/\/aitia.fr\/erd\/wp-content\/uploads\/2020\/04\/Economic_Nationalism.jpg 450w, https:\/\/aitia.fr\/erd\/wp-content\/uploads\/2020\/04\/Economic_Nationalism-300x169.jpg 300w\" sizes=\"(max-width: 450px) 100vw, 450px\" \/><p id=\"caption-attachment-14772\" class=\"wp-caption-text\">&#8220;<em>Est-ce que le nationalisme l&#8217;emportera sur le globalisme ?<\/em>&#8221; <br \/>(avec un jeu de mots sur <em>Trump<\/em> et le verbe <em>to trump<\/em>)<\/p><\/div>\n<p style=\"text-align: justify;\">[<em>Note de l&#8217;administrateur de ce blog : o\u00f9 l&#8217;on voit que la crise du coronavirus est bien plus qu&#8217;une crise sanitaire. De l\u00e0 \u00e0 penser qu&#8217;elle a \u00e9t\u00e9 provoqu\u00e9e&#8230; c&#8217;est une \u00e9ventualit\u00e9 qu&#8217;il faudra \u00e9tudier froidement avec les armes de la raison, mais ces m\u00eames armes montrent d\u00e9j\u00e0 que la r\u00e9solution de la crise est sciemment frein\u00e9e par des int\u00e9r\u00eats hostiles au bien commun. Aux USA comme en France, m\u00eame si de fa\u00e7on diff\u00e9rente.<\/em>]<\/p>\n<hr \/>\n<p style=\"text-align: justify;\"><strong>La redirection pratiqu\u00e9e par les \u00c9tats-Unis d\u2019objets m\u00e9dicaux, tels des masques et d\u2019autres fournitures anti-COVID de premi\u00e8re importance, d\u00e9tourn\u00e9s de leurs destinataires originels et r\u00e9cup\u00e9r\u00e9s au profit des citoyens \u00e9tasuniens n\u2019est pas un acte de <em>\u00ab\u00a0piraterie\u00a0\u00bb<\/em> moderne comme on le pr\u00e9sente souvent, mais un acte r\u00e9volutionnaire de nationalisme \u00e9conomique, en d\u00e9fiance de la mondialisation. Ces actes r\u00e9v\u00e8lent la vraie nature n\u00e9o-r\u00e9aliste des relations internationales, et d\u00e9montrent que le pouvoir g\u00e9opolitique constitue le facteur ultime d\u00e9terminant qui sera vainqueur une fois que le mensonge du syst\u00e8me n\u00e9olib\u00e9ral soi-disant <em>\u00ab\u00a0fonctionnant selon des r\u00e8gles\u00a0\u00bb<\/em> aura \u00e9t\u00e9 expos\u00e9 au grand jour.<\/strong><\/p>\n<h2>Nationalisme \u00e9conomique <em>vs<\/em> mondialisation<\/h2>\n<p style=\"text-align: justify;\">Trump est critiqu\u00e9 sans piti\u00e9 par \u00e0 peu pr\u00e8s l\u2019ensemble de la presse mondiale, apr\u00e8s avoir doubl\u00e9 la mise sur sa politique <em>\u00ab\u00a0America first\u00a0\u00bb<\/em>, exigeant que les compagnies \u00e9tasuniennes \u00e9tablies \u00e0 l\u2019\u00e9tranger accordent la priorit\u00e9 aux objets de sant\u00e9, tels masques et autres \u00e9quipements fondamentaux permettant la lutte contre le COVID, \u00e0 destination des citoyens \u00e9tasuniens plut\u00f4t qu\u2019\u00e0 leurs clients originels ailleurs dans le monde. Cela peut dans certains cas <a href=\"https:\/\/www.mintpressnews.com\/united-states-leads-nations-stealing-coronavirus-equipment\/266360\/\" target=\"_blank\" rel=\"noopener noreferrer\">aller jusque saisir<\/a> ces \u00e9quipements dans des pays \u00e9trangers, pour s\u2019assurer qu\u2019ils parviennent au peuple \u00e9tasunien quoi qu\u2019il arrive. En parall\u00e8le avec cela, le pr\u00e9sident <a href=\"https:\/\/www.reuters.com\/article\/us-health-coronavirus-canada\/canadas-largest-province-says-u-s-blocked-delivery-of-three-million-masks-idUSKBN21O28C\" target=\"_blank\" rel=\"noopener noreferrer\">a \u00e9galement interdit<\/a> aux soci\u00e9t\u00e9s m\u00e9dicales \u00e9tablies aux \u00c9tats-Unis de vendre certains de leurs produits \u00e0 l\u2019\u00e9tranger, \u00e0 des clients tels que le Canada, cr\u00e9ant l\u2019impression pour de nombreux observateurs dans les m\u00e9dias que les \u00c9tats-Unis <em>\u00ab\u00a0font des stocks\u00a0\u00bb<\/em> des \u00e9quipements pouvant sauver des vies, aux d\u00e9pens du reste de la population mondiale. Mais cette interpr\u00e9tation est extr\u00eamement trompeuse, car elle rate le fait central : les politiques men\u00e9es en ce moment par Trump constituent en r\u00e9alit\u00e9 un acte r\u00e9volutionnaire de nationalisme \u00e9conomique, en d\u00e9fiance de la mondialisation, et elles r\u00e9v\u00e8lent la vraie nature n\u00e9o-r\u00e9aliste des relations internationales, et prouvent que le pouvoir g\u00e9opolitique constitue le facteur ultime d\u00e9terminant qui l\u2019emportera une fois que les mensonges du syst\u00e8me n\u00e9o-lib\u00e9ral <em>\u00ab\u00a0fond\u00e9 sur des r\u00e8gles\u00a0\u00bb<\/em> auront \u00e9t\u00e9 expos\u00e9s au grand jour.<\/p>\n<p><a href=\"https:\/\/lesakerfrancophone.fr\/le-piratage-covid-commis-par-trump\" target=\"_blank\" rel=\"noopener noreferrer\">Continuer la lecture sur <em>le saker francophone<\/em> \u2192<\/a><\/p>\n<p>Pour compl\u00e9ter la r\u00e9flexion sur l&#8217;imposture mondialiste (ou globaliste), voir aussi :<\/p>\n<ul>\n<li><a href=\"https:\/\/aitia.fr\/erd\/la-grande-separation\/\" target=\"_blank\" rel=\"noopener noreferrer\">La grande s\u00e9paration<\/a><\/li>\n<li><a href=\"https:\/\/aitia.fr\/erd\/la-bataille-du-discours\/\" target=\"_blank\" rel=\"noopener noreferrer\">La bataille du discours<\/a><\/li>\n<li><a href=\"https:\/\/aitia.fr\/erd\/comprendre-lempire\/\" target=\"_blank\" rel=\"noopener noreferrer\">Comprendre l&#8217;Empire<\/a><\/li>\n<\/ul>\n","protected":false},"excerpt":{"rendered":"<p>[Note de l&#8217;administrateur de ce blog : o\u00f9 l&#8217;on voit que la crise du coronavirus est bien plus qu&#8217;une crise sanitaire. De l\u00e0 \u00e0 penser qu&#8217;elle a \u00e9t\u00e9 provoqu\u00e9e&#8230; c&#8217;est une \u00e9ventualit\u00e9 qu&#8217;il faudra \u00e9tudier froidement avec les armes de la raison, mais ces m\u00eames armes montrent d\u00e9j\u00e0 que la r\u00e9solution de la crise est [&hellip;]<\/p>\n","protected":false},"author":1,"featured_media":0,"comment_status":"open","ping_status":"open","sticky":false,"template":"","format":"standard","meta":[],"categories":[134,29],"tags":[1521,1542,460,1196,963,48,455,1508,1297,1675,1674],"_links":{"self":[{"href":"https:\/\/aitia.fr\/erd\/wp-json\/wp\/v2\/posts\/14770"}],"collection":[{"href":"https:\/\/aitia.fr\/erd\/wp-json\/wp\/v2\/posts"}],"about":[{"href":"https:\/\/aitia.fr\/erd\/wp-json\/wp\/v2\/types\/post"}],"author":[{"embeddable":true,"href":"https:\/\/aitia.fr\/erd\/wp-json\/wp\/v2\/users\/1"}],"replies":[{"embeddable":true,"href":"https:\/\/aitia.fr\/erd\/wp-json\/wp\/v2\/comments?post=14770"}],"version-history":[{"count":4,"href":"https:\/\/aitia.fr\/erd\/wp-json\/wp\/v2\/posts\/14770\/revisions"}],"predecessor-version":[{"id":14775,"href":"https:\/\/aitia.fr\/erd\/wp-json\/wp\/v2\/posts\/14770\/revisions\/14775"}],"wp:attachment":[{"href":"https:\/\/aitia.fr\/erd\/wp-json\/wp\/v2\/media?parent=14770"}],"wp:term":[{"taxonomy":"category","embeddable":true,"href":"https:\/\/aitia.fr\/erd\/wp-json\/wp\/v2\/categories?post=14770"},{"taxonomy":"post_tag","embeddable":true,"href":"https:\/\/aitia.fr\/erd\/wp-json\/wp\/v2\/tags?post=14770"}],"curies":[{"name":"wp","href":"https:\/\/api.w.org\/{rel}","templated":true}]}}