{"id":14747,"date":"2020-04-21T09:49:31","date_gmt":"2020-04-21T07:49:31","guid":{"rendered":"https:\/\/aitia.fr\/erd\/?p=14747"},"modified":"2020-04-21T09:54:49","modified_gmt":"2020-04-21T07:54:49","slug":"si-il-la-dit-edouard-gentaz-via-facebook","status":"publish","type":"post","link":"https:\/\/aitia.fr\/erd\/si-il-la-dit-edouard-gentaz-via-facebook\/","title":{"rendered":"Si, il l&#8217;a dit&#8230; (\u00c9douard Gentaz via facebook)"},"content":{"rendered":"<p style=\"text-align: justify;\">[<em>Note de l&#8217;administrateur de ce blog : commen\u00e7ons la journ\u00e9e dans la bonne humeur. <\/em><\/p>\n<p style=\"text-align: justify;\"><em>Une petite rectification : contrairement \u00e0 ce que laisse entendre \u00c9douard Gentaz sur son compte facebook, Olivier V\u00e9ran \u00e9tait d\u00e9j\u00e0 ministre de la sant\u00e9 (<a href=\"https:\/\/fr.wikipedia.org\/wiki\/Olivier_V%C3%A9ran#Ministre_des_Solidarit%C3%A9s_et_de_la_Sant%C3%A9\" target=\"_blank\" rel=\"noopener noreferrer\">depuis le 16 f\u00e9vrier<\/a>) mais le confinement, lui, n&#8217;\u00e9tait pas encore appliqu\u00e9 (<a href=\"https:\/\/fr.wikipedia.org\/wiki\/Confinement_de_2020_en_France\" target=\"_blank\" rel=\"noopener noreferrer\">il le sera le 17 mars<\/a>).<\/em>]<\/p>\n<hr \/>\n<p style=\"text-align: justify;\">\n<div id=\"fb-root\"><\/div>\n<p><script async=\"1\" defer=\"1\" crossorigin=\"anonymous\" src=\"https:\/\/connect.facebook.net\/fr_FR\/sdk.js#xfbml=1&amp;version=v6.0\"><\/script><\/p>\n<div class=\"fb-video\" data-href=\"https:\/\/www.facebook.com\/100012492879881\/videos\/883763672050054\/\" data-width=\"700\">\n<blockquote cite=\"https:\/\/www.facebook.com\/100012492879881\/videos\/883763672050054\/\" class=\"fb-xfbml-parse-ignore\"><p><a href=\"https:\/\/www.facebook.com\/100012492879881\/videos\/883763672050054\/\"><\/a><\/p>\n<p>Une vid\u00e9o \u00e9tonnante du 9 mars 2020 du futur ministre de la sant\u00e9 sur le lien entre le confinement et les virus !<\/p>\n<p>Publi\u00e9e par <a href=\"https:\/\/www.facebook.com\/people\/Edouard-Gentaz\/100012492879881\">Edouard Gentaz<\/a> sur Dimanche 19 avril 2020<\/p><\/blockquote>\n<\/div>\n<p>&nbsp;<\/p>\n","protected":false},"excerpt":{"rendered":"<p>[Note de l&#8217;administrateur de ce blog : commen\u00e7ons la journ\u00e9e dans la bonne humeur. Une petite rectification : contrairement \u00e0 ce que laisse entendre \u00c9douard Gentaz sur son compte facebook, Olivier V\u00e9ran \u00e9tait d\u00e9j\u00e0 ministre de la sant\u00e9 (depuis le 16 f\u00e9vrier) mais le confinement, lui, n&#8217;\u00e9tait pas encore appliqu\u00e9 (il le sera le 17 [&hellip;]<\/p>\n","protected":false},"author":1,"featured_media":0,"comment_status":"open","ping_status":"open","sticky":false,"template":"","format":"video","meta":[],"categories":[134,133,5],"tags":[1666,1561,956,1521,1542,1524,31,1645],"_links":{"self":[{"href":"https:\/\/aitia.fr\/erd\/wp-json\/wp\/v2\/posts\/14747"}],"collection":[{"href":"https:\/\/aitia.fr\/erd\/wp-json\/wp\/v2\/posts"}],"about":[{"href":"https:\/\/aitia.fr\/erd\/wp-json\/wp\/v2\/types\/post"}],"author":[{"embeddable":true,"href":"https:\/\/aitia.fr\/erd\/wp-json\/wp\/v2\/users\/1"}],"replies":[{"embeddable":true,"href":"https:\/\/aitia.fr\/erd\/wp-json\/wp\/v2\/comments?post=14747"}],"version-history":[{"count":8,"href":"https:\/\/aitia.fr\/erd\/wp-json\/wp\/v2\/posts\/14747\/revisions"}],"predecessor-version":[{"id":14755,"href":"https:\/\/aitia.fr\/erd\/wp-json\/wp\/v2\/posts\/14747\/revisions\/14755"}],"wp:attachment":[{"href":"https:\/\/aitia.fr\/erd\/wp-json\/wp\/v2\/media?parent=14747"}],"wp:term":[{"taxonomy":"category","embeddable":true,"href":"https:\/\/aitia.fr\/erd\/wp-json\/wp\/v2\/categories?post=14747"},{"taxonomy":"post_tag","embeddable":true,"href":"https:\/\/aitia.fr\/erd\/wp-json\/wp\/v2\/tags?post=14747"}],"curies":[{"name":"wp","href":"https:\/\/api.w.org\/{rel}","templated":true}]}}