{"id":14723,"date":"2020-04-17T23:03:20","date_gmt":"2020-04-17T21:03:20","guid":{"rendered":"https:\/\/aitia.fr\/erd\/?p=14723"},"modified":"2020-04-19T23:32:42","modified_gmt":"2020-04-19T21:32:42","slug":"chloroquine-faites-ce-que-je-dis-pas-ce-que-je-fais","status":"publish","type":"post","link":"https:\/\/aitia.fr\/erd\/chloroquine-faites-ce-que-je-dis-pas-ce-que-je-fais\/","title":{"rendered":"Hydroxychloroquine : faites ce que je dis, <br>pas ce que je fais&#8230;"},"content":{"rendered":"<p style=\"text-align: justify;\">[<em>Note de l&#8217;administrateur de ce blog : aucun commentaire n\u00e9cessaire&#8230;<\/em>]<\/p>\n<hr \/>\n<p style=\"text-align: center;\">\n<blockquote class=\"twitter-tweet\" data-width=\"550\" data-dnt=\"true\">\n<p lang=\"fr\" dir=\"ltr\">Le producteur de films Raymond Blumenthal atteint du Covid-19 a \u00e9t\u00e9 hospitalis\u00e9 \u00e0 l\u2019h\u00f4pital de Percy et soign\u00e9 par Agn\u00e8s Buzyn \u00e0 l\u2019hydroxychloroquine. <a href=\"https:\/\/t.co\/sVMpeAzY12\">pic.twitter.com\/sVMpeAzY12<\/a><\/p>\n<p>&mdash; Elo\u00efse Benhammou (@EloiseBenhammou) <a href=\"https:\/\/twitter.com\/EloiseBenhammou\/status\/1251140336124133376?ref_src=twsrc%5Etfw\">April 17, 2020<\/a><\/p><\/blockquote>\n<p><script async src=\"https:\/\/platform.twitter.com\/widgets.js\" charset=\"utf-8\"><\/script><\/p>\n<p><strong>Mise \u00e0 jour du 19 avril :<\/strong> tweet supprim\u00e9 (j&#8217;ignore pourquoi) donc pour ceux qui douteraient, copie d&#8217;\u00e9cran :<\/p>\n<p><a href=\"https:\/\/aitia.fr\/erd\/chloroquine-faites-ce-que-je-dis-pas-ce-que-je-fais\/capture-decran-2020-04-18-a-11-43-37\/\" target=\"_blank\" rel=\"noopener noreferrer\"><img decoding=\"async\" loading=\"lazy\" class=\"aligncenter wp-image-14732 size-large\" src=\"https:\/\/aitia.fr\/erd\/wp-content\/uploads\/2020\/04\/Capture-d\u2019e\u0301cran-2020-04-18-a\u0300-11.43.37-1024x930.png\" alt=\"\" width=\"700\" height=\"636\" srcset=\"https:\/\/aitia.fr\/erd\/wp-content\/uploads\/2020\/04\/Capture-d\u2019e\u0301cran-2020-04-18-a\u0300-11.43.37-1024x930.png 1024w, https:\/\/aitia.fr\/erd\/wp-content\/uploads\/2020\/04\/Capture-d\u2019e\u0301cran-2020-04-18-a\u0300-11.43.37-300x273.png 300w, https:\/\/aitia.fr\/erd\/wp-content\/uploads\/2020\/04\/Capture-d\u2019e\u0301cran-2020-04-18-a\u0300-11.43.37-768x698.png 768w, https:\/\/aitia.fr\/erd\/wp-content\/uploads\/2020\/04\/Capture-d\u2019e\u0301cran-2020-04-18-a\u0300-11.43.37-600x545.png 600w, https:\/\/aitia.fr\/erd\/wp-content\/uploads\/2020\/04\/Capture-d\u2019e\u0301cran-2020-04-18-a\u0300-11.43.37.png 1204w\" sizes=\"(max-width: 700px) 100vw, 700px\" \/><\/a><\/p>\n","protected":false},"excerpt":{"rendered":"<p>[Note de l&#8217;administrateur de ce blog : aucun commentaire n\u00e9cessaire&#8230;] Le producteur de films Raymond Blumenthal atteint du Covid-19 a \u00e9t\u00e9 hospitalis\u00e9 \u00e0 l\u2019h\u00f4pital de Percy et soign\u00e9 par Agn\u00e8s Buzyn \u00e0 l\u2019hydroxychloroquine. pic.twitter.com\/sVMpeAzY12 &mdash; Elo\u00efse Benhammou (@EloiseBenhammou) April 17, 2020 Mise \u00e0 jour du 19 avril : tweet supprim\u00e9 (j&#8217;ignore pourquoi) donc pour ceux [&hellip;]<\/p>\n","protected":false},"author":1,"featured_media":0,"comment_status":"open","ping_status":"open","sticky":false,"template":"","format":"video","meta":[],"categories":[4,133,29],"tags":[729,1562,956,1521,1542,1573,1404,1658],"_links":{"self":[{"href":"https:\/\/aitia.fr\/erd\/wp-json\/wp\/v2\/posts\/14723"}],"collection":[{"href":"https:\/\/aitia.fr\/erd\/wp-json\/wp\/v2\/posts"}],"about":[{"href":"https:\/\/aitia.fr\/erd\/wp-json\/wp\/v2\/types\/post"}],"author":[{"embeddable":true,"href":"https:\/\/aitia.fr\/erd\/wp-json\/wp\/v2\/users\/1"}],"replies":[{"embeddable":true,"href":"https:\/\/aitia.fr\/erd\/wp-json\/wp\/v2\/comments?post=14723"}],"version-history":[{"count":8,"href":"https:\/\/aitia.fr\/erd\/wp-json\/wp\/v2\/posts\/14723\/revisions"}],"predecessor-version":[{"id":14734,"href":"https:\/\/aitia.fr\/erd\/wp-json\/wp\/v2\/posts\/14723\/revisions\/14734"}],"wp:attachment":[{"href":"https:\/\/aitia.fr\/erd\/wp-json\/wp\/v2\/media?parent=14723"}],"wp:term":[{"taxonomy":"category","embeddable":true,"href":"https:\/\/aitia.fr\/erd\/wp-json\/wp\/v2\/categories?post=14723"},{"taxonomy":"post_tag","embeddable":true,"href":"https:\/\/aitia.fr\/erd\/wp-json\/wp\/v2\/tags?post=14723"}],"curies":[{"name":"wp","href":"https:\/\/api.w.org\/{rel}","templated":true}]}}