{"id":14698,"date":"2020-04-08T14:56:04","date_gmt":"2020-04-08T12:56:04","guid":{"rendered":"https:\/\/aitia.fr\/erd\/?p=14698"},"modified":"2020-04-08T14:56:04","modified_gmt":"2020-04-08T12:56:04","slug":"didier-raoult-lhomme-et-le-medecin","status":"publish","type":"post","link":"https:\/\/aitia.fr\/erd\/didier-raoult-lhomme-et-le-medecin\/","title":{"rendered":"Didier Raoult, l&#8217;homme et le m\u00e9decin"},"content":{"rendered":"<p style=\"text-align: justify;\">[<em>Note de l&#8217;administrateur de ce blog : vous trouverez ci-dessous 2 vid\u00e9os permettant de mieux cerner le Pr. Raoult : la premi\u00e8re, diffus\u00e9e le 7 avril par la cha\u00eene s\u00e9n\u00e9galaise <a href=\"https:\/\/www.youtube.com\/channel\/UCIdNAY1QlzXahhX6lsZv2kg\/featured\" target=\"_blank\" rel=\"noopener noreferrer\">emedia-Invest<\/a>, situe son parcours personnel et notamment son enfance \u00e0 Dakar o\u00f9 son p\u00e8re \u00e9tait m\u00e9decin militaire ; la seconde, datant du 8 avril et r\u00e9alis\u00e9e par l&#8217;<a href=\"https:\/\/www.mediterranee-infection.com\/\" target=\"_blank\" rel=\"noopener noreferrer\">IHU M\u00e9diterran\u00e9e-Infection<\/a> dont il est le directeur, fait le point sur la situation actuelle de la pand\u00e9mie COVID-19, en pointant notamment la situation ubuesque de malades \u00e0 qui l&#8217;on prescrit habituellement de l&#8217;hydroxychloroquine pour d&#8217;autres raisons (lupus, polyarthrite rhumato\u00efde&#8230;) et qui se voient de fait interdits de traitement, alors qu&#8217;il y a quelques mois il \u00e9tait disponible sans ordonnance ! <\/em><\/p>\n<p style=\"text-align: justify;\"><em>Le Pr. Raoult se montre aussi inquiet pour les <a href=\"https:\/\/fr.wikipedia.org\/wiki\/%C3%89tablissement_d%27h%C3%A9bergement_pour_personnes_%C3%A2g%C3%A9es_d%C3%A9pendantes\" target=\"_blank\" rel=\"noopener noreferrer\">EHPAD<\/a> (maisons de retraite, en ancien fran\u00e7ais) o\u00f9 il juge absurde de confiner sans distinction des personnes contamin\u00e9es et d&#8217;autres qui ne le sont pas, avec la perspective de finir par contaminer tout le monde et ceci dans une population particuli\u00e8rement \u00e0 risque.<\/em><\/p>\n<p style=\"text-align: justify;\"><em>Les derniers chiffres publi\u00e9s par l&#8217;IHU M\u00e9diterran\u00e9e-Infection sur la pand\u00e9mie COVID-19 sont <a href=\"https:\/\/www.mediterranee-infection.com\/covid-19\/\" target=\"_blank\" rel=\"noopener noreferrer\">sur cette page<\/a>, et chacun pourra calculer que la mortalit\u00e9 <strong>parmi les patients trait\u00e9s<\/strong> dans cet institut \u2014 et donc pas calcul\u00e9e sur le nombre total de personnes infect\u00e9es, n\u00e9cessairement sup\u00e9rieur \u2014 est d&#8217;un peu moins de 0,5%.<\/em><\/p>\n<p style=\"text-align: justify;\"><em>Comme il le souligne, des gens en France \u2014 &#8220;experts&#8221; m\u00e9dicaux qui ne sont plus m\u00e9decins ou ne l&#8217;ont jamais \u00e9t\u00e9 \u2014 sont devenus fous, et le drame est qu&#8217;ils ont un r\u00e9el pouvoir de nuisance. <\/em>]<\/p>\n<hr \/>\n<p style=\"text-align: center;\"><iframe loading=\"lazy\" src=\"https:\/\/www.youtube.com\/embed\/5CfmpcFN6GU\" width=\"640\" height=\"360\" frameborder=\"0\" allowfullscreen=\"allowfullscreen\"><\/iframe><\/p>\n<p style=\"text-align: center;\"><iframe loading=\"lazy\" src=\"https:\/\/www.youtube.com\/embed\/a2HgVJpVWIc\" width=\"640\" height=\"360\" frameborder=\"0\" allowfullscreen=\"allowfullscreen\"><\/iframe><\/p>\n","protected":false},"excerpt":{"rendered":"<p>[Note de l&#8217;administrateur de ce blog : vous trouverez ci-dessous 2 vid\u00e9os permettant de mieux cerner le Pr. Raoult : la premi\u00e8re, diffus\u00e9e le 7 avril par la cha\u00eene s\u00e9n\u00e9galaise emedia-Invest, situe son parcours personnel et notamment son enfance \u00e0 Dakar o\u00f9 son p\u00e8re \u00e9tait m\u00e9decin militaire ; la seconde, datant du 8 avril et [&hellip;]<\/p>\n","protected":false},"author":1,"featured_media":0,"comment_status":"open","ping_status":"open","sticky":false,"template":"","format":"video","meta":[],"categories":[4,133,29],"tags":[1194,1615,1521,1542,1012,1654,1573,1546,1575,481,1653,1558],"_links":{"self":[{"href":"https:\/\/aitia.fr\/erd\/wp-json\/wp\/v2\/posts\/14698"}],"collection":[{"href":"https:\/\/aitia.fr\/erd\/wp-json\/wp\/v2\/posts"}],"about":[{"href":"https:\/\/aitia.fr\/erd\/wp-json\/wp\/v2\/types\/post"}],"author":[{"embeddable":true,"href":"https:\/\/aitia.fr\/erd\/wp-json\/wp\/v2\/users\/1"}],"replies":[{"embeddable":true,"href":"https:\/\/aitia.fr\/erd\/wp-json\/wp\/v2\/comments?post=14698"}],"version-history":[{"count":5,"href":"https:\/\/aitia.fr\/erd\/wp-json\/wp\/v2\/posts\/14698\/revisions"}],"predecessor-version":[{"id":14703,"href":"https:\/\/aitia.fr\/erd\/wp-json\/wp\/v2\/posts\/14698\/revisions\/14703"}],"wp:attachment":[{"href":"https:\/\/aitia.fr\/erd\/wp-json\/wp\/v2\/media?parent=14698"}],"wp:term":[{"taxonomy":"category","embeddable":true,"href":"https:\/\/aitia.fr\/erd\/wp-json\/wp\/v2\/categories?post=14698"},{"taxonomy":"post_tag","embeddable":true,"href":"https:\/\/aitia.fr\/erd\/wp-json\/wp\/v2\/tags?post=14698"}],"curies":[{"name":"wp","href":"https:\/\/api.w.org\/{rel}","templated":true}]}}