{"id":14584,"date":"2020-03-29T09:34:17","date_gmt":"2020-03-29T07:34:17","guid":{"rendered":"https:\/\/aitia.fr\/erd\/?p=14584"},"modified":"2020-03-29T09:35:20","modified_gmt":"2020-03-29T07:35:20","slug":"appel-de-philippe-douste-blazy-medecin-et-ancien-ministre-de-la-sante","status":"publish","type":"post","link":"https:\/\/aitia.fr\/erd\/appel-de-philippe-douste-blazy-medecin-et-ancien-ministre-de-la-sante\/","title":{"rendered":"Appel de Philippe Douste-Blazy, m\u00e9decin <br>et ancien ministre de la sant\u00e9"},"content":{"rendered":"<p>[<em>Note de l&#8217;administrateur de ce blog : une vid\u00e9o du 26 mars 2020 d&#8217;apr\u00e8s YouTube.<\/em>]<\/p>\n<hr \/>\n<p style=\"text-align: center;\"><iframe loading=\"lazy\" src=\"https:\/\/www.youtube.com\/embed\/wBZjLq0aB58\" width=\"640\" height=\"360\" frameborder=\"0\" allowfullscreen=\"allowfullscreen\"><span style=\"display: inline-block; width: 0px; overflow: hidden; line-height: 0;\" data-mce-type=\"bookmark\" class=\"mce_SELRES_start\">\ufeff<\/span><\/iframe><\/p>\n","protected":false},"excerpt":{"rendered":"<p>[Note de l&#8217;administrateur de ce blog : une vid\u00e9o du 26 mars 2020 d&#8217;apr\u00e8s YouTube.] \ufeff<\/p>\n","protected":false},"author":1,"featured_media":0,"comment_status":"open","ping_status":"open","sticky":false,"template":"","format":"video","meta":[],"categories":[4,133],"tags":[1599,1542,1573,1546,1598,1558,1600],"_links":{"self":[{"href":"https:\/\/aitia.fr\/erd\/wp-json\/wp\/v2\/posts\/14584"}],"collection":[{"href":"https:\/\/aitia.fr\/erd\/wp-json\/wp\/v2\/posts"}],"about":[{"href":"https:\/\/aitia.fr\/erd\/wp-json\/wp\/v2\/types\/post"}],"author":[{"embeddable":true,"href":"https:\/\/aitia.fr\/erd\/wp-json\/wp\/v2\/users\/1"}],"replies":[{"embeddable":true,"href":"https:\/\/aitia.fr\/erd\/wp-json\/wp\/v2\/comments?post=14584"}],"version-history":[{"count":3,"href":"https:\/\/aitia.fr\/erd\/wp-json\/wp\/v2\/posts\/14584\/revisions"}],"predecessor-version":[{"id":14587,"href":"https:\/\/aitia.fr\/erd\/wp-json\/wp\/v2\/posts\/14584\/revisions\/14587"}],"wp:attachment":[{"href":"https:\/\/aitia.fr\/erd\/wp-json\/wp\/v2\/media?parent=14584"}],"wp:term":[{"taxonomy":"category","embeddable":true,"href":"https:\/\/aitia.fr\/erd\/wp-json\/wp\/v2\/categories?post=14584"},{"taxonomy":"post_tag","embeddable":true,"href":"https:\/\/aitia.fr\/erd\/wp-json\/wp\/v2\/tags?post=14584"}],"curies":[{"name":"wp","href":"https:\/\/api.w.org\/{rel}","templated":true}]}}