{"id":14521,"date":"2020-03-24T15:58:58","date_gmt":"2020-03-24T14:58:58","guid":{"rendered":"https:\/\/aitia.fr\/erd\/?p=14521"},"modified":"2020-03-27T10:23:31","modified_gmt":"2020-03-27T09:23:31","slug":"hydroxychloroquine-comment-la-mauvaise-science-est-devenue-une-religion-anthropo-logiques","status":"publish","type":"post","link":"https:\/\/aitia.fr\/erd\/hydroxychloroquine-comment-la-mauvaise-science-est-devenue-une-religion-anthropo-logiques\/","title":{"rendered":"Hydroxychloroquine : comment la mauvaise science est <br>devenue une religion (Anthropo-logiques)"},"content":{"rendered":"<p style=\"text-align: justify;\"><img decoding=\"async\" loading=\"lazy\" class=\"alignleft size-full wp-image-14526\" src=\"https:\/\/aitia.fr\/erd\/wp-content\/uploads\/2020\/03\/bombe-retardement-copie.jpg\" alt=\"\" width=\"450\" height=\"399\" srcset=\"https:\/\/aitia.fr\/erd\/wp-content\/uploads\/2020\/03\/bombe-retardement-copie.jpg 450w, https:\/\/aitia.fr\/erd\/wp-content\/uploads\/2020\/03\/bombe-retardement-copie-300x266.jpg 300w\" sizes=\"(max-width: 450px) 100vw, 450px\" \/>[<em>Note de l&#8217;administrateur de ce blog : dans la droite ligne de <a href=\"https:\/\/aitia.fr\/erd\/covid-19-fin-de-partie-anthropo-logiques\/\" target=\"_blank\" rel=\"noopener noreferrer\">l&#8217;article repris r\u00e9cemment<\/a> du m\u00eame auteur, mais en plus p\u00eachu et avec un peu moins de convenances. L&#8217;article a \u00e9t\u00e9 publi\u00e9 \u00e0 04h16, on sent que l&#8217;auteur n&#8217;a pas beaucoup dormi (quelques fautes sont l\u00e0 pour t\u00e9moigner de l&#8217;\u00e9tat de fatigue) et surtout qu&#8217;il est &#8220;un peu&#8221; \u00e9nerv\u00e9 que des menteurs imp\u00e9nitents grassement r\u00e9mun\u00e9r\u00e9s dictent leur loi au brave peuple na\u00eff (plus pour longtemps) qui les croit r\u00e9ellement porteurs de science (mais plus pour longtemps non plus).<\/em>]<\/p>\n<hr \/>\n<p><em>par Jean-Dominique Michel, anthropologue m\u00e9dical et expert en sant\u00e9 publique, Gen\u00e8ve.<\/em><\/p>\n<p style=\"text-align: justify;\">Sc\u00e8nes surr\u00e9alistes dans l\u2019Hexagone, avec un bras de fer entre l\u2019IHU M\u00e9diterran\u00e9e-Infection et le gouvernement autour de la prescription d\u2019hydroxychloroquine contre le Covid. Dimanche, Marseille <a href=\"https:\/\/www.mediterranee-infection.com\/epidemie-a-coronavirus-covid-19\/\" target=\"_blank\" rel=\"noopener noreferrer\">passait en force<\/a> en invoquant le serment d\u2019Hippocrate et une question \u00e9thique fondamentale :<\/p>\n<blockquote>\n<p style=\"text-align: justify;\"><em>Conform\u00e9ment au serment d\u2019Hippocrate que nous avons pr\u00eat\u00e9, nous ob\u00e9issons \u00e0 notre devoir de m\u00e9decin. Nous faisons b\u00e9n\u00e9ficier \u00e0 nos patients de la meilleure prise en charge pour le diagnostic et le traitement d\u2019une maladie. Nous respectons les r\u00e8gles de l\u2019art et les donn\u00e9es les plus r\u00e9cemment acquises de la science m\u00e9dicale.<\/em><\/p>\n<p style=\"text-align: justify;\"><em>Nous avons d\u00e9cid\u00e9 :<br \/>\n<\/em><em>\u00b7<\/em><em> Pour les tous les malades f\u00e9briles qui viennent nous consulter, de pratiquer les tests pour le diagnostic d\u2019infection \u00e0 Covid 19 ;<br \/>\n<\/em><em>\u00b7<\/em><em> Pour tous les patients infect\u00e9s, dont un grand nombre peu symptomatiques ont des l\u00e9sions pulmonaires au scanner, de proposer au plus t\u00f4t de la maladie, d\u00e8s le diagnostic :<br \/>\n\u2013 un traitement par l\u2019association hydroxychloroquine (200 mg x 3 par jour pour 10 jours) + Azithromycine (500 mg le 1er jour puis 250 mg par jour pour 5 jours de plus), dans le cadre des pr\u00e9cautions d\u2019usage de cette association (avec notamment un \u00e9lectrocardiogramme \u00e0 J0 et J2), et hors AMM. Dans les cas de pneumonie s\u00e9v\u00e8re, un antibiotique \u00e0 large spectre est \u00e9galement associ\u00e9.<\/em><\/p>\n<p style=\"text-align: justify;\"><em>Nous pensons qu\u2019il n\u2019est pas moral que cette association ne soit pas inclue syst\u00e9matiquement dans les essais th\u00e9rapeutiques concernant le traitement de l\u2019infection \u00e0 Covid-19 en France.<\/em><\/p>\n<\/blockquote>\n<p><\/p>\n<p style=\"text-align: justify;\">Le retour de b\u00e2ton (ou plut\u00f4t le coup de pied de l&#8217;\u00e2ne) ne se faisait pas attendre puisque pas plus tard que le lendemain, le ministre de la Sant\u00e9 annon\u00e7ait formellement son opposition \u00e0 ce que les m\u00e9decins de ville fassent usage de ce traitement hors de l&#8217;h\u00f4pital. Les noms d\u2019oiseau se mirent \u00e0 fuser de plus belle. Raoult continue \u00e9videmment d\u2019agacer et de s\u2019ali\u00e9ner bien des soutiens en affirmant par exemple qu\u2019il \u00ab <em>n\u2019en a rien \u00e0 fiche de l\u2019avis de ses coll\u00e8gues ou du minist\u00e8re<\/em> \u00bb.<\/p>\n<p style=\"text-align: justify;\">Lesquels \u00e9voquent le besoin de certitude scientifique (<em>whatever that means<\/em>, nous y viendrons) avant d\u2019autoriser les g\u00e9n\u00e9ralistes \u00e0 prescrire l\u2019hydroxychloroquine. Ambiance.<\/p>\n<p><a href=\"http:\/\/jdmichel.blog.tdg.ch\/archive\/2020\/03\/24\/hydroxychloroquine-comment-la-mauvaise-science-est-devenue-u-305255.html\" target=\"_blank\" rel=\"noopener noreferrer\">Continuer la lecture sur Anthropo-logiques \u2192<\/a><\/p>\n","protected":false},"excerpt":{"rendered":"<p>[Note de l&#8217;administrateur de ce blog : dans la droite ligne de l&#8217;article repris r\u00e9cemment du m\u00eame auteur, mais en plus p\u00eachu et avec un peu moins de convenances. L&#8217;article a \u00e9t\u00e9 publi\u00e9 \u00e0 04h16, on sent que l&#8217;auteur n&#8217;a pas beaucoup dormi (quelques fautes sont l\u00e0 pour t\u00e9moigner de l&#8217;\u00e9tat de fatigue) et surtout [&hellip;]<\/p>\n","protected":false},"author":1,"featured_media":0,"comment_status":"open","ping_status":"open","sticky":false,"template":"","format":"standard","meta":[],"categories":[4,134,3,29],"tags":[1578,1562,425,1542,1577,1576,1573,702,194,1575,182,1574],"_links":{"self":[{"href":"https:\/\/aitia.fr\/erd\/wp-json\/wp\/v2\/posts\/14521"}],"collection":[{"href":"https:\/\/aitia.fr\/erd\/wp-json\/wp\/v2\/posts"}],"about":[{"href":"https:\/\/aitia.fr\/erd\/wp-json\/wp\/v2\/types\/post"}],"author":[{"embeddable":true,"href":"https:\/\/aitia.fr\/erd\/wp-json\/wp\/v2\/users\/1"}],"replies":[{"embeddable":true,"href":"https:\/\/aitia.fr\/erd\/wp-json\/wp\/v2\/comments?post=14521"}],"version-history":[{"count":8,"href":"https:\/\/aitia.fr\/erd\/wp-json\/wp\/v2\/posts\/14521\/revisions"}],"predecessor-version":[{"id":14532,"href":"https:\/\/aitia.fr\/erd\/wp-json\/wp\/v2\/posts\/14521\/revisions\/14532"}],"wp:attachment":[{"href":"https:\/\/aitia.fr\/erd\/wp-json\/wp\/v2\/media?parent=14521"}],"wp:term":[{"taxonomy":"category","embeddable":true,"href":"https:\/\/aitia.fr\/erd\/wp-json\/wp\/v2\/categories?post=14521"},{"taxonomy":"post_tag","embeddable":true,"href":"https:\/\/aitia.fr\/erd\/wp-json\/wp\/v2\/tags?post=14521"}],"curies":[{"name":"wp","href":"https:\/\/api.w.org\/{rel}","templated":true}]}}