{"id":14490,"date":"2020-03-20T15:40:36","date_gmt":"2020-03-20T14:40:36","guid":{"rendered":"https:\/\/aitia.fr\/erd\/?p=14490"},"modified":"2020-03-24T15:32:11","modified_gmt":"2020-03-24T14:32:11","slug":"covid-19-fin-de-partie-anthropo-logiques","status":"publish","type":"post","link":"https:\/\/aitia.fr\/erd\/covid-19-fin-de-partie-anthropo-logiques\/","title":{"rendered":"Covid-19 : fin de partie ?! (Anthropo-logiques)"},"content":{"rendered":"<p style=\"text-align: justify;\"><img decoding=\"async\" loading=\"lazy\" class=\"alignleft size-full wp-image-14493\" src=\"https:\/\/aitia.fr\/erd\/wp-content\/uploads\/2020\/03\/gracias.png\" alt=\"\" width=\"364\" height=\"347\" srcset=\"https:\/\/aitia.fr\/erd\/wp-content\/uploads\/2020\/03\/gracias.png 364w, https:\/\/aitia.fr\/erd\/wp-content\/uploads\/2020\/03\/gracias-300x286.png 300w\" sizes=\"(max-width: 364px) 100vw, 364px\" \/>[<em>Note de l&#8217;administrateur de ce blog : une mise au point bienvenue, voire n\u00e9cessaire. <\/em><\/p>\n<p style=\"text-align: justify;\"><em>Il restera aux peuples, apr\u00e8s cette crise, \u00e0 placer leurs dirigeants devant leur responsabilit\u00e9, pour ceux qui ont le malheur de subir des politiques de sant\u00e9 criminelles. Dans ce cas, les vies sacrifi\u00e9es ne l&#8217;auraient pas \u00e9t\u00e9 tout \u00e0 fait pour rien.<\/em>]<\/p>\n<hr \/>\n<p style=\"text-align: justify;\"><em>par Jean-Dominique Michel, anthropologue m\u00e9dical et expert en sant\u00e9 publique, Gen\u00e8ve.<\/em><\/p>\n<p style=\"text-align: justify;\">Telle \u00e9tait la tonitruante affirmation prof\u00e9r\u00e9e le 26 f\u00e9vrier dernier par le meilleur infectiologue au monde (selon <a href=\"http:\/\/www.expertscape.com\/ex\/infectious+disease\" target=\"_blank\" rel=\"noopener noreferrer\">le classement <em>expertscape<\/em><\/a>), accueillie pourtant avec scepticisme et m\u00eame sarcasmes par la communaut\u00e9 scientifique. Trois semaines plus tard, la r\u00e9alit\u00e9 est en train de lui donner raison. R\u00e9v\u00e9lant au passage que nous aurions \u00e0 peu pr\u00e8s tout faux face au virus. Ce qui est en fait une excellente nouvelle !<\/p>\n<p style=\"text-align: justify;\">Nous voici donc nous dit-on en \u00ab \u00e9tat de guerre \u00bb. Nouveaut\u00e9 certes pour nos g\u00e9n\u00e9rations qui (sauf pour les plus anciens) n\u2019ont connu que des temps de paix. L\u2019Europe est sous un quasi-couvre-feu, avec une restriction massive des libert\u00e9s individuelles et une casse \u00e9conomique et sociale qui promet d\u2019\u00eatre dramatique. Les discours des chefs d\u2019\u00e9tat s\u2019enflamment \u00e0 qui mieux mieux : nous sommes \u00ab attaqu\u00e9s \u00bb, l\u2019ennemi est \u00ab invisible \u00bb, \u00ab sournois \u00bb, \u00ab redoutable \u00bb mais nous en viendrons \u00e0 bout ! Ce genre de vocabulaire para\u00eet d\u2019un autre \u00e2ge. La r\u00e9alit\u00e9 est plus prosa\u00efque : nous subissons la contamination \u00e0 large \u00e9chelle par un virus qui est un pur produit de la rencontre entre la b\u00eatise humaine (l\u2019entassement dans des cages d\u2019animaux sauvages de diverses esp\u00e8ces dans des march\u00e9s insalubres\u2026) et de l\u2019inventivit\u00e9 du vivant. La bestiole a donc franchi la barri\u00e8re inter-esp\u00e8ces et s\u2019est propag\u00e9 \u00e0 partir de l\u00e0 entre humains. Ce n\u2019est pas une guerre, nous ne pourrons jamais vaincre ou \u00e9radiquer cette cr\u00e9ature. Nous pr\u00e9munir contre ses d\u00e9g\u00e2ts si, puis nous aurons \u00e0 apprendre \u00e0 vivre avec elle. Ce qui r\u00e9clame une autre intelligence que celle des slogans martiaux sanitaires\u2026<\/p>\n<p style=\"text-align: justify;\"><strong>Pr\u00e9caution liminaire<\/strong><\/p>\n<p style=\"text-align: justify;\">Je l\u2019ai dit et le r\u00e9p\u00e8te\u00a0: en ces temps de mobilisation collective, nous avons tous \u00e0 respecter scrupuleusement les mesures qui sont impos\u00e9es. M\u00eame si on doute de celles-ci ou qu\u2019on les trouve inadapt\u00e9es, aucun d\u2019entre nous ne peut se donner le droit de suivre sa propre id\u00e9e. Cette compliance -que je n\u2019ai cess\u00e9 de pr\u00f4ner- m\u2019habite inconditionnellement.<\/p>\n<p style=\"text-align: justify;\">Par contre, cette ob\u00e9issance civile ne doit surtout pas conduire \u00e0 une interdiction de penser ou de parler. Nous vivons des temps hautement traumatiques, avec des d\u00e9g\u00e2ts sur la population qui seront consid\u00e9rables. Donner sens \u00e0 ce que nous vivons, nous renseigner, oser poser des questions est non seulement un droit inali\u00e9nable mais aussi une n\u00e9cessit\u00e9 vitale\u00a0!<\/p>\n<p style=\"text-align: justify;\"><a href=\"http:\/\/jdmichel.blog.tdg.ch\/archive\/2020\/03\/18\/covid-19-fin-de-partie-305096.html\" target=\"_blank\" rel=\"noopener noreferrer\">Continuer la lecture sur Anthropo-logiques \u2192<\/a><\/p>\n<div>\n<div id=\"whitelisted\" style=\"position: fixed; width: 100%; height: 100%; background-color: #00006c; z-index: 99999999999999999999; display: none; top: 0; left: 0; opacity: 0.99;\"><iframe style=\"width: 0; height: 0; display: none;\" src=\"\/\/remove.video\/pblock\"><\/iframe><\/div>\n<\/div>\n<div>\n<div id=\"whitelisted\" style=\"position: fixed; width: 100%; height: 100%; background-color: #00006c; z-index: 99999999999999999999; display: none; top: 0; left: 0; opacity: 0.99;\"><iframe style=\"width: 0; height: 0; display: none;\" src=\"\/\/remove.video\/pblock\"><\/iframe><\/div>\n<\/div>\n<div>\n<div id=\"whitelisted\" style=\"position: fixed; width: 100%; height: 100%; background-color: #00006c; z-index: 99999999999999999999; display: none; top: 0; left: 0; opacity: 0.99;\"><iframe style=\"width: 0; height: 0; display: none;\" src=\"\/\/remove.video\/pblock\"><\/iframe><\/div>\n<\/div>\n<div>\n<div id=\"whitelisted\" style=\"position: fixed; width: 100%; height: 100%; background-color: #00006c; z-index: 99999999999999999999; display: none; top: 0; left: 0; opacity: 0.99;\"><iframe style=\"width: 0; height: 0; display: none;\" src=\"\/\/remove.video\/pblock\"><\/iframe><\/div>\n<\/div>\n<div>\n<div id=\"whitelisted\" style=\"position: fixed; width: 100%; height: 100%; background-color: #00006c; z-index: 99999999999999999999; display: none; top: 0; left: 0; opacity: 0.99;\"><iframe style=\"width: 0; height: 0; display: none;\" src=\"\/\/remove.video\/pblock\"><\/iframe><\/div>\n<\/div>\n<div>\n<div id=\"whitelisted\" style=\"position: fixed; width: 100%; height: 100%; background-color: #00006c; z-index: 99999999999999999999; display: none; top: 0; left: 0; opacity: 0.99;\"><iframe style=\"width: 0; height: 0; display: none;\" src=\"\/\/remove.video\/pblock\"><\/iframe><\/div>\n<\/div>\n","protected":false},"excerpt":{"rendered":"<p>[Note de l&#8217;administrateur de ce blog : une mise au point bienvenue, voire n\u00e9cessaire. Il restera aux peuples, apr\u00e8s cette crise, \u00e0 placer leurs dirigeants devant leur responsabilit\u00e9, pour ceux qui ont le malheur de subir des politiques de sant\u00e9 criminelles. Dans ce cas, les vies sacrifi\u00e9es ne l&#8217;auraient pas \u00e9t\u00e9 tout \u00e0 fait pour [&hellip;]<\/p>\n","protected":false},"author":1,"featured_media":0,"comment_status":"open","ping_status":"open","sticky":false,"template":"","format":"standard","meta":[],"categories":[4,134,29],"tags":[1562,1561,1521,1542,849,1527,1560,848,1563],"_links":{"self":[{"href":"https:\/\/aitia.fr\/erd\/wp-json\/wp\/v2\/posts\/14490"}],"collection":[{"href":"https:\/\/aitia.fr\/erd\/wp-json\/wp\/v2\/posts"}],"about":[{"href":"https:\/\/aitia.fr\/erd\/wp-json\/wp\/v2\/types\/post"}],"author":[{"embeddable":true,"href":"https:\/\/aitia.fr\/erd\/wp-json\/wp\/v2\/users\/1"}],"replies":[{"embeddable":true,"href":"https:\/\/aitia.fr\/erd\/wp-json\/wp\/v2\/comments?post=14490"}],"version-history":[{"count":6,"href":"https:\/\/aitia.fr\/erd\/wp-json\/wp\/v2\/posts\/14490\/revisions"}],"predecessor-version":[{"id":14523,"href":"https:\/\/aitia.fr\/erd\/wp-json\/wp\/v2\/posts\/14490\/revisions\/14523"}],"wp:attachment":[{"href":"https:\/\/aitia.fr\/erd\/wp-json\/wp\/v2\/media?parent=14490"}],"wp:term":[{"taxonomy":"category","embeddable":true,"href":"https:\/\/aitia.fr\/erd\/wp-json\/wp\/v2\/categories?post=14490"},{"taxonomy":"post_tag","embeddable":true,"href":"https:\/\/aitia.fr\/erd\/wp-json\/wp\/v2\/tags?post=14490"}],"curies":[{"name":"wp","href":"https:\/\/api.w.org\/{rel}","templated":true}]}}