{"id":14330,"date":"2020-02-15T14:57:29","date_gmt":"2020-02-15T13:57:29","guid":{"rendered":"https:\/\/aitia.fr\/erd\/?p=14330"},"modified":"2020-03-18T16:18:51","modified_gmt":"2020-03-18T15:18:51","slug":"coronavirus-le-point-au-10-02-2020-pr-didier-raoult-ihm-mediterranee-infection","status":"publish","type":"post","link":"https:\/\/aitia.fr\/erd\/coronavirus-le-point-au-10-02-2020-pr-didier-raoult-ihm-mediterranee-infection\/","title":{"rendered":"Coronavirus &#8211; le point au 10\/02\/2020 <br>(Pr. Didier Raoult, IHU M\u00e9diterran\u00e9e-Infection)"},"content":{"rendered":"<p style=\"text-align: justify;\">[<em>Note de l&#8217;administrateur de ce blog : la mise au point qui suit, diffus\u00e9e par l&#8217;<a href=\"https:\/\/www.ihu-france.org\/fr\/mediterranee-infection-marseille\/\" target=\"_blank\" rel=\"noopener noreferrer\">Institut Hospitalo-Universitaire M\u00e9diterran\u00e9e Infection<\/a>, date de 5 jours et permet de bien appr\u00e9hender la diff\u00e9rence entre un discours m\u00e9diatique anxiog\u00e8ne et la froide r\u00e9alit\u00e9 des chiffres. Comme le fait remarquer le professeur Raoult, on a vite fait d&#8217;accuser les r\u00e9seaux sociaux de toutes les d\u00e9rives, mais c&#8217;est \u00e0 l&#8217;\u00e9vidence les &#8220;grands&#8221; media (ou media de grand chemin&#8230;) qui sont ici totalement d\u00e9connect\u00e9s du r\u00e9el (voir \u00e0 partir de 6:44). Sachant qu&#8217;ils sont le fruit du travail de professionnels, on peut se poser la question : incomp\u00e9tence crasse, ou volont\u00e9 d\u00e9lib\u00e9r\u00e9e de tromper ?<\/em><\/p>\n<p style=\"text-align: justify;\"><em>On m\u00e9ditera aussi ces quelques mots du professeur Raoult : &#8220;Ce qui est le plus important dans une crise sanitaire, ce n&#8217;est pas la r\u00e9alit\u00e9 c&#8217;est la peur. La peur tue, beaucoup, beaucoup, beaucoup, elle fait faire des b\u00eatises, elle fait avoir des r\u00e9actions dangereuses [&#8230;] la peur c&#8217;est un truc terrible ; c&#8217;est tr\u00e8s dangereux la peur, et en particulier la peur des foules.&#8221;<\/em><\/p>\n<p style=\"text-align: justify;\"><em>Qui a int\u00e9r\u00eat \u00e0 d\u00e9clencher, puis \u00e0 entretenir, la peur des foules ?<\/em>]<\/p>\n<hr \/>\n<p style=\"text-align: center;\"><iframe loading=\"lazy\" src=\"https:\/\/www.youtube.com\/embed\/4oMnyoTKVx4\" width=\"640\" height=\"360\" frameborder=\"0\" allowfullscreen=\"allowfullscreen\"><\/iframe><\/p>\n","protected":false},"excerpt":{"rendered":"<p>[Note de l&#8217;administrateur de ce blog : la mise au point qui suit, diffus\u00e9e par l&#8217;Institut Hospitalo-Universitaire M\u00e9diterran\u00e9e Infection, date de 5 jours et permet de bien appr\u00e9hender la diff\u00e9rence entre un discours m\u00e9diatique anxiog\u00e8ne et la froide r\u00e9alit\u00e9 des chiffres. Comme le fait remarquer le professeur Raoult, on a vite fait d&#8217;accuser les r\u00e9seaux [&hellip;]<\/p>\n","protected":false},"author":1,"featured_media":0,"comment_status":"open","ping_status":"open","sticky":false,"template":"","format":"video","meta":[],"categories":[4,134,29],"tags":[1526,1521,1524,1522,769,1556,48,1525],"_links":{"self":[{"href":"https:\/\/aitia.fr\/erd\/wp-json\/wp\/v2\/posts\/14330"}],"collection":[{"href":"https:\/\/aitia.fr\/erd\/wp-json\/wp\/v2\/posts"}],"about":[{"href":"https:\/\/aitia.fr\/erd\/wp-json\/wp\/v2\/types\/post"}],"author":[{"embeddable":true,"href":"https:\/\/aitia.fr\/erd\/wp-json\/wp\/v2\/users\/1"}],"replies":[{"embeddable":true,"href":"https:\/\/aitia.fr\/erd\/wp-json\/wp\/v2\/comments?post=14330"}],"version-history":[{"count":14,"href":"https:\/\/aitia.fr\/erd\/wp-json\/wp\/v2\/posts\/14330\/revisions"}],"predecessor-version":[{"id":14484,"href":"https:\/\/aitia.fr\/erd\/wp-json\/wp\/v2\/posts\/14330\/revisions\/14484"}],"wp:attachment":[{"href":"https:\/\/aitia.fr\/erd\/wp-json\/wp\/v2\/media?parent=14330"}],"wp:term":[{"taxonomy":"category","embeddable":true,"href":"https:\/\/aitia.fr\/erd\/wp-json\/wp\/v2\/categories?post=14330"},{"taxonomy":"post_tag","embeddable":true,"href":"https:\/\/aitia.fr\/erd\/wp-json\/wp\/v2\/tags?post=14330"}],"curies":[{"name":"wp","href":"https:\/\/api.w.org\/{rel}","templated":true}]}}