{"id":14309,"date":"2020-01-27T07:14:16","date_gmt":"2020-01-27T06:14:16","guid":{"rendered":"https:\/\/aitia.fr\/erd\/?p=14309"},"modified":"2020-02-15T14:58:26","modified_gmt":"2020-02-15T13:58:26","slug":"allez-donc-a-gaza-plutot-qua-tel-aviv-gideon-levy","status":"publish","type":"post","link":"https:\/\/aitia.fr\/erd\/allez-donc-a-gaza-plutot-qua-tel-aviv-gideon-levy\/","title":{"rendered":"Allez donc \u00e0 Gaza, plut\u00f4t qu\u2019\u00e0 Tel Aviv ! (Gideon Levy)"},"content":{"rendered":"<div id=\"attachment_14313\" style=\"width: 435px\" class=\"wp-caption alignleft\"><a href=\"http:\/\/www.chroniquepalestine.com\/allez-donc-a-gaza-plutot-que-tel-aviv\/\" rel=\"attachment wp-att-14313\"><img aria-describedby=\"caption-attachment-14313\" decoding=\"async\" loading=\"lazy\" class=\"wp-image-14313\" src=\"https:\/\/aitia.fr\/erd\/wp-content\/uploads\/2020\/01\/Gaza-05-17-678x455-1-300x201.jpg\" alt=\"Dans sa campagne de bombardements en d\u00e9cembre 2008 et janvier 2009, Isra\u00ebl a massacr\u00e9 plus de 500 enfants dans la bande de Gaza - Photo : Archives\" width=\"425\" height=\"285\" srcset=\"https:\/\/aitia.fr\/erd\/wp-content\/uploads\/2020\/01\/Gaza-05-17-678x455-1-300x201.jpg 300w, https:\/\/aitia.fr\/erd\/wp-content\/uploads\/2020\/01\/Gaza-05-17-678x455-1-600x403.jpg 600w, https:\/\/aitia.fr\/erd\/wp-content\/uploads\/2020\/01\/Gaza-05-17-678x455-1.jpg 678w\" sizes=\"(max-width: 425px) 100vw, 425px\" \/><\/a><p id=\"caption-attachment-14313\" class=\"wp-caption-text\">Dans sa campagne de bombardements en d\u00e9cembre 2008 et janvier 2009, Isra\u00ebl a massacr\u00e9 plus de 500 enfants dans la bande de Gaza &#8211; Photo : Archives<\/p><\/div>\n<p style=\"text-align: justify;\">[<em>Note de l&#8217;administrateur de ce blog : le 27 janvier, date anniversaire de la lib\u00e9ration du camp d&#8217;Auschwitz, a \u00e9t\u00e9 d\u00e9clar\u00e9 <a href=\"https:\/\/fr.wikipedia.org\/wiki\/Journ%C3%A9e_internationale_d%C3%A9di%C3%A9e_%C3%A0_la_m%C3%A9moire_des_victimes_de_l%27Holocauste\" target=\"_blank\" rel=\"noopener noreferrer\">journ\u00e9e internationale du souvenir de l\u2019Holocauste<\/a> par l&#8217;Assembl\u00e9e g\u00e9n\u00e9rale des Nations-Unies en 2005. Pour une raison que l&#8217;on ignore \u2014 mais on a quand m\u00eame quelques id\u00e9es sur <a href=\"http:\/\/www.crif.org\/fr\/communiquedepresse\/crif-communique-du-crif-suite-linstallation-dune-plaque-allee-de-la-nakba-bezons\" target=\"_blank\" rel=\"noopener noreferrer\">qui s&#8217;y oppose<\/a> \u2014 il n&#8217;y a pas encore de journ\u00e9e internationale du souvenir de la <a href=\"https:\/\/www.middleeasteye.net\/fr\/opinion-fr\/ce-que-les-combattants-juifs-de-1948-disent-sur-la-nakba\" target=\"_blank\" rel=\"noopener noreferrer\">Nakba<\/a>.<\/em>]<\/p>\n<hr \/>\n<p style=\"text-align: justify;\">par <a href=\"http:\/\/www.chroniquepalestine.com\/writers\/gideon-levy\/\" target=\"_blank\" rel=\"noopener noreferrer\">Gideon Levy<\/a><\/p>\n<p style=\"text-align: justify;\"><em>On n\u2019y trouve pas d\u2019holocauste, seulement l\u2019apartheid. Pas d\u2019an\u00e9antissement, mais le traitement brutal et syst\u00e9matique de toute une nation. Ce n\u2019est pas Auschwitz, mais c\u2019est Gaza.<\/em><\/p>\n<p style=\"text-align: justify;\">Il est tr\u00e8s important de se souvenir du pass\u00e9; il est tout aussi important de conna\u00eetre le pr\u00e9sent sans fermer les yeux.<\/p>\n<p style=\"text-align: justify;\">Les dizaines d\u2019hommes d\u2019\u00c9tat arriv\u00e9s en Isra\u00ebl mercredi peuvent se souvenir du pass\u00e9, mais ils brouillent le pr\u00e9sent. Dans leur silence, dans leur m\u00e9pris de la r\u00e9alit\u00e9 en se mettant inconditionnellement en file aux c\u00f4t\u00e9s d\u2019Isra\u00ebl, ils ne trahissent pas seulement leurs fonctions, mais ils trahissent \u00e9galement la m\u00e9moire du pass\u00e9 au nom duquel ils sont venus ici.<\/p>\n<blockquote><p>\u00catre les invit\u00e9s d\u2019Isra\u00ebl sans mentionner ses crimes; comm\u00e9morer l\u2019Holocauste tout en ignorant ses le\u00e7ons; visiter J\u00e9rusalem sans se rendre dans le ghetto de Gaza le jour du souvenir international de l\u2019Holocauste\u2026 Comment imaginer plus grande hypocrisie.<\/p><\/blockquote>\n<p><\/p>\n<p style=\"text-align: justify;\">Il est positif que des rois, des pr\u00e9sidents et autres notables se soient d\u00e9plac\u00e9s en l\u2019honneur de ce jour du souvenir. Il est d\u00e9plorable qu\u2019ils ignorent ce que les victimes de l\u2019Holocauste infligent \u00e0 une autre nation.<\/p>\n<p><a href=\"http:\/\/www.chroniquepalestine.com\/allez-donc-a-gaza-plutot-que-tel-aviv\/\" target=\"_blank\" rel=\"noopener noreferrer\">Continuer la lecture sur Chronique de Palestine \u2192<\/a><\/p>\n","protected":false},"excerpt":{"rendered":"<p>[Note de l&#8217;administrateur de ce blog : le 27 janvier, date anniversaire de la lib\u00e9ration du camp d&#8217;Auschwitz, a \u00e9t\u00e9 d\u00e9clar\u00e9 journ\u00e9e internationale du souvenir de l\u2019Holocauste par l&#8217;Assembl\u00e9e g\u00e9n\u00e9rale des Nations-Unies en 2005. Pour une raison que l&#8217;on ignore \u2014 mais on a quand m\u00eame quelques id\u00e9es sur qui s&#8217;y oppose \u2014 il n&#8217;y [&hellip;]<\/p>\n","protected":false},"author":1,"featured_media":0,"comment_status":"open","ping_status":"open","sticky":false,"template":"","format":"standard","meta":[],"categories":[4,134,29],"tags":[1378,1519,301,690,138,1520,903,706,56,1518,1517],"_links":{"self":[{"href":"https:\/\/aitia.fr\/erd\/wp-json\/wp\/v2\/posts\/14309"}],"collection":[{"href":"https:\/\/aitia.fr\/erd\/wp-json\/wp\/v2\/posts"}],"about":[{"href":"https:\/\/aitia.fr\/erd\/wp-json\/wp\/v2\/types\/post"}],"author":[{"embeddable":true,"href":"https:\/\/aitia.fr\/erd\/wp-json\/wp\/v2\/users\/1"}],"replies":[{"embeddable":true,"href":"https:\/\/aitia.fr\/erd\/wp-json\/wp\/v2\/comments?post=14309"}],"version-history":[{"count":13,"href":"https:\/\/aitia.fr\/erd\/wp-json\/wp\/v2\/posts\/14309\/revisions"}],"predecessor-version":[{"id":14323,"href":"https:\/\/aitia.fr\/erd\/wp-json\/wp\/v2\/posts\/14309\/revisions\/14323"}],"wp:attachment":[{"href":"https:\/\/aitia.fr\/erd\/wp-json\/wp\/v2\/media?parent=14309"}],"wp:term":[{"taxonomy":"category","embeddable":true,"href":"https:\/\/aitia.fr\/erd\/wp-json\/wp\/v2\/categories?post=14309"},{"taxonomy":"post_tag","embeddable":true,"href":"https:\/\/aitia.fr\/erd\/wp-json\/wp\/v2\/tags?post=14309"}],"curies":[{"name":"wp","href":"https:\/\/api.w.org\/{rel}","templated":true}]}}