{"id":14295,"date":"2020-01-26T10:10:02","date_gmt":"2020-01-26T09:10:02","guid":{"rendered":"https:\/\/aitia.fr\/erd\/?p=14295"},"modified":"2020-02-15T14:58:11","modified_gmt":"2020-02-15T13:58:11","slug":"quand-le-debat-est-clos-antipresse","status":"publish","type":"post","link":"https:\/\/aitia.fr\/erd\/quand-le-debat-est-clos-antipresse\/","title":{"rendered":"Quand le d\u00e9bat est clos (Antipresse)"},"content":{"rendered":"<div id=\"attachment_14297\" style=\"width: 460px\" class=\"wp-caption alignleft\"><img aria-describedby=\"caption-attachment-14297\" decoding=\"async\" loading=\"lazy\" class=\"wp-image-14297\" src=\"https:\/\/aitia.fr\/erd\/wp-content\/uploads\/2020\/01\/la-mort-de-socrate-300x197.jpg\" alt=\"Jacques-Louis David, \u00abLa mort de Socrate (d\u00e9tail)\u00bb\" width=\"450\" height=\"296\" srcset=\"https:\/\/aitia.fr\/erd\/wp-content\/uploads\/2020\/01\/la-mort-de-socrate-300x197.jpg 300w, https:\/\/aitia.fr\/erd\/wp-content\/uploads\/2020\/01\/la-mort-de-socrate-1024x674.jpg 1024w, https:\/\/aitia.fr\/erd\/wp-content\/uploads\/2020\/01\/la-mort-de-socrate-768x505.jpg 768w, https:\/\/aitia.fr\/erd\/wp-content\/uploads\/2020\/01\/la-mort-de-socrate-600x395.jpg 600w, https:\/\/aitia.fr\/erd\/wp-content\/uploads\/2020\/01\/la-mort-de-socrate.jpg 1330w\" sizes=\"(max-width: 450px) 100vw, 450px\" \/><p id=\"caption-attachment-14297\" class=\"wp-caption-text\">Jacques-Louis David, \u00abLa mort de Socrate (d\u00e9tail)\u00bb<\/p><\/div>\n<p style=\"text-align: justify;\">[<em>Note de l&#8217;administrateur de ce blog : une fois de plus, je fais profiter \u00e0 mes lecteurs d&#8217;un article de <a href=\"https:\/\/antipresse.net\/le-drone\/\" target=\"_blank\" rel=\"noopener noreferrer\">l&#8217;Antipresse<\/a> en principe r\u00e9serv\u00e9 aux abonn\u00e9s (fa\u00e7on de sugg\u00e9rer d&#8217;en grossir les rangs). <\/em><\/p>\n<p style=\"text-align: justify;\"><em>Slobodan Despot n&#8217;a pas besoin ici de forcer le trait, tant l&#8217;\u00e9poque est comique. Les futurs historiens auront bien du mal \u00e0 expliquer \u2014 surtout en restant s\u00e9rieux vu l&#8217;aspect grotesque de leur sujet d&#8217;\u00e9tude \u2014 comment, dans un monde d&#8217;hyperconnectivit\u00e9 et de stockage quasi gratuit et sans limite d&#8217;information, a pu se d\u00e9velopper une telle soif d&#8217;ignorance, y compris et m\u00eame surtout parmi les cercles intellectuels dont la fonction sociale est d&#8217;entretenir le d\u00e9bat. D\u00e9cid\u00e9ment, <a href=\"https:\/\/fr.wikipedia.org\/wiki\/Le_Tartuffe_ou_l%27Imposteur\" target=\"_blank\" rel=\"noopener noreferrer\">Le Tartuffe<\/a> n&#8217;a pas fini d&#8217;\u00eatre une \u0153uvre visionnaire.<\/em>]<\/p>\n<hr \/>\n<p style=\"text-align: justify;\"><em>par Slobodan Despot<\/em><\/p>\n<p style=\"text-align: justify;\"><strong>R\u00e9chauffement climatique, minorit\u00e9s sexuelles, crises humanitaires\u2026 Sur un nombre croissant de sujets, le questionnement est mis sous la tutelle de la certitude impos\u00e9e. Mais l\u2019\u00e9touffement du d\u00e9bat, m\u00eame sur des v\u00e9rit\u00e9s \u00ab\u00e9videntes\u00bb, peut entra\u00eener des cons\u00e9quences impr\u00e9vues. Ou quand, \u00e0 force d\u2019avoir raison, on perd la raison.<\/strong><\/p>\n<p style=\"text-align: justify;\">Je c\u00f4toie Suzette Sandoz aux \u00abBeaux parleurs\u00bb de la RTS le dimanche et j\u2019ose affirmer qu\u2019on y appr\u00e9cie son humour et son acuit\u00e9 d\u2019esprit. Ayant \u00e9t\u00e9 un \u00e9minent professeur de droit, Mme Sandoz sait en principe ce que l\u2019esprit critique veut dire. Sur son blog h\u00e9berg\u00e9 par <em>Le Temps<\/em>, elle s\u2019est risqu\u00e9e \u00e0 <a href=\"https:\/\/blogs.letemps.ch\/suzette-sandoz\/2020\/01\/16\/et-si-on-parlait-serieusement-de-la-cause-anthropique-du-changement-climatique\/\" target=\"_blank\" rel=\"noopener noreferrer\">appliquer son scepticisme<\/a> au dogme du r\u00e9chauffement climatique induit par l\u2019homme, en demandant <a href=\"https:\/\/blogs.letemps.ch\/suzette-sandoz\/2019\/12\/03\/un-vrai-debat-sur-le-co2\/\" target=\"_blank\" rel=\"noopener noreferrer\">un \u00abvrai d\u00e9bat\u00bb<\/a>. Blasph\u00e8me! L\u2019espi\u00e8gle retrait\u00e9e a essuy\u00e9 dans les colonnes du m\u00eame journal l\u2019ire de <em>douze<\/em> docteurs de la science climatique qui lui ont ordonn\u00e9 de se taire. <a href=\"https:\/\/www.letemps.ch\/opinions\/debat-co2-clos-reponse-mme-sandoz\" target=\"_blank\" rel=\"noopener noreferrer\"><em>\u00abLe d\u00e9bat sur le CO2 est clos\u00bb<\/em><\/a>, d\u00e9cr\u00e8tent-ils en invoquant l\u2019autorit\u00e9 supr\u00eame, le climatocoran : les fameux rapports du GIEC.<\/p>\n<p style=\"text-align: justify;\">(Je pr\u00e9cise ici que je suis plut\u00f4t de leur c\u00f4t\u00e9, mais pas pour les m\u00eames motifs : je pr\u00f4ne la retenue par respect pour la cr\u00e9ation, non par un r\u00e9flexe pavlovien de peur, f\u00fbt-il attis\u00e9 par des chiffres.)<\/p>\n<p><!--more--><\/p>\n<p style=\"text-align: justify;\">La jeune Greta Thunberg attire les m\u00e9gariches comme le sucre attire les gu\u00eapes. En juillet dernier, <a href=\"https:\/\/pagesix.com\/2019\/07\/30\/a-listers-flock-to-google-summit-in-private-jets-mega-yachts-to-talk-climate-change\/\" target=\"_blank\" rel=\"noopener noreferrer\">leurs jets priv\u00e9s se bousculaient \u00e0 Palerme<\/a>, au \u00abGoogle camp\u00bb, notamment pour entendre ses oracles. On a calcul\u00e9 que les 114 vols attendus cracheraient 784 tonnes de CO2 dans la nature. Cela ne concerne pas Greta, qui ne se d\u00e9place qu\u2019en train et en bateau. Pour se rendre \u00e0 New York, elle a pris le voilier. Ses marins et ses souffleurs ont \u00e9t\u00e9 <a href=\"https:\/\/www.air-journal.fr\/2019-08-18-environnement-le-voyage-en-voilier-de-greta-thunberg-equivaut-a-six-billets-davion-5214483.html\" target=\"_blank\" rel=\"noopener noreferrer\">rapatri\u00e9s par les airs<\/a>. Six billets en classe \u00e9co, c\u2019est mieux qu\u2019un vol priv\u00e9, mais \u00e7a grince un peu. Elle aurait pu engueuler l\u2019ONU par Skype, non? Ou prendre la b\u00e9taill\u00e8re a\u00e9rienne comme tout le monde, sans les deux matelots. Un si\u00e8ge d\u2019\u00e9conomis\u00e9, c\u2019est d\u00e9j\u00e0 \u00e7a. Mais ces chipotages n\u2019ont pas lieu d\u2019\u00eatre s\u2019agissant de la proph\u00e9tesse de Carbocalypse. Sit\u00f4t que Greta fronce le sourcil, l\u2019\u00e9lite bien-pensante r\u00e9tracte sa jugeotte comme l\u2019escargot ses cornes. La Science a prouv\u00e9 sans aucun d\u00e9bat possible que Greta avait raison. On peut donc d\u00e9sormais se passer de la raison! (Et des climatologues, soit dit en passant : \u00e7a, ils n\u2019y pensaient peut-\u00eatre pas en proclamant la cl\u00f4ture du d\u00e9bat.)<\/p>\n<p style=\"text-align: justify;\">A Davos, Greta \u00e9tait la f\u00e9e du Gondor \u00e9colo face au sorcier maudit du Mordor des hydrocarbures, Donald Trump. Elle a rappel\u00e9 en tapant du pied que le climat devait \u00eatre sauv\u00e9 ni en 2050, ni apr\u00e8s-demain, mais cet apr\u00e8s-midi. M\u00eame le vice-pr\u00e9sident du plus gros fonds d\u2019investissement dans le monde est all\u00e9 lui l\u00e9cher les tresses. Sa propre fille, selon M. Philipp Hildebrand, <a href=\"https:\/\/www.rts.ch\/info\/economie\/11028233--ma-propre-fille-a-dit-papa-des-actes-explique-philipp-hildebrand.html\" target=\"_blank\" rel=\"noopener noreferrer\"><em>\u00aba dit : c\u2019est bien, papa, mais maintenant il faut des actes\u00bb<\/em><\/a>. Il faisait allusion au virage vert(ueux) de sa bo\u00eete. Lequel virage n\u2019est peut-\u00eatre pas sans rapport avec le fait que BlackRock, ces derni\u00e8res ann\u00e9es, a enregistr\u00e9 <a href=\"https:\/\/www.theguardian.com\/environment\/2019\/jul\/31\/blackrock-lost-90bn-investing-in-fossil-fuel-companies-report-finds\" target=\"_blank\" rel=\"noopener noreferrer\">90 milliards de pertes<\/a> avec les compagnies p\u00e9troli\u00e8res. Une paille dans son panier, mais un signal f\u00e2cheux quand m\u00eame. \u00c7a, M. Hildebrand ne l\u2019a sans doute pas dit \u00e0 Greta, pour ne pas troubler sa candeur. M. Hildebrand s\u2019y conna\u00eet en cloisonnement de l\u2019information, lui qui dut quitter la t\u00eate de la Banque nationale suisse \u00e0 cause d\u2019une affaire de <a href=\"https:\/\/fr.wikipedia.org\/wiki\/Affaire_Hildebrand\" target=\"_blank\" rel=\"noopener noreferrer\">d\u00e9lit d\u2019initi\u00e9<\/a>. Sa cote a d\u00fb exploser apr\u00e8s cette rencontre : un selfie avec Greta lave plus vert que n\u2019importe quelle agence RP.<\/p>\n<p style=\"text-align: justify;\">Pendant ce temps, Sauron-Trump se f\u00e9licite de la <a href=\"https:\/\/www.cnbc.com\/video\/2020\/01\/21\/trump-full-speech-davos-world-economic-forum.html\" target=\"_blank\" rel=\"noopener noreferrer\">prosp\u00e9rit\u00e9 arrogante<\/a> des Etats-Unis avec leur production effr\u00e9n\u00e9e de gaz. La Russie continue de forer le grand Nord, les pipe-lines ceinturent la plan\u00e8te, AliBaba nous offre le Black Friday chaque jour depuis la Chine et l\u2019Inde encombre de plastiques ses derni\u00e8res for\u00eats. Or, comme l\u2019a observ\u00e9 l\u2019historien Niall Ferguson, <em><a href=\"https:\/\/www.cnbc.com\/video\/2020\/01\/22\/climate-issue-is-not-being-dealt-with-in-a-candid-way-hoovers-ferguson.html\" target=\"_blank\" rel=\"noopener noreferrer\">\u00ab60% des \u00e9missions de CO2 depuis la naissance de Greta Thunberg sont imputables \u00e0 la Chine\u2026 mais personne n\u2019en parle\u00bb<\/a><\/em>. De fait, le train de Greta n\u2019a \u00e9t\u00e9 aper\u00e7u ni \u00e0 P\u00e9kin, ni \u00e0 Delhi. On ne le voit que dans des d\u00e9mocraties livides dont la courbe de CO2 \u00e9pouse le toboggan d\u00e9mographique. Bref : c\u2019est un jouet.<\/p>\n<p style=\"text-align: justify;\">Notre microcosme europ\u00e9en est peupl\u00e9 de petits censeurs qui confondent la r\u00e9alit\u00e9 du monde avec le globe pos\u00e9 sur leur bureau. Mais quand le d\u00e9bat est clos, le bon sens lui aussi se fait la malle. L\u2019unanimisme impos\u00e9 de la \u00abcommunaut\u00e9 scientifique\u00bb depuis deux d\u00e9cennies sur la question du climat aboutit aux enfantillages hypocrites dont Greta Traindacier est aujourd\u2019hui l\u2019embl\u00e8me.<\/p>\n","protected":false},"excerpt":{"rendered":"<p>[Note de l&#8217;administrateur de ce blog : une fois de plus, je fais profiter \u00e0 mes lecteurs d&#8217;un article de l&#8217;Antipresse en principe r\u00e9serv\u00e9 aux abonn\u00e9s (fa\u00e7on de sugg\u00e9rer d&#8217;en grossir les rangs). Slobodan Despot n&#8217;a pas besoin ici de forcer le trait, tant l&#8217;\u00e9poque est comique. Les futurs historiens auront bien du mal \u00e0 [&hellip;]<\/p>\n","protected":false},"author":1,"featured_media":0,"comment_status":"open","ping_status":"open","sticky":false,"template":"","format":"standard","meta":[],"categories":[134,5,29],"tags":[390,127,1515,1320,1318,963,392,1516],"_links":{"self":[{"href":"https:\/\/aitia.fr\/erd\/wp-json\/wp\/v2\/posts\/14295"}],"collection":[{"href":"https:\/\/aitia.fr\/erd\/wp-json\/wp\/v2\/posts"}],"about":[{"href":"https:\/\/aitia.fr\/erd\/wp-json\/wp\/v2\/types\/post"}],"author":[{"embeddable":true,"href":"https:\/\/aitia.fr\/erd\/wp-json\/wp\/v2\/users\/1"}],"replies":[{"embeddable":true,"href":"https:\/\/aitia.fr\/erd\/wp-json\/wp\/v2\/comments?post=14295"}],"version-history":[{"count":10,"href":"https:\/\/aitia.fr\/erd\/wp-json\/wp\/v2\/posts\/14295\/revisions"}],"predecessor-version":[{"id":14306,"href":"https:\/\/aitia.fr\/erd\/wp-json\/wp\/v2\/posts\/14295\/revisions\/14306"}],"wp:attachment":[{"href":"https:\/\/aitia.fr\/erd\/wp-json\/wp\/v2\/media?parent=14295"}],"wp:term":[{"taxonomy":"category","embeddable":true,"href":"https:\/\/aitia.fr\/erd\/wp-json\/wp\/v2\/categories?post=14295"},{"taxonomy":"post_tag","embeddable":true,"href":"https:\/\/aitia.fr\/erd\/wp-json\/wp\/v2\/tags?post=14295"}],"curies":[{"name":"wp","href":"https:\/\/api.w.org\/{rel}","templated":true}]}}