{"id":14218,"date":"2020-01-09T05:24:24","date_gmt":"2020-01-09T04:24:24","guid":{"rendered":"https:\/\/aitia.fr\/erd\/?p=14218"},"modified":"2020-01-09T05:24:24","modified_gmt":"2020-01-09T04:24:24","slug":"etats-unis-iran-western-asymetrique-et-detestation-globale-richard-labeviere","status":"publish","type":"post","link":"https:\/\/aitia.fr\/erd\/etats-unis-iran-western-asymetrique-et-detestation-globale-richard-labeviere\/","title":{"rendered":"\u00c9tats-Unis\/Iran : western asym\u00e9trique et <br>d\u00e9testation globale&#8230; (Richard Lab\u00e9vi\u00e8re)"},"content":{"rendered":"<div id=\"attachment_14219\" style=\"width: 310px\" class=\"wp-caption alignleft\"><a href=\"https:\/\/fr.wikipedia.org\/wiki\/Richard_Lab%C3%A9vi%C3%A8re\"><img aria-describedby=\"caption-attachment-14219\" decoding=\"async\" loading=\"lazy\" class=\"size-medium wp-image-14219\" src=\"https:\/\/aitia.fr\/erd\/wp-content\/uploads\/2020\/01\/R-Labe\u0301vie\u0300re-2016-11-05-300x225.jpg\" alt=\"\" width=\"300\" height=\"225\" srcset=\"https:\/\/aitia.fr\/erd\/wp-content\/uploads\/2020\/01\/R-Labe\u0301vie\u0300re-2016-11-05-300x225.jpg 300w, https:\/\/aitia.fr\/erd\/wp-content\/uploads\/2020\/01\/R-Labe\u0301vie\u0300re-2016-11-05.jpg 506w\" sizes=\"(max-width: 300px) 100vw, 300px\" \/><\/a><p id=\"caption-attachment-14219\" class=\"wp-caption-text\">Richard Lab\u00e9vi\u00e8re<\/p><\/div>\n<p style=\"text-align: justify;\">[<em>Note de l&#8217;administrateur de ce blog : il reste encore des journalistes capables de faire leur m\u00e9tier, Richard Lab\u00e9vi\u00e8re est l&#8217;un d&#8217;eux.<\/em>]<\/p>\n<hr \/>\n<p style=\"text-align: justify;\">En tuant \u2014 vendredi dernier pr\u00e8s de l\u2019a\u00e9roport de Bagdad dans une attaque au drone \u2014 le g\u00e9n\u00e9ral Qassem Soleimani (62 ans) \u2014 commandant de la brigade Al-Qods (J\u00e9rusalem) des forces sp\u00e9ciales des Gardiens de la r\u00e9volution et des op\u00e9rations ext\u00e9rieures \u2014 Washington a pris la responsabilit\u00e9 d\u2019aggraver trois dynamiques : 1) celle des diff\u00e9rents fronts militaires de la r\u00e9gion : Syrie, Liban, Irak, Y\u00e9men, d\u00e9troit d\u2019Ormuz et M\u00e9diterran\u00e9e orientale ; 2) celle d\u2019un resserrement nationaliste autour du guide supr\u00eame de la R\u00e9volution Ali Khamenei ; 3) enfin, celle d\u2019une d\u00e9testation mondiale croissante et d\u2019un rejet am\u00e9ricain qui rejaillit sur l\u2019ensemble des Occidentaux.<\/p>\n<p style=\"text-align: justify;\">Assimil\u00e9s aux Am\u00e9ricains, nous autres Europ\u00e9ens\/Occidentaux \u2013 du moins catalogu\u00e9s comme tels \u2013 ne pourront bient\u00f4t plus sortir de nos fronti\u00e8res ! Apr\u00e8s cela, les dirigeants occidentaux auront beau jeu de faire la morale pour le respect du droit international et la lutte contre le terrorisme\u2026<\/p>\n<p style=\"text-align: justify;\">A noter qu\u2019avant cet \u00ab assassinat cibl\u00e9 \u00bb, les autorit\u00e9s am\u00e9ricaines ont pris soin d\u2019avertir le Royaume Uni (le partenaire historique), l\u2019Allemagne (pour Washington, l\u2019Europe c\u2019est Berlin), et la Chine (le principal partenaire \u00e9conomique). La Russie, pas question ? Quant \u00e0 la France, qui s\u2019en soucie \u00e0 Washington ? Les experts en droit du travail peut-\u00eatre et encore\u2026 Toujours est-il que cet \u00e9v\u00e9nement n\u2019est pas banal et qu\u2019il risque encore d\u2019aggraver des situations dont \u2013 nous autres pauvres Occidentaux \u2013 avons trop tendance \u00e0 oublier l\u2019arri\u00e8re-plan historique. Quelques rappels ne sont pas superflus.<\/p>\n<p><a href=\"http:\/\/prochetmoyen-orient.ch\/etats-unis-iran-western-asymetrique-et-detestation-globale\/\" target=\"_blank\" rel=\"noopener noreferrer\">Continuer la lecture sur prochetmoyen-orient.ch \u2192<\/a><\/p>\n","protected":false},"excerpt":{"rendered":"<p>[Note de l&#8217;administrateur de ce blog : il reste encore des journalistes capables de faire leur m\u00e9tier, Richard Lab\u00e9vi\u00e8re est l&#8217;un d&#8217;eux.] En tuant \u2014 vendredi dernier pr\u00e8s de l\u2019a\u00e9roport de Bagdad dans une attaque au drone \u2014 le g\u00e9n\u00e9ral Qassem Soleimani (62 ans) \u2014 commandant de la brigade Al-Qods (J\u00e9rusalem) des forces sp\u00e9ciales des [&hellip;]<\/p>\n","protected":false},"author":1,"featured_media":0,"comment_status":"open","ping_status":"open","sticky":false,"template":"","format":"standard","meta":[],"categories":[4,134],"tags":[1505,1507,156,1509,61,506,53,1508,1506,1510],"_links":{"self":[{"href":"https:\/\/aitia.fr\/erd\/wp-json\/wp\/v2\/posts\/14218"}],"collection":[{"href":"https:\/\/aitia.fr\/erd\/wp-json\/wp\/v2\/posts"}],"about":[{"href":"https:\/\/aitia.fr\/erd\/wp-json\/wp\/v2\/types\/post"}],"author":[{"embeddable":true,"href":"https:\/\/aitia.fr\/erd\/wp-json\/wp\/v2\/users\/1"}],"replies":[{"embeddable":true,"href":"https:\/\/aitia.fr\/erd\/wp-json\/wp\/v2\/comments?post=14218"}],"version-history":[{"count":2,"href":"https:\/\/aitia.fr\/erd\/wp-json\/wp\/v2\/posts\/14218\/revisions"}],"predecessor-version":[{"id":14221,"href":"https:\/\/aitia.fr\/erd\/wp-json\/wp\/v2\/posts\/14218\/revisions\/14221"}],"wp:attachment":[{"href":"https:\/\/aitia.fr\/erd\/wp-json\/wp\/v2\/media?parent=14218"}],"wp:term":[{"taxonomy":"category","embeddable":true,"href":"https:\/\/aitia.fr\/erd\/wp-json\/wp\/v2\/categories?post=14218"},{"taxonomy":"post_tag","embeddable":true,"href":"https:\/\/aitia.fr\/erd\/wp-json\/wp\/v2\/tags?post=14218"}],"curies":[{"name":"wp","href":"https:\/\/api.w.org\/{rel}","templated":true}]}}