{"id":14025,"date":"2019-12-13T22:25:13","date_gmt":"2019-12-13T21:25:13","guid":{"rendered":"https:\/\/aitia.fr\/erd\/?p=14025"},"modified":"2019-12-14T08:02:48","modified_gmt":"2019-12-14T07:02:48","slug":"le-lobby-partie-3-un-trope-antisemite-al-jazeera-investigations","status":"publish","type":"post","link":"https:\/\/aitia.fr\/erd\/le-lobby-partie-3-un-trope-antisemite-al-jazeera-investigations\/","title":{"rendered":"Le lobby, partie 3 : un trope antis\u00e9mite <br>(Al Jazeera Investigations)"},"content":{"rendered":"<p style=\"text-align: justify;\">[<em>Note de l&#8217;administrateur de ce blog : au soir de la d\u00e9faite de Jeremy Corbyn au Royaume-Uni, qu&#8217;une presse aux ordres <a href=\"https:\/\/www.lemonde.fr\/international\/article\/2019\/12\/11\/la-communaute-juive-se-detourne-du-labour-de-jeremy-corbyn_6022528_3210.html\" target=\"_blank\" rel=\"noopener noreferrer\">avait bien contribu\u00e9 \u00e0 diaboliser<\/a> jusqu&#8217;en France, il m&#8217;a paru utile de diffuser cet \u00e9pisode d&#8217;un documentaire d&#8217;investigation d&#8217;Al Jazeera, r\u00e9alis\u00e9 en cam\u00e9ra cach\u00e9e gr\u00e2ce \u00e0 un journaliste infiltr\u00e9 au c\u0153ur du lobby pro-isra\u00e9lien. Cette enqu\u00eate montre la r\u00e9alit\u00e9 des m\u00e9thodes utilis\u00e9es par ce lobby pour faire ou d\u00e9faire les carri\u00e8res politiques, afin de toujours s&#8217;assurer d&#8217;un soutien du pouvoir en place \u2013 peu importe sa couleur politique \u2013 \u00e0 Isra\u00ebl. On d\u00e9voile en particulier, dans cet \u00e9pisode, une entreprise d\u00e9lib\u00e9r\u00e9e de diffamation du parti travailliste dont le leader est trop pro-palestinien aux yeux du lobby.<\/em><\/p>\n<p style=\"text-align: justify;\"><em>Une fois n&#8217;est pas coutume, cette vid\u00e9o est en anglais, et je n&#8217;ai m\u00eame pas r\u00e9ussi \u00e0 en trouver une version avec sous-titres fran\u00e7ais, je prie donc mes lecteurs non anglophones de bien vouloir m&#8217;en excuser \u2013 ou de m&#8217;indiquer une version traduite s&#8217;il en existe une ! Je me suis content\u00e9 de traduire le titre, o\u00f9 le terme de &#8220;trope&#8221;, <a href=\"https:\/\/fr.wikipedia.org\/wiki\/Trope_(rh%C3%A9torique)\" target=\"_blank\" rel=\"noopener noreferrer\">qui existe<\/a> mais qui est peu courant en fran\u00e7ais, pourrait \u00e9ventuellement \u00eatre remplac\u00e9 par &#8220;st\u00e9r\u00e9otype&#8221; ou &#8220;m\u00e9taphore&#8221; pour une traduction plus &#8220;grand public&#8221;. Je conseillerai seulement, faute de mieux, aux personnes les moins \u00e0 l&#8217;aise avec cette langue d&#8217;activer les sous-titres afin de suivre plus facilement.<\/em><\/p>\n<p style=\"text-align: justify;\"><em>Et tant qu&#8217;\u00e0 r\u00e9viser l&#8217;anglais, on pourra avec profit (re)lire l&#8217;article de Gilad Atzmon <a href=\"https:\/\/gilad.online\/writings\/2019\/2\/28\/why-the-left-is-dead-in-the-water-e5w8e\" target=\"_blank\" rel=\"noopener noreferrer\">&#8220;Pourquoi la gauche est mortee&#8221;<\/a>, \u00e9crit en f\u00e9vrier de cette ann\u00e9e mais remis \u00e0 l&#8217;honneur fort logiquement apr\u00e8s la cuisante d\u00e9faite du parti travailliste qui, comme la plupart des partis se r\u00e9clamant &#8220;de gauche&#8221;, perd \u00e0 force de contradictions et de s&#8217;agenouiller devant la pire des extr\u00eames-droites \u2013 et non en raison d&#8217;un pr\u00e9tendu &#8220;antis\u00e9mitisme&#8221;.<\/em><\/p>\n<p style=\"text-align: justify;\"><em>Mais il fallait bien trouver une raison \u00e0 la d\u00e9faite de Corbyn autre que <a href=\"https:\/\/www.youtube.com\/watch?v=DWWTBnYGqH0\" target=\"_blank\" rel=\"noopener noreferrer\">la d\u00e9termination des Britanniques \u00e0 sortir de l&#8217;Union Europ\u00e9enne<\/a> avant son \u00e9croulement final.<\/em>]<\/p>\n<hr \/>\n<p style=\"text-align: center;\"><iframe loading=\"lazy\" src=\"https:\/\/www.youtube.com\/embed\/L3dn-VV3czc\" width=\"640\" height=\"360\" frameborder=\"0\" allowfullscreen=\"allowfullscreen\"><\/iframe><\/p>\n<p>Les autres \u00e9pisodes de ce documentaire se trouvent ici :<\/p>\n<ul>\n<li><a href=\"https:\/\/www.youtube.com\/watch?v=ceCOhdgRBoc\" target=\"_blank\" rel=\"noopener noreferrer\">partie 1 : les jeunes amis d&#8217;Isra\u00ebl<\/a><\/li>\n<li><a href=\"https:\/\/www.youtube.com\/watch?v=Vuk1EhkEctE\" target=\"_blank\" rel=\"noopener noreferrer\">partie 2 : la session d&#8217;entra\u00eenement<\/a><\/li>\n<li><a href=\"https:\/\/www.youtube.com\/watch?v=pddH2sfNKNY\" target=\"_blank\" rel=\"noopener noreferrer\">partie 4 : le retrait<\/a><\/li>\n<\/ul>\n<p style=\"text-align: justify;\">Un peu plus tard, avec les m\u00eames m\u00e9thodes d&#8217;investigation, Al Jazeera a d\u00e9voil\u00e9 \u00e9galement les agissements peu avouables du lobby isra\u00e9lien aux USA, toujours gr\u00e2ce \u00e0 un journaliste infiltr\u00e9, lui-m\u00eame juif et fin connaisseur du Moyen-Orient ; <a href=\"https:\/\/aitia.fr\/erd\/le-lobby-1-4-orient-xxi\/\" target=\"_blank\" rel=\"noopener noreferrer\">j&#8217;en avais parl\u00e9 ici<\/a>, en donnant <a href=\"https:\/\/www.youtube.com\/channel\/UCldDz3L_CjjsVUghgtmd-AQ\/search?query=le+lobby+usa\" target=\"_blank\" rel=\"noopener noreferrer\">les versions sous-titr\u00e9es en fran\u00e7ais<\/a> par <a href=\"https:\/\/orientxxi.info\/\" target=\"_blank\" rel=\"noopener noreferrer\">Orient XXI<\/a>.<\/p>\n","protected":false},"excerpt":{"rendered":"<p>[Note de l&#8217;administrateur de ce blog : au soir de la d\u00e9faite de Jeremy Corbyn au Royaume-Uni, qu&#8217;une presse aux ordres avait bien contribu\u00e9 \u00e0 diaboliser jusqu&#8217;en France, il m&#8217;a paru utile de diffuser cet \u00e9pisode d&#8217;un documentaire d&#8217;investigation d&#8217;Al Jazeera, r\u00e9alis\u00e9 en cam\u00e9ra cach\u00e9e gr\u00e2ce \u00e0 un journaliste infiltr\u00e9 au c\u0153ur du lobby pro-isra\u00e9lien. [&hellip;]<\/p>\n","protected":false},"author":1,"featured_media":0,"comment_status":"open","ping_status":"open","sticky":false,"template":"","format":"video","meta":[],"categories":[134,133,29],"tags":[1178,125,282,162,999,1486,417,1485,1487],"_links":{"self":[{"href":"https:\/\/aitia.fr\/erd\/wp-json\/wp\/v2\/posts\/14025"}],"collection":[{"href":"https:\/\/aitia.fr\/erd\/wp-json\/wp\/v2\/posts"}],"about":[{"href":"https:\/\/aitia.fr\/erd\/wp-json\/wp\/v2\/types\/post"}],"author":[{"embeddable":true,"href":"https:\/\/aitia.fr\/erd\/wp-json\/wp\/v2\/users\/1"}],"replies":[{"embeddable":true,"href":"https:\/\/aitia.fr\/erd\/wp-json\/wp\/v2\/comments?post=14025"}],"version-history":[{"count":19,"href":"https:\/\/aitia.fr\/erd\/wp-json\/wp\/v2\/posts\/14025\/revisions"}],"predecessor-version":[{"id":14044,"href":"https:\/\/aitia.fr\/erd\/wp-json\/wp\/v2\/posts\/14025\/revisions\/14044"}],"wp:attachment":[{"href":"https:\/\/aitia.fr\/erd\/wp-json\/wp\/v2\/media?parent=14025"}],"wp:term":[{"taxonomy":"category","embeddable":true,"href":"https:\/\/aitia.fr\/erd\/wp-json\/wp\/v2\/categories?post=14025"},{"taxonomy":"post_tag","embeddable":true,"href":"https:\/\/aitia.fr\/erd\/wp-json\/wp\/v2\/tags?post=14025"}],"curies":[{"name":"wp","href":"https:\/\/api.w.org\/{rel}","templated":true}]}}