{"id":13957,"date":"2019-12-08T17:51:17","date_gmt":"2019-12-08T16:51:17","guid":{"rendered":"https:\/\/aitia.fr\/erd\/?p=13957"},"modified":"2019-12-08T18:15:03","modified_gmt":"2019-12-08T17:15:03","slug":"un-appel-duniversitaires-juifs-aux-deputes-francais-reseau-voltaire","status":"publish","type":"post","link":"https:\/\/aitia.fr\/erd\/un-appel-duniversitaires-juifs-aux-deputes-francais-reseau-voltaire\/","title":{"rendered":"Un appel d&#8217;universitaires juifs aux d\u00e9put\u00e9s fran\u00e7ais <br>(R\u00e9seau Voltaire)"},"content":{"rendered":"<div id=\"attachment_13959\" style=\"width: 210px\" class=\"wp-caption alignleft\"><a href=\"http:\/\/www.sylvainmaillard.fr\/me-connaitre\/\" target=\"_blank\" rel=\"noopener noreferrer\"><img aria-describedby=\"caption-attachment-13959\" decoding=\"async\" loading=\"lazy\" class=\"wp-image-13959 size-medium\" src=\"https:\/\/aitia.fr\/erd\/wp-content\/uploads\/2019\/12\/Sylvain-Maillard-300x450-200x300.jpg\" alt=\"Sylvain Maillard, auteur de la proposition de r\u00e9solution\" width=\"200\" height=\"300\" srcset=\"https:\/\/aitia.fr\/erd\/wp-content\/uploads\/2019\/12\/Sylvain-Maillard-300x450-200x300.jpg 200w, https:\/\/aitia.fr\/erd\/wp-content\/uploads\/2019\/12\/Sylvain-Maillard-300x450.jpg 300w\" sizes=\"(max-width: 200px) 100vw, 200px\" \/><\/a><p id=\"caption-attachment-13959\" class=\"wp-caption-text\">Sylvain Maillard, auteur de la proposition de r\u00e9solution<\/p><\/div>\n<p style=\"text-align: justify;\">[<em>Note de l&#8217;administrateur de ce blog : cet appel a \u00e9t\u00e9 publi\u00e9 le 2 d\u00e9cembre <a href=\"https:\/\/www.lemonde.fr\/idees\/article\/2019\/12\/02\/appel-de-127-universitaires-juifs-aux-deputes-francais-ne-soutenez-pas-la-proposition-de-resolution-assimilant-l-antisionisme-a-l-antisemitisme_6021348_3232.html\" target=\"_blank\" rel=\"noopener noreferrer\">dans le journal Le Monde<\/a> o\u00f9 sa lecture compl\u00e8te est &#8220;r\u00e9serv\u00e9e aux abonn\u00e9s&#8221;&#8230; merci donc au R\u00e9seau Voltaire d&#8217;en avoir fourni l&#8217;int\u00e9gralit\u00e9. Depuis, <a href=\"http:\/\/www.assemblee-nationale.fr\/15\/pdf\/ta\/ta0361.pdf\" target=\"_blank\" rel=\"noopener noreferrer\">la r\u00e9solution<\/a> en question <a href=\"https:\/\/www.lemonde.fr\/politique\/article\/2019\/12\/03\/l-assemblee-nationale-adopte-une-resolution-controversee-sur-la-lutte-contre-l-antisemitisme_6021535_823448.html\" target=\"_blank\" rel=\"noopener noreferrer\">a h\u00e9las \u00e9t\u00e9 adopt\u00e9e<\/a> le 3 d\u00e9cembre (par peu de voix, 154 d\u00e9put\u00e9s ont vot\u00e9 pour sur les 577 que compte l&#8217;assembl\u00e9e) mais cette trahison de la France et de ses valeurs universalistes par quelques vendus (voir en particulier <a href=\"https:\/\/www.egaliteetreconciliation.fr\/Qui-est-Sylvain-Maillard-auteur-de-la-proposition-de-resolution-contre-l-antisemitisme-adoptee-par-57328.html\" target=\"_blank\" rel=\"noopener noreferrer\">ici le portrait de Sylvain Maillard<\/a>, l&#8217;auteur du projet de r\u00e9solution) doit en r\u00e9alit\u00e9, si l&#8217;on prend quelque recul, \u00eatre per\u00e7ue comme une <a href=\"https:\/\/fr.wikipedia.org\/wiki\/Victoire_%C3%A0_la_Pyrrhus\" target=\"_blank\" rel=\"noopener noreferrer\">victoire \u00e0 la Pyrrhus<\/a> d&#8217;un lobby \u00e0 bout de souffle.<\/em><\/p>\n<p style=\"text-align: justify;\"><em>En effet, et l&#8217;appel d&#8217;universitaires juifs ci-dessous le prouve, c&#8217;est parce qu&#8217;aucun argument ni rationnel ni moral ne peut justifier sa position que le lobby sioniste est contraint de recourir \u00e0 des tentatives <a href=\"https:\/\/aitia.fr\/erd\/1975-1991-le-sionisme-a-ete-officiellement-un-racismependant-16-ans\/\" target=\"_blank\" rel=\"noopener noreferrer\">aussi grotesques<\/a> que celle consistant \u00e0 criminaliser l&#8217;antisionisme au nom de la lutte contre l&#8217;antis\u00e9mitisme. On peut en outre se demander de quel (anti-)sionisme il est question, tant l&#8217;\u00e9cart est grand entre le projet sioniste originel \u2013 <a href=\"https:\/\/aitia.fr\/erd\/letat-des-juifs\/\" target=\"_blank\" rel=\"noopener noreferrer\">voir ici ce qu&#8217;en disait Theodor Herzl<\/a>, qui a de quoi surprendre nombre de nos contemporains \u2013 et celui mis en \u0153uvre par le pseudo-\u00c9tat ouvertement raciste, colonialiste et imperm\u00e9able au droit international qui s&#8217;est octroy\u00e9 le nom d&#8217;Isra\u00ebl.<\/em><\/p>\n<p style=\"text-align: justify;\"><em>Sur un plan plus franco-fran\u00e7ais, on peut aussi trouver int\u00e9ressant que la classe politique d\u00e9montre par ce vote sa m\u00e9diocrit\u00e9 (terme \u00e9minemment &#8220;gentil&#8221;) et sa propension \u00e0 d\u00e9fendre tout sauf les int\u00e9r\u00eats du peuple fran\u00e7ais. De plus en plus de citoyens en sont conscients, mais il existe encore une part trop importante d&#8217;entre eux qui refusent de voir ce qu&#8217;est r\u00e9ellement la France d&#8217;aujourd&#8217;hui : <a href=\"https:\/\/www.youtube.com\/watch?time_continue=70&amp;v=HxkU7sGj1ZQ&amp;feature=emb_logo\" target=\"_blank\" rel=\"noopener noreferrer\">un pays occup\u00e9<\/a>. Or qui dit occupation, dit collaboration. Que les membres les plus actifs de cette collaboration <a href=\"http:\/\/videos.assemblee-nationale.fr\/video.8505344_5de6688a18a5b.1ere-seance--questions-au-gouvernement--financement-de-la-securite-sociale-lecture-definitive-v-3-decembre-2019\" target=\"_blank\" rel=\"noopener noreferrer\">laissent des traces de leur z\u00e8le<\/a> \u00e0 travailler contre la France n&#8217;est pas forc\u00e9ment une mauvaise chose, cela clarifie la situation et permet \u00e0 ceux qui d\u00e9fendent un certain id\u00e9al fran\u00e7ais (fait d&#8217;universalisme, d&#8217;esprit frondeur <a href=\"https:\/\/www.youtube.com\/watch?v=L5QPni0S8EA&amp;feature=emb_logo\" target=\"_blank\" rel=\"noopener noreferrer\">et de l\u00e9g\u00e8ret\u00e9<\/a>) de mieux conna\u00eetre leurs ennemis. Ou leurs amis, car on a pu \u00e9galement remarquer parmi les interventions publiques des d\u00e9put\u00e9s quelques remises en ordre salutaires, comme celles de Jean-Paul Lecoq, de Mich\u00e8le Victory, d&#8217;\u00c9ric Coquerel ou de St\u00e9phane Peu.<\/em>]<\/p>\n<hr \/>\n<p class=\"lettrine\" style=\"text-align: justify;\">Le 3 d\u00e9cembre, l\u2019Assembl\u00e9e nationale va d\u00e9battre et voter une proposition de r\u00e9solution sur la lutte contre l\u2019antis\u00e9mitisme.<\/p>\n<p style=\"text-align: justify;\">Cette r\u00e9solution est hautement probl\u00e9matique.<\/p>\n<p style=\"text-align: justify;\">Nous, universitaires et intellectuels juifs, d\u2019Isra\u00ebl et d\u2019ailleurs, dont beaucoup de sp\u00e9cialistes de l\u2019antis\u00e9mitisme et de l\u2019histoire du juda\u00efsme et de l\u2019Holocauste, \u00e9levons notre voix contre cette proposition de r\u00e9solution.<\/p>\n<p style=\"text-align: justify;\">La mont\u00e9e de l\u2019antis\u00e9mitisme dans le monde, y compris en France, nous pr\u00e9occupe profond\u00e9ment. Nous consid\u00e9rons l\u2019antis\u00e9mitisme et toutes les autres formes de racisme et de x\u00e9nophobie comme une menace r\u00e9elle contre laquelle il convient de lutter avec la plus grande fermet\u00e9, et exhortons le gouvernement et le Parlement fran\u00e7ais \u00e0 le faire.<\/p>\n<p style=\"text-align: justify;\">Tout en soulignant fermement notre pr\u00e9occupation, nous nous opposons \u00e0 la proposition de r\u00e9solution sur l\u2019antis\u00e9mitisme pour deux raisons principales, et appelons les d\u00e9put\u00e9s de l\u2019Assembl\u00e9e nationale \u00e0 ne pas y apporter leur soutien.<\/p>\n<p style=\"text-align: justify;\">Premi\u00e8rement, l\u2019expos\u00e9 des motifs de la proposition de r\u00e9solution associe l\u2019antisionisme \u00e0 l\u2019antis\u00e9mitisme. Il assimile m\u00eame l\u2019antisionisme \u00e0 l\u2019antis\u00e9mitisme en pr\u00e9cisant que \u00ab critiquer l\u2019existence m\u00eame d\u2019Isra\u00ebl en ce qu\u2019elle constitue une collectivit\u00e9 compos\u00e9e de citoyens juifs revient \u00e0 exprimer une haine \u00e0 l\u2019\u00e9gard de la communaut\u00e9 juive dans son ensemble \u00bb.<\/p>\n<p style=\"text-align: justify;\">Avant de poursuivre notre argumentation, nous d\u00e9plorons que l\u2019expos\u00e9 des motifs d\u00e9signe Isra\u00ebl comme \u00ab une collectivit\u00e9 compos\u00e9e de citoyens juifs \u00bb. Environ 20 % de la population d\u2019Isra\u00ebl sont des citoyens palestiniens, dont la plupart sont musulmans ou chr\u00e9tiens. La d\u00e9signation choisie occulte et nie leur existence. Nous consid\u00e9rons cette approche comme tr\u00e8s probl\u00e9matique, compte tenu \u00e9galement de l\u2019engagement de votre pays en faveur d\u2019une d\u00e9finition de la citoyennet\u00e9 fran\u00e7aise qui n\u2019est pas bas\u00e9e sur l\u2019ethnicit\u00e9.<\/p>\n<p><a href=\"https:\/\/www.voltairenet.org\/article208487.html?__cf_chl_jschl_tk__=a9c283904acaa7ed9bdc0e22883a7a94eb70b22b-1575753403-0-AfYpXWWB1k8EeQJ-J5qtF7TMLgMoWxhlvosiiCrQWWL55DMiNDrIkhZaUHXWDUnYwKUC5UnELMs8NzjDRRPPzLvRapdinR_ApoxKasaCZ8grT8wel0RXhQsIen_1mQCuh1ZR9-P_1Oxh7ISvlYvxAbY4k8mji9Y8jYXD_MvQXGow4lFa7v00cLrXxQcp-nR3Q2yeaiIp8lD8RA14rWj0bjqcXKDYyGS5HOaXQS_d1EZnMf-BXQ3hivL1BOw05R8KNT1KNx9jUVsoVx4XXMd4QxgGei_ludoClmB78DBLtNdT\" target=\"_blank\" rel=\"noopener noreferrer\">Continuer la lecture sur le R\u00e9seau Voltaire \u2192<\/a><\/p>\n","protected":false},"excerpt":{"rendered":"<p>[Note de l&#8217;administrateur de ce blog : cet appel a \u00e9t\u00e9 publi\u00e9 le 2 d\u00e9cembre dans le journal Le Monde o\u00f9 sa lecture compl\u00e8te est &#8220;r\u00e9serv\u00e9e aux abonn\u00e9s&#8221;&#8230; merci donc au R\u00e9seau Voltaire d&#8217;en avoir fourni l&#8217;int\u00e9gralit\u00e9. Depuis, la r\u00e9solution en question a h\u00e9las \u00e9t\u00e9 adopt\u00e9e le 3 d\u00e9cembre (par peu de voix, 154 d\u00e9put\u00e9s [&hellip;]<\/p>\n","protected":false},"author":1,"featured_media":0,"comment_status":"open","ping_status":"open","sticky":false,"template":"","format":"standard","meta":[],"categories":[4,134,3],"tags":[125,508,1482,117,594,349,1481],"_links":{"self":[{"href":"https:\/\/aitia.fr\/erd\/wp-json\/wp\/v2\/posts\/13957"}],"collection":[{"href":"https:\/\/aitia.fr\/erd\/wp-json\/wp\/v2\/posts"}],"about":[{"href":"https:\/\/aitia.fr\/erd\/wp-json\/wp\/v2\/types\/post"}],"author":[{"embeddable":true,"href":"https:\/\/aitia.fr\/erd\/wp-json\/wp\/v2\/users\/1"}],"replies":[{"embeddable":true,"href":"https:\/\/aitia.fr\/erd\/wp-json\/wp\/v2\/comments?post=13957"}],"version-history":[{"count":11,"href":"https:\/\/aitia.fr\/erd\/wp-json\/wp\/v2\/posts\/13957\/revisions"}],"predecessor-version":[{"id":13973,"href":"https:\/\/aitia.fr\/erd\/wp-json\/wp\/v2\/posts\/13957\/revisions\/13973"}],"wp:attachment":[{"href":"https:\/\/aitia.fr\/erd\/wp-json\/wp\/v2\/media?parent=13957"}],"wp:term":[{"taxonomy":"category","embeddable":true,"href":"https:\/\/aitia.fr\/erd\/wp-json\/wp\/v2\/categories?post=13957"},{"taxonomy":"post_tag","embeddable":true,"href":"https:\/\/aitia.fr\/erd\/wp-json\/wp\/v2\/tags?post=13957"}],"curies":[{"name":"wp","href":"https:\/\/api.w.org\/{rel}","templated":true}]}}