{"id":13936,"date":"2019-12-05T21:54:53","date_gmt":"2019-12-05T20:54:53","guid":{"rendered":"https:\/\/aitia.fr\/erd\/?p=13936"},"modified":"2019-12-05T22:27:24","modified_gmt":"2019-12-05T21:27:24","slug":"chroniques-des-sciences-inhumaines-et-asociales-episode-6","status":"publish","type":"post","link":"https:\/\/aitia.fr\/erd\/chroniques-des-sciences-inhumaines-et-asociales-episode-6\/","title":{"rendered":"Chroniques des sciences inhumaines et asociales (\u00e9pisode 6)"},"content":{"rendered":"<p style=\"text-align: justify;\"><em><a href=\"https:\/\/commons.wikimedia.org\/wiki\/File:Bartolomeo_Passerotti_-_The_Butcher's_Shop_-_WGA17071.jpg\" target=\"_blank\" rel=\"noopener noreferrer\"><img decoding=\"async\" loading=\"lazy\" class=\"alignleft wp-image-13940\" src=\"https:\/\/aitia.fr\/erd\/wp-content\/uploads\/2019\/12\/640px-Bartolomeo_Passerotti_-_The_Butchers_Shop_-_WGA17071-300x216.jpg\" alt=\"\" width=\"400\" height=\"288\" srcset=\"https:\/\/aitia.fr\/erd\/wp-content\/uploads\/2019\/12\/640px-Bartolomeo_Passerotti_-_The_Butchers_Shop_-_WGA17071-300x216.jpg 300w, https:\/\/aitia.fr\/erd\/wp-content\/uploads\/2019\/12\/640px-Bartolomeo_Passerotti_-_The_Butchers_Shop_-_WGA17071-600x431.jpg 600w, https:\/\/aitia.fr\/erd\/wp-content\/uploads\/2019\/12\/640px-Bartolomeo_Passerotti_-_The_Butchers_Shop_-_WGA17071.jpg 640w\" sizes=\"(max-width: 400px) 100vw, 400px\" \/><\/a><\/em>[<em>Note de l&#8217;administrateur de ce blog : les autres articles de Cadet Roussel pourront \u00eatre trouv\u00e9s en utilisant la fonction recherche \u00e0 droite, ou plus simplement encore en cliquant sur les liens suivants pour les pr\u00e9c\u00e9dents :<\/em><\/p>\n<p>\u2013 <a href=\"https:\/\/aitia.fr\/erd\/chroniques-des-sciences-inhumaines-et-asociales-episode-1\/\" target=\"_blank\" rel=\"noopener noreferrer\">Sourate de la jument<\/a><br \/>\n\u2013 <a href=\"https:\/\/aitia.fr\/erd\/lecroulement-de-la-ziggourat\/\" target=\"_blank\" rel=\"noopener noreferrer\">L&#8217;\u00e9croulement de la ziggourat ?<\/a><br \/>\n\u2013 <a href=\"https:\/\/aitia.fr\/erd\/chroniques-des-sciences-inhumaines-et-asociales-episode-3\/\" target=\"_blank\" rel=\"noopener noreferrer\">Notre \u00e9trange avant-guerre ?<\/a><br \/>\n\u2013 <a href=\"https:\/\/aitia.fr\/erd\/chroniques-des-sciences-inhumaines-et-asociales-episode-4\/\" target=\"_blank\" rel=\"noopener noreferrer\">Bon boulot<\/a><br \/>\n\u2013 <a href=\"https:\/\/aitia.fr\/erd\/chroniques-des-sciences-inhumaines-et-asociales-episode-5\/\" target=\"_blank\" rel=\"noopener noreferrer\">Bilan mitig\u00e9, mais seulement bilan d&#8217;\u00e9tape.<\/a>]<\/p>\n<hr \/>\n<h3>\u00c9pisode 6<\/h3>\n<h2 style=\"text-align: center;\">Vente \u00e0 la d\u00e9coupe<\/h2>\n<p><em>par Cadet Roussel<\/em><\/p>\n<p style=\"text-align: justify;\"><span lang=\"fr-FR\">Le samedi 30 novembre fut mis aux ench\u00e8res, dans une salle des ventes \u00e0 Dijon, un tableau sur bois du XIV<\/span><span lang=\"fr-FR\">e<\/span><span lang=\"fr-FR\"> si\u00e8cle, r\u00e9cemment red\u00e9couvert dans une succession, alors qu&#8217;il allait partir chez Emma\u00fcs. L&#8217;artiste, dont on ignore le nom et l&#8217;origine (et les go\u00fbts culinaires, ce qui est plus grave), avait \u00e9t\u00e9 appel\u00e9 vers 1350 \u00e0 la cour du roi et empereur Charles IV \u00e0 Prague et est connu comme le &#8220;Ma\u00eetre de Vy\u0161\u0161\u00ed Brod&#8221; (prononcez comme de l&#8217;eau de Vichy), du nom d&#8217;un couvent en Boh\u00eame pour lequel il a peint un retable. <\/span><\/p>\n<p style=\"text-align: justify;\"><span lang=\"fr-FR\">Ce panneau peint repr\u00e9sente une Vierge \u00e0 l\u2019Enfant en majest\u00e9. Comme toujours la Vierge est gracieuse et richement v\u00eatue &#8211;\u00a0\u00e9tonnamment \u00e9l\u00e9gante pour l\u2019\u00e9pouse d\u2019un charpentier\u00a0\u2013 mais l\u2019Enfant n\u2019a pas \u00e9t\u00e9 g\u00e2t\u00e9 par Dame Nature ou par le P\u00e8re Cr\u00e9ateur. Les artistes m\u00e9di\u00e9vaux s\u2019int\u00e9ressaient aux femmes, ce qui est fort bien, mais ne savaient-ils pas regarder les enfants\u00a0? C\u2019est \u00e0 croire que, dans le pass\u00e9, les guildes de Saint Luc \u00e9levaient des races particuli\u00e8res d&#8217;enfants au front fuyant pour servir de mod\u00e8les aux peintres.<\/span><\/p>\n<p style=\"text-align: justify;\"><span lang=\"fr-FR\">La mise \u00e0 prix \u00e9tait de 400\u00a0000 euros ; devinez quel prix fut atteint ! Ne trichez pas : vous venez de vous pr\u00e9cipiter sur internet, dir\u00e8k. Ne niez pas : je vous ai vus ! <\/span><\/p>\n<p style=\"text-align: justify;\"><span lang=\"fr-FR\">Quiconque aura devin\u00e9 juste recevra gracieusement le catalogue de la vente. <\/span><\/p>\n<p><!--more--><\/p>\n<p style=\"text-align: justify;\"><span lang=\"fr-FR\">Allez, pour ne pas vous laisser languir, voici la r\u00e9ponse\u00a0: 5 millions d\u2019euros, soit 6 et quelques menues centaines de mille avec les faux frais. Livraison en sus. Broutilles. <\/span><\/p>\n<p style=\"text-align: justify;\"><span lang=\"fr-FR\">Pour fixer les id\u00e9es par des chiffres farfelus, compte tenu des dimensions de l\u2019\u0153uvre, cela fait de la peinture \u00e0 100 millions le m\u00e8tre carr\u00e9 et du bois \u00e0 5 milliards le m\u00e8tre cube. <\/span><\/p>\n<p lang=\"fr-FR\" style=\"text-align: justify;\">Oui, je sais, c\u2019est l\u2019art qui compte.<\/p>\n<p lang=\"fr-FR\" style=\"text-align: justify;\">La famille qui est tomb\u00e9e sur le panneau dans son h\u00e9ritage peut se noyer dans le Clos Vougeot, le Chambolle-Musigny et le Gevrey-Chambertin. Qu\u2019elle en profite avant que les vignobles ne soient vendus \u00e0 des capitaux \u00e9trangers\u00a0!<\/p>\n<p lang=\"fr-FR\" style=\"text-align: justify;\">La sc\u00e8ne fut un peu d\u00e9cevante : rapide et sans grand suspens. Deux femmes, t\u00e9l\u00e9phone \u00e0 l&#8217;oreille, se disput\u00e8rent les ench\u00e8res pour le compte de clients lointains. Un troisi\u00e8me larron, par internet, joua bri\u00e8vement un petit r\u00f4le.<\/p>\n<p style=\"text-align: justify;\"><span lang=\"fr-FR\">Le commissaire-priseur fit part de sa satisfaction et de sa fiert\u00e9 que <\/span><span lang=\"fr-FR\">&#8220;Dijon participe \u00e0 la revalorisation du march\u00e9 de l&#8217;art fran\u00e7ais&#8221;<\/span><span lang=\"fr-FR\">. Son contentement est facile \u00e0 comprendre, le montant de la commission devant certainement lui assurer une retraite suffisante pour qu&#8217;il ne d\u00e9file pas dans la rue, mais <\/span><span lang=\"fr-FR\">&#8220;la revalorisation du march\u00e9 de l&#8217;art fran\u00e7ais&#8221;<\/span><span lang=\"fr-FR\"> est plut\u00f4t nuisible \u00e0 la France. \u00c0 des \u00e9poques moins mondialis\u00e9es les ench\u00e8res ne seraient pas mont\u00e9es si haut, et m\u00eame un mus\u00e9e de province aurait pu se porter acqu\u00e9reur. <\/span><\/p>\n<p style=\"text-align: justify;\"><span lang=\"fr-FR\">Finalement ce tableau ne va pas dispara\u00eetre, comme on pouvait le craindre, dans la collection priv\u00e9e de quelque \u00e9mir sanguin, libidineux, obs\u00e9d\u00e9 et impuissant (le clich\u00e9 est-il complet ?), mais sera expos\u00e9 au Metropolitan Museum de New-York, comme <a href=\"https:\/\/latribunedelart.com\/le-panneau-du-maitre-de-vyssi-brod-acquis-par-le-metropolitan-museum\" target=\"_blank\" rel=\"noopener noreferrer\">le commissaire-priseur l&#8217;a r\u00e9v\u00e9l\u00e9 \u00e0 une revue d&#8217;art<\/a>.<\/span><\/p>\n<p style=\"text-align: justify;\"><span lang=\"fr-FR\">La conclusion cinglante de cet article est tout \u00e0 fait pertinente\u00a0: on peut se demander si le Gouvernement fran\u00e7ais a encore une politique. <\/span><\/p>\n<p style=\"text-align: justify;\"><span lang=\"fr-FR\">Ce cas est exemplaire des cons\u00e9quences de la libre-circulation des marchandises et des capitaux lorsque des capitaux peuvent \u00eatre cr\u00e9\u00e9s sans contrepartie et sont donc fictifs. Un grand sp\u00e9culateur en bourse, aid\u00e9 par un pr\u00eat de &#8220;<em>Quantitative Easing<\/em>&#8220;, peut gagner facilement 7 millions de dollars, les donner \u00e0 un mus\u00e9e et se faire passer pour un m\u00e9c\u00e8ne (et d\u00e9fiscaliser), tandis qu&#8217;en r\u00e9alit\u00e9 ceux qui ont financ\u00e9 l&#8217;achat sont tous ceux qui ont travaill\u00e9 utilement pour des clopinettes. En effet, le <em>QE<\/em> favorise les grands sp\u00e9culateurs mais d\u00e9valorise la monnaie et fait donc baisser le pouvoir d&#8217;achat des salaires nominaux. <\/span><\/p>\n<p style=\"text-align: justify;\"><span lang=\"fr-FR\">Toutefois, en ces temps d\u2019incertitude, cette r\u00e9jouissante transaction ne peut que r\u00e9chauffer le c\u0153ur des amoureux des traditions fran\u00e7aises. L\u2019une des plus pr\u00e9cieuses, certes r\u00e9cente mais bien ancr\u00e9e dans les m\u0153urs,\u00a0est la vente des entreprises nationales b\u00e9n\u00e9ficiaires. Combien de fois, depuis quarante ann\u00e9es, nos gouvernements successifs ne proclam\u00e8rent-ils pas leur satisfaction et leur fiert\u00e9 que <\/span><span lang=\"fr-FR\">&#8220;l\u2019Elys\u00e9e, Matignon et Bercy participent \u00e0 la revalorisation du march\u00e9 fran\u00e7ais des entreprises d\u2019aluminium, de sid\u00e9rurgie, d\u2019autoroutes, de chantiers navals, d\u2019ing\u00e9nierie des transports, d\u2019ing\u00e9nierie nucl\u00e9aire\u2026 &#8220;<\/span><span lang=\"fr-FR\">. La liste n\u2019est pas exhaustive, et nulle mention inutile n\u2019est h\u00e9las \u00e0 rayer. <\/span><\/p>\n<p lang=\"fr-FR\" style=\"text-align: justify;\">Mais les politiciens seraient \u00e0 rayer d\u00e9finitivement.<\/p>\n<p style=\"text-align: justify;\"><span lang=\"fr-FR\">Au fait, quel est le montant de leur commission\u00a0? <\/span><\/p>\n<p lang=\"fr-FR\" style=\"text-align: justify;\">\u00c0 mon grand regret, il fallait \u00eatre inscrit pr\u00e9alablement pour pouvoir ench\u00e9rir. Sinon j&#8217;aurais ench\u00e9ri au d\u00e9but \u00e0 500 000 euros. Fugacement je me serais senti vraiment riche&#8230;<\/p>\n<p lang=\"fr-FR\">\n","protected":false},"excerpt":{"rendered":"<p>[Note de l&#8217;administrateur de ce blog : les autres articles de Cadet Roussel pourront \u00eatre trouv\u00e9s en utilisant la fonction recherche \u00e0 droite, ou plus simplement encore en cliquant sur les liens suivants pour les pr\u00e9c\u00e9dents : \u2013 Sourate de la jument \u2013 L&#8217;\u00e9croulement de la ziggourat ? \u2013 Notre \u00e9trange avant-guerre ? \u2013 Bon [&hellip;]<\/p>\n","protected":false},"author":2,"featured_media":0,"comment_status":"open","ping_status":"open","sticky":false,"template":"","format":"standard","meta":[],"categories":[4,134,5],"tags":[1479,1477,1478,185,1480],"_links":{"self":[{"href":"https:\/\/aitia.fr\/erd\/wp-json\/wp\/v2\/posts\/13936"}],"collection":[{"href":"https:\/\/aitia.fr\/erd\/wp-json\/wp\/v2\/posts"}],"about":[{"href":"https:\/\/aitia.fr\/erd\/wp-json\/wp\/v2\/types\/post"}],"author":[{"embeddable":true,"href":"https:\/\/aitia.fr\/erd\/wp-json\/wp\/v2\/users\/2"}],"replies":[{"embeddable":true,"href":"https:\/\/aitia.fr\/erd\/wp-json\/wp\/v2\/comments?post=13936"}],"version-history":[{"count":17,"href":"https:\/\/aitia.fr\/erd\/wp-json\/wp\/v2\/posts\/13936\/revisions"}],"predecessor-version":[{"id":13954,"href":"https:\/\/aitia.fr\/erd\/wp-json\/wp\/v2\/posts\/13936\/revisions\/13954"}],"wp:attachment":[{"href":"https:\/\/aitia.fr\/erd\/wp-json\/wp\/v2\/media?parent=13936"}],"wp:term":[{"taxonomy":"category","embeddable":true,"href":"https:\/\/aitia.fr\/erd\/wp-json\/wp\/v2\/categories?post=13936"},{"taxonomy":"post_tag","embeddable":true,"href":"https:\/\/aitia.fr\/erd\/wp-json\/wp\/v2\/tags?post=13936"}],"curies":[{"name":"wp","href":"https:\/\/api.w.org\/{rel}","templated":true}]}}