{"id":13751,"date":"2019-11-01T12:10:24","date_gmt":"2019-11-01T11:10:24","guid":{"rendered":"https:\/\/aitia.fr\/erd\/?p=13751"},"modified":"2019-11-01T12:11:51","modified_gmt":"2019-11-01T11:11:51","slug":"les-facteurs-aggravants-de-la-situation-francaise-aldo-sterone","status":"publish","type":"post","link":"https:\/\/aitia.fr\/erd\/les-facteurs-aggravants-de-la-situation-francaise-aldo-sterone\/","title":{"rendered":"Les facteurs aggravants de la situation fran\u00e7aise <br>(Aldo Sterone)"},"content":{"rendered":"<p style=\"text-align: justify;\">[<em>Note de l&#8217;administrateur de ce blog : un discours sens\u00e9 et mesur\u00e9, faisant preuve <a href=\"https:\/\/aitia.fr\/erd\/esprit-critique-es-tu-la\/\" target=\"_blank\" rel=\"noopener noreferrer\">d&#8217;esprit critique<\/a>, prouvant par contraste, au mieux l&#8217;ignorance, au pire la soumission \u00e0 des int\u00e9r\u00eats \u00e9trangers et criminels d&#8217;une bonne partie des &#8220;\u00e9lites&#8221; fran\u00e7aises. Et l&#8217;universit\u00e9 en donne parfois, h\u00e9las, <a href=\"https:\/\/aitia.fr\/erd\/une-perfide-censure\/\" target=\"_blank\" rel=\"noopener noreferrer\">de tr\u00e8s bons exemples<\/a>.<\/em><\/p>\n<p style=\"text-align: justify;\"><em>Pour une pr\u00e9sentation vid\u00e9o du blogueur Aldo Sterone \u2013 un Alg\u00e9rien vivant \u00e0 Londres \u2013 par lui-m\u00eame, o\u00f9 il exprime notamment son opinion sur les religions, assez proche de la mienne, <a href=\"https:\/\/www.youtube.com\/watch?v=JDvdBqaGX30\" target=\"_blank\" rel=\"noopener noreferrer\">voir ici<\/a> ; et pour une interview \u00e0 lire, <a href=\"http:\/\/boulevarddelislamisme.blog.tdg.ch\/archive\/2016\/01\/12\/l-algerien-aldo-sterone-blogueur-du-volant-evitez-de-faire-c-273268.html\" target=\"_blank\" rel=\"noopener noreferrer\">consulter cet article<\/a>.<\/em><\/p>\n<p style=\"text-align: justify;\"><em>Que le lobby sioniste fran\u00e7ais <a href=\"https:\/\/www.youtube.com\/watch?v=Zjj34vYTRJ4\" target=\"_blank\" rel=\"noopener noreferrer\">puisse mettre en avant<\/a>, pour repr\u00e9senter les &#8220;bons&#8221; musulmans, <a href=\"https:\/\/www.youtube.com\/watch?v=xy9BqaxAwek\" target=\"_blank\" rel=\"noopener noreferrer\">un cr\u00e9tin aussi ridicule que Hassen Chalghoumi<\/a>, en dit long sur les intentions criminelles de ce lobby qui sont en pleine <a href=\"https:\/\/www.egaliteetreconciliation.fr\/Monsieur-Islam-ou-monsieur-Amalgame-36125.html\" target=\"_blank\" rel=\"noopener noreferrer\">congruence<\/a> avec le <a href=\"https:\/\/www.youtube.com\/watch?v=qYXblyBwWNc\" target=\"_blank\" rel=\"noopener noreferrer\">discours de division tout \u00e0 fait explicite<\/a> de certains &#8220;responsables&#8221; religieux juifs, expliquant sans ambigu\u00eft\u00e9 utiliser l&#8217;islam, selon eux <a href=\"https:\/\/www.youtube.com\/watch?v=HuukqqtniSg\" target=\"_blank\" rel=\"noopener noreferrer\">le &#8220;balai d&#8217;Isra\u00ebl&#8221;, pour d\u00e9truire l&#8217;Europe et la chr\u00e9tient\u00e9<\/a>.<\/em><\/p>\n<p style=\"text-align: justify;\"><em>Le discours de ces fous-furieux ne doit \u00e9videmment pas \u00eatre assimil\u00e9 \u00e0 celui de tous les juifs \u2013 ou m\u00eame de tous les juifs sionistes \u2013 mais ne doit pas \u00eatre ignor\u00e9 au nom du politiquement correct, car pour combattre un ennemi, <a href=\"https:\/\/www.voltairenet.org\/article184968.html\" target=\"_blank\" rel=\"noopener noreferrer\">il faut d&#8217;abord le nommer<\/a>. Et tous ceux qui ne sauront pas le faire, soit par ignorance (qui devient coupable pour ceux dont la mission est de savoir), soit par soumission et l\u00e2chet\u00e9, devront t\u00f4t ou tard le payer. N&#8217;est-ce pas, <a href=\"https:\/\/www.enseignementsup-recherche.gouv.fr\/pid20536\/bulletin-officiel.html?cid_bo=141166&amp;cbo=1\" target=\"_blank\" rel=\"noopener noreferrer\">messieurs-dames du CNESER<\/a>, garants de la d\u00e9ontologie universitaire ?<\/em>]<\/p>\n<hr \/>\n<p style=\"text-align: center;\"><iframe loading=\"lazy\" src=\"https:\/\/www.youtube.com\/embed\/PW3HMFidHz4\" width=\"640\" height=\"360\" frameborder=\"0\" allowfullscreen=\"allowfullscreen\"><\/iframe><\/p>\n","protected":false},"excerpt":{"rendered":"<p>[Note de l&#8217;administrateur de ce blog : un discours sens\u00e9 et mesur\u00e9, faisant preuve d&#8217;esprit critique, prouvant par contraste, au mieux l&#8217;ignorance, au pire la soumission \u00e0 des int\u00e9r\u00eats \u00e9trangers et criminels d&#8217;une bonne partie des &#8220;\u00e9lites&#8221; fran\u00e7aises. Et l&#8217;universit\u00e9 en donne parfois, h\u00e9las, de tr\u00e8s bons exemples. Pour une pr\u00e9sentation vid\u00e9o du blogueur Aldo [&hellip;]<\/p>\n","protected":false},"author":1,"featured_media":0,"comment_status":"open","ping_status":"open","sticky":false,"template":"","format":"video","meta":[],"categories":[4,134,133],"tags":[1439,94,1017,145,20,48,1441,312,1440,56,1442],"_links":{"self":[{"href":"https:\/\/aitia.fr\/erd\/wp-json\/wp\/v2\/posts\/13751"}],"collection":[{"href":"https:\/\/aitia.fr\/erd\/wp-json\/wp\/v2\/posts"}],"about":[{"href":"https:\/\/aitia.fr\/erd\/wp-json\/wp\/v2\/types\/post"}],"author":[{"embeddable":true,"href":"https:\/\/aitia.fr\/erd\/wp-json\/wp\/v2\/users\/1"}],"replies":[{"embeddable":true,"href":"https:\/\/aitia.fr\/erd\/wp-json\/wp\/v2\/comments?post=13751"}],"version-history":[{"count":15,"href":"https:\/\/aitia.fr\/erd\/wp-json\/wp\/v2\/posts\/13751\/revisions"}],"predecessor-version":[{"id":13766,"href":"https:\/\/aitia.fr\/erd\/wp-json\/wp\/v2\/posts\/13751\/revisions\/13766"}],"wp:attachment":[{"href":"https:\/\/aitia.fr\/erd\/wp-json\/wp\/v2\/media?parent=13751"}],"wp:term":[{"taxonomy":"category","embeddable":true,"href":"https:\/\/aitia.fr\/erd\/wp-json\/wp\/v2\/categories?post=13751"},{"taxonomy":"post_tag","embeddable":true,"href":"https:\/\/aitia.fr\/erd\/wp-json\/wp\/v2\/tags?post=13751"}],"curies":[{"name":"wp","href":"https:\/\/api.w.org\/{rel}","templated":true}]}}