{"id":13724,"date":"2019-10-18T16:43:49","date_gmt":"2019-10-18T14:43:49","guid":{"rendered":"https:\/\/aitia.fr\/erd\/?p=13724"},"modified":"2019-10-18T16:43:49","modified_gmt":"2019-10-18T14:43:49","slug":"quel-avenir-pour-lukronazisme-stratpol","status":"publish","type":"post","link":"https:\/\/aitia.fr\/erd\/quel-avenir-pour-lukronazisme-stratpol\/","title":{"rendered":"Quel avenir pour l\u2019ukronazisme ? (stratpol)"},"content":{"rendered":"<p style=\"text-align: justify;\">[<em>Note de l&#8217;administrateur de ce blog : ceux qui pensent \u00eatre inform\u00e9s par les media de grand chemin peuvent avoir du mal \u00e0 comprendre ce qui suit. En effet, il est difficile d&#8217;admettre que l&#8217;Union Europ\u00e9enne, si prompte \u00e0 donner des le\u00e7ons de d\u00e9mocratie au monde entier, a favoris\u00e9, sous la tutelle des USA et de <a href=\"https:\/\/reseauinternational.net\/ukraine-discussion-entre-diplomates-americains-fuck-the-eu\/\" target=\"_blank\" rel=\"noopener noreferrer\">Victoria &#8220;fuck UE&#8221; Nuland<\/a>, l&#8217;arriv\u00e9e au pouvoir d&#8217;authentiques nostalgiques du nazisme en Ukraine, comme il est difficile d&#8217;admettre que le chasseur de <a href=\"https:\/\/www.youtube.com\/watch?v=xY3jUuFBWIM\" target=\"_blank\" rel=\"noopener noreferrer\">faux nazis<\/a> BHL a valid\u00e9 ce coup d&#8217;\u00c9tat en assurant n&#8217;avoir vu aucun n\u00e9o-nazi en Ukraine \u2013 alors qu&#8217;ils d\u00e9filaient devant ses yeux, drapeaux au vent (voir \u00e0 4:31). <\/em><\/p>\n<p style=\"text-align: justify;\"><em>Il est \u00e9galement difficile d&#8217;admettre, pour quiconque ne conna\u00eet pas <a href=\"https:\/\/aitia.fr\/erd\/les-sionistes-et-les-nazis-ont-seme-ensemble-les-graines-de-lantisemitisme-en-allemagne-true-torah-jews\/\" target=\"_blank\" rel=\"noopener noreferrer\">les liens \u00e9troits entre sionisme et nazisme<\/a>, que ces m\u00eames bataillons n\u00e9o-nazis furent financ\u00e9s par un oligarque juif ukrainien (<a href=\"https:\/\/fr.wikipedia.org\/wiki\/Ihor_Kolomo%C3%AFsky\" target=\"_blank\" rel=\"noopener noreferrer\">Igor Kolomo\u00efski<\/a>) et, plus g\u00e9n\u00e9ralement, furent soutenus par une partie de &#8220;l&#8217;\u00e9lite&#8221; juive comme le grand rabbin d&#8217;Ukraine (voir \u00e0 partir de 8:20). Il est \u00e9galement difficile \u00e0 concevoir que <a href=\"https:\/\/fr.wikipedia.org\/wiki\/Andriy_Paroubiy\" target=\"_blank\" rel=\"noopener noreferrer\">Andriy Paroubiy<\/a>, le fondateur et id\u00e9ologue du parti n\u00e9o-nazi devenu &#8220;Svoboda&#8221;, ait pu \u00eatre pr\u00e9sident de la Rada (le parlement ukrainien) jusqu&#8217;en ao\u00fbt 2019, et re\u00e7u avec les honneurs par Fran\u00e7ois de Rugy (voir \u00e0 8:11).<\/em><\/p>\n<p style=\"text-align: justify;\"><em>Tous ces paradoxes sont sans doute le signe qu&#8217;il est n\u00e9cessaire, pour arriver \u00e0 comprendre le monde tel qu&#8217;il est, de se m\u00e9fier comme de la peste des &#8220;grands&#8221; media.<\/em>]<\/p>\n<hr \/>\n<p style=\"text-align: center;\"><iframe loading=\"lazy\" src=\"https:\/\/www.youtube.com\/embed\/nwqLdeKCjuQ\" width=\"640\" height=\"360\" frameborder=\"0\" allowfullscreen=\"allowfullscreen\"><\/iframe><\/p>\n","protected":false},"excerpt":{"rendered":"<p>[Note de l&#8217;administrateur de ce blog : ceux qui pensent \u00eatre inform\u00e9s par les media de grand chemin peuvent avoir du mal \u00e0 comprendre ce qui suit. En effet, il est difficile d&#8217;admettre que l&#8217;Union Europ\u00e9enne, si prompte \u00e0 donner des le\u00e7ons de d\u00e9mocratie au monde entier, a favoris\u00e9, sous la tutelle des USA et [&hellip;]<\/p>\n","protected":false},"author":1,"featured_media":0,"comment_status":"open","ping_status":"open","sticky":false,"template":"","format":"standard","meta":[],"categories":[4,134,133,29],"tags":[70,1432,48,372,1434,1433,158,1436,1435],"_links":{"self":[{"href":"https:\/\/aitia.fr\/erd\/wp-json\/wp\/v2\/posts\/13724"}],"collection":[{"href":"https:\/\/aitia.fr\/erd\/wp-json\/wp\/v2\/posts"}],"about":[{"href":"https:\/\/aitia.fr\/erd\/wp-json\/wp\/v2\/types\/post"}],"author":[{"embeddable":true,"href":"https:\/\/aitia.fr\/erd\/wp-json\/wp\/v2\/users\/1"}],"replies":[{"embeddable":true,"href":"https:\/\/aitia.fr\/erd\/wp-json\/wp\/v2\/comments?post=13724"}],"version-history":[{"count":7,"href":"https:\/\/aitia.fr\/erd\/wp-json\/wp\/v2\/posts\/13724\/revisions"}],"predecessor-version":[{"id":14109,"href":"https:\/\/aitia.fr\/erd\/wp-json\/wp\/v2\/posts\/13724\/revisions\/14109"}],"wp:attachment":[{"href":"https:\/\/aitia.fr\/erd\/wp-json\/wp\/v2\/media?parent=13724"}],"wp:term":[{"taxonomy":"category","embeddable":true,"href":"https:\/\/aitia.fr\/erd\/wp-json\/wp\/v2\/categories?post=13724"},{"taxonomy":"post_tag","embeddable":true,"href":"https:\/\/aitia.fr\/erd\/wp-json\/wp\/v2\/tags?post=13724"}],"curies":[{"name":"wp","href":"https:\/\/api.w.org\/{rel}","templated":true}]}}