{"id":13711,"date":"2019-10-13T08:27:47","date_gmt":"2019-10-13T06:27:47","guid":{"rendered":"https:\/\/aitia.fr\/erd\/?p=13711"},"modified":"2019-10-13T08:29:15","modified_gmt":"2019-10-13T06:29:15","slug":"jeune-manger-cru-et-autres-derives-sectaires-antipresse","status":"publish","type":"post","link":"https:\/\/aitia.fr\/erd\/jeune-manger-cru-et-autres-derives-sectaires-antipresse\/","title":{"rendered":"Je\u00fbne, manger cru et autres d\u00e9rives sectaires (Antipresse)"},"content":{"rendered":"<p style=\"text-align: justify;\"><img decoding=\"async\" loading=\"lazy\" class=\"alignleft wp-image-13713\" src=\"https:\/\/aitia.fr\/erd\/wp-content\/uploads\/2019\/10\/L_inquie\u0301tante_mode_des_de\u0301rives_alimentaires_-_Le_Parisien.jpg\" alt=\"\" width=\"450\" height=\"282\" srcset=\"https:\/\/aitia.fr\/erd\/wp-content\/uploads\/2019\/10\/L_inquie\u0301tante_mode_des_de\u0301rives_alimentaires_-_Le_Parisien.jpg 540w, https:\/\/aitia.fr\/erd\/wp-content\/uploads\/2019\/10\/L_inquie\u0301tante_mode_des_de\u0301rives_alimentaires_-_Le_Parisien-300x188.jpg 300w\" sizes=\"(max-width: 450px) 100vw, 450px\" \/>[<em>Note de l&#8217;administrateur de ce blog : ayant particip\u00e9 \u00e0 un stage de l&#8217;association R\u00e9g\u00e9n\u00e8re que dirige Thierry Casasnovas, je peux t\u00e9moigner avoir <a href=\"https:\/\/regenere.org\/videos\/temoignages\/spa-cial-ta-moignages-diaba-te-hypertension-parkinson-troubles-psy-hypothyroidie-regenere-org.html\" target=\"_blank\" rel=\"noopener noreferrer\">rencontr\u00e9 de nombreux malades<\/a> intoxiqu\u00e9s par la m\u00e9decine allopathique et chimique, et retrouvant peu \u00e0 peu la sant\u00e9 gr\u00e2ce aux &#8220;d\u00e9rives sectaires&#8221; propos\u00e9es par Thierry, qui par ailleurs <strong>n&#8217;est pas<\/strong> officiellement naturopathe contrairement \u00e0 ce que dit l&#8217;article, m\u00eame s&#8217;il a \u00e9t\u00e9 form\u00e9 par l&#8217;un d&#8217;entre eux aux \u00c9tats-Unis.<\/em><\/p>\n<p style=\"text-align: justify;\"><em>Thierry Casasnovas qui est par ailleurs \u2013 personne n&#8217;est parfait \u2013 un fils de profs avec comme formation initiale un DEA de physique nucl\u00e9aire.<\/em><\/p>\n<p style=\"text-align: justify;\"><em>On attend que Le Parisien fasse un article sur les v\u00e9ritables d\u00e9rives alimentaires, c&#8217;est-\u00e0-dire toutes celles qui ignorent les r\u00e8gles de la physiologie humaine et conduisent \u00e0 la longue liste des maladies dites &#8220;de soci\u00e9t\u00e9&#8221; : ob\u00e9sit\u00e9, diab\u00e8te, hyperactivit\u00e9 chez les enfants&#8230; ainsi que tout un tas de maladies d\u00e9g\u00e9n\u00e9ratives ne traduisant que l&#8217;empoisonnement progressif du corps cons\u00e9cutif \u00e0 une mauvaise hygi\u00e8ne de vie.<\/em><\/p>\n<p style=\"text-align: justify;\"><em>Mais pour cela, il faudrait que Le Parisien ne re\u00e7oive aucune publicit\u00e9, ni de l&#8217;industrie agro-alimentaire, ni de l&#8217;industrie pharmaceutique. On peut toujours r\u00eaver.<\/em>]<\/p>\n<hr \/>\n<p style=\"text-align: justify;\">Les institutions s\u2019inqui\u00e8tent de l\u2019\u00abinqui\u00e9tante mode des d\u00e9rives alimentaires\u00bb. <a href=\"http:\/\/www.leparisien.fr\/societe\/l-inquietante-mode-des-derives-alimentaires-08-10-2019-8168934.php?fbclid=IwAR0yAyOfYaxX394kgK3pB0m3PTdDnOYKbSj7As0D65g9Vd0I2HGpH6K0A0s\" target=\"_blank\" rel=\"noopener noreferrer\">Dans le collimateur du <em>Parisien<\/em><\/a>, le naturopathe Thierry Casasnovas, qui fait un carton sur YouTube avec ses jus de l\u00e9gumes et autres d\u00e9coctions naturelles. Encourager les gens \u00e0 se d\u00e9tourner de la m\u00e9decine pharmaceutique, appeler la chimioth\u00e9rapie de la \u00abmort-aux-rats\u00bb, c\u2019est grave. Au point de pousser la Mission interminist\u00e9rielle de lutte contre les d\u00e9rives sectaires (Miviludes) \u00e0 lancer un <em>\u00abcri d\u2019alerte\u00bb<\/em>.<\/p>\n<p style=\"text-align: justify;\">A l\u2019origine de cette alerte, <em>\u00abdes citoyens inquiets ou des proches des victimes\u00bb<\/em> de ces r\u00e9gimes. Lesquelles victimes, \u00e9videmment, sont surtout des <em>\u00abpersonnes vuln\u00e9rables, d\u00e9j\u00e0 malades, confront\u00e9es \u00e0 des traitements lourds, en qu\u00eate d\u2019un espoir, d\u2019une solution naturelle\u00bb<\/em>. Autrement dit, des gens que la m\u00e9decine allopathique et chimique n\u2019aide manifestement pas.<\/p>\n<p><a href=\"https:\/\/log.antipresse.net\/sante-jeune-derives-sectaires\/\" target=\"_blank\" rel=\"noopener noreferrer\">Continuer la lecture sur les br\u00e8ves de l&#8217;Antipresse \u2192<\/a><\/p>\n","protected":false},"excerpt":{"rendered":"<p>[Note de l&#8217;administrateur de ce blog : ayant particip\u00e9 \u00e0 un stage de l&#8217;association R\u00e9g\u00e9n\u00e8re que dirige Thierry Casasnovas, je peux t\u00e9moigner avoir rencontr\u00e9 de nombreux malades intoxiqu\u00e9s par la m\u00e9decine allopathique et chimique, et retrouvant peu \u00e0 peu la sant\u00e9 gr\u00e2ce aux &#8220;d\u00e9rives sectaires&#8221; propos\u00e9es par Thierry, qui par ailleurs n&#8217;est pas officiellement naturopathe [&hellip;]<\/p>\n","protected":false},"author":1,"featured_media":0,"comment_status":"open","ping_status":"open","sticky":false,"template":"","format":"standard","meta":[],"categories":[4,134,29],"tags":[1427,1430,666,1057,1429,1431,199,1428],"_links":{"self":[{"href":"https:\/\/aitia.fr\/erd\/wp-json\/wp\/v2\/posts\/13711"}],"collection":[{"href":"https:\/\/aitia.fr\/erd\/wp-json\/wp\/v2\/posts"}],"about":[{"href":"https:\/\/aitia.fr\/erd\/wp-json\/wp\/v2\/types\/post"}],"author":[{"embeddable":true,"href":"https:\/\/aitia.fr\/erd\/wp-json\/wp\/v2\/users\/1"}],"replies":[{"embeddable":true,"href":"https:\/\/aitia.fr\/erd\/wp-json\/wp\/v2\/comments?post=13711"}],"version-history":[{"count":7,"href":"https:\/\/aitia.fr\/erd\/wp-json\/wp\/v2\/posts\/13711\/revisions"}],"predecessor-version":[{"id":13720,"href":"https:\/\/aitia.fr\/erd\/wp-json\/wp\/v2\/posts\/13711\/revisions\/13720"}],"wp:attachment":[{"href":"https:\/\/aitia.fr\/erd\/wp-json\/wp\/v2\/media?parent=13711"}],"wp:term":[{"taxonomy":"category","embeddable":true,"href":"https:\/\/aitia.fr\/erd\/wp-json\/wp\/v2\/categories?post=13711"},{"taxonomy":"post_tag","embeddable":true,"href":"https:\/\/aitia.fr\/erd\/wp-json\/wp\/v2\/tags?post=13711"}],"curies":[{"name":"wp","href":"https:\/\/api.w.org\/{rel}","templated":true}]}}