{"id":13684,"date":"2019-10-03T09:22:09","date_gmt":"2019-10-03T07:22:09","guid":{"rendered":"https:\/\/aitia.fr\/erd\/?p=13684"},"modified":"2019-10-03T09:22:09","modified_gmt":"2019-10-03T07:22:09","slug":"alain-soral-lecole-a-desapprendre-er","status":"publish","type":"post","link":"https:\/\/aitia.fr\/erd\/alain-soral-lecole-a-desapprendre-er\/","title":{"rendered":"Alain Soral \u2013 L\u2019\u00e9cole \u00e0 d\u00e9sapprendre (E&#038;R)"},"content":{"rendered":"<p style=\"text-align: justify;\">[<em>Note de l&#8217;administrateur de ce blog : au moment o\u00f9 Alain Soral se fait, une fois de plus, <a href=\"https:\/\/www.egaliteetreconciliation.fr\/Affaire-de-la-dechetterie-casher-Alain-Soral-condamne-a-un-an-de-prison-ferme-56467.html\" target=\"_blank\" rel=\"noopener noreferrer\">condamner<\/a> par une &#8220;justice&#8221; instrumentalis\u00e9e au service d&#8217;associations communautaires d\u00e9vou\u00e9es totalement <a href=\"https:\/\/aitia.fr\/erd\/publicite-comparative-israel-iran\/\" target=\"_blank\" rel=\"noopener noreferrer\">au sionisme<\/a> et porteuses d&#8217;une haine inextinguible envers tout ce qui incarne &#8220;l&#8217;esprit fran\u00e7ais&#8221;, il me para\u00eet utile de diffuser ce court extrait o\u00f9 l&#8217;intellectuel non-conformiste et provocateur analyse assez bien la d\u00e9rive, somme toute logique dans une perspective historique longue, de l&#8217;enseignement fran\u00e7ais.<\/em><\/p>\n<p style=\"text-align: justify;\"><em>Mes propres parents, n\u00e9s dans les ann\u00e9es 20 au sein de familles pauvres d&#8217;une France rurale profonde, et devenus enseignants par la gr\u00e2ce d&#8217;une instruction publique la\u00efque, obligatoire et gratuite \u2013 parfois m\u00eame r\u00e9mun\u00e9r\u00e9e \u00e0 <a href=\"https:\/\/fr.wikipedia.org\/wiki\/%C3%89cole_normale_primaire#Promotion_interne_des_%C3%A9l%C3%A8ves_%C3%A0_partir_de_1945\" target=\"_blank\" rel=\"noopener noreferrer\">l&#8217;\u00e9cole normale d&#8217;instituteurs<\/a> \u2013 incarnaient assez bien encore les &#8220;hussards noirs de la R\u00e9publique&#8221; dont il est question ici. T\u00e9moins d&#8217;une \u00e9volution technique fulgurante, et ainsi convaincus par l&#8217;id\u00e9e de progr\u00e8s, ayant eu eux-m\u00eames affaire aux &#8220;scories de l&#8217;obscurantisme traditionalo-catholique&#8221;, pour reprendre les termes de Soral \u2013 ma m\u00e8re, ayant perdu la sienne tr\u00e8s jeune par la faute d&#8217;un avortement &#8220;\u00e0 l&#8217;ancienne&#8221; ayant d\u00e9g\u00e9n\u00e9r\u00e9 en septic\u00e9mie, fut ainsi accus\u00e9e de &#8220;n&#8217;avoir pas assez pri\u00e9&#8221; par les femmes du village, et forc\u00e9e de porter le deuil \u2013 ils se voyaient porteurs d&#8217;une \u00e9mancipation par le savoir dont ils avaient eux-m\u00eames b\u00e9n\u00e9fici\u00e9.<\/em><\/p>\n<p style=\"text-align: justify;\"><em>Bien que conscients d&#8217;une \u00e9volution n\u00e9gative de l&#8217;institution enseignante vers la fin de leur carri\u00e8re, ils auraient sans doute eu du mal \u00e0 admettre que cette d\u00e9gradation avait \u00e9t\u00e9 planifi\u00e9e : comme beaucoup de Fran\u00e7ais &#8220;ordinaires&#8221; \u2013 et contrairement aux psychopathes qui pers\u00e9cutent Alain Soral \u2013 ils ne voyaient pas le mal partout, et ne projetaient pas sur les autres une haine ou une cupidit\u00e9 qui leur \u00e9taient \u00e9trang\u00e8res. Il leur aurait \u00e9t\u00e9 encore plus inconcevable d&#8217;admettre que l&#8217;universit\u00e9, pour laquelle ils avaient un grand respect, <a href=\"https:\/\/aitia.fr\/erd\/une-perfide-censure\/\" target=\"_blank\" rel=\"noopener noreferrer\">puisse sanctionner<\/a> ceux de ses membres \u0153uvrant contre <a href=\"https:\/\/aitia.fr\/erd\/les-mysteres-de-la-gauche\/\" target=\"_blank\" rel=\"noopener noreferrer\">les nouveaux obscurantismes<\/a> et pour l&#8217;\u00e9mancipation intellectuelle du plus grand nombre, <a href=\"https:\/\/aitia.fr\/erd\/le-lobby-3-4-orient-xxi\/\" target=\"_blank\" rel=\"noopener noreferrer\">sous la pression de lobbies<\/a> aussi \u00e9trangers \u00e0 leurs valeurs que criminels. Mais il leur \u00e9tait possible de comprendre \u2013 pour ma m\u00e8re en tout cas, \u00e0 l&#8217;esprit tr\u00e8s logique et math\u00e9matique \u2013 qu&#8217;aucun avion n&#8217;avait percut\u00e9 le World Trade Center le 11 septembre 2001. Mon p\u00e8re, lui, ne connut pas ces \u00e9v\u00e9nements.<\/em>]<\/p>\n<hr \/>\n<p style=\"text-align: center;\"><iframe loading=\"lazy\" src=\"https:\/\/www.youtube.com\/embed\/RuNzMMySuAQ\" width=\"640\" height=\"360\" frameborder=\"0\" allowfullscreen=\"allowfullscreen\"><\/iframe><\/p>\n<p style=\"text-align: justify;\"><!--more-->Et puisqu&#8217;il y a encore des personnes pour accorder quelque cr\u00e9dit aux d\u00e9lires pers\u00e9cutoires d&#8217;associations sp\u00e9cialis\u00e9es dans l&#8217;inversion accusatoire, je remets ci-dessous l&#8217;entrevue d&#8217;Alain Soral par la vid\u00e9aste juive &#8220;Esti&#8221; (Esther, de son vrai pr\u00e9nom) dans le cadre de <a href=\"https:\/\/estifilme.wordpress.com\/le-projet-juif\/\" target=\"_blank\" rel=\"noopener noreferrer\">sa s\u00e9rie de 613 portraits vid\u00e9o<\/a>. Celui ou celle qui sent encore de &#8220;l&#8217;antis\u00e9mitisme&#8221; dans les paroles et le regard d&#8217;Alain Soral apr\u00e8s avoir visionn\u00e9 ces 3 minutes et 23 secondes doit songer \u00e0 consulter&#8230; ou \u00e0 revoir la d\u00e9finition de &#8220;l&#8217;antis\u00e9mitisme&#8221;, un des <a href=\"https:\/\/aitia.fr\/erd\/les-mots-creux-du-nouveau-maccarthysme\/\" target=\"_blank\" rel=\"noopener noreferrer\">nombreux mots-pi\u00e8ges<\/a> du maccarthysme contemporain.<\/p>\n<p style=\"text-align: center;\"><iframe loading=\"lazy\" src=\"https:\/\/www.youtube.com\/embed\/PlBBZmLYTp4\" width=\"640\" height=\"360\" frameborder=\"0\" allowfullscreen=\"allowfullscreen\"><\/iframe><\/p>\n","protected":false},"excerpt":{"rendered":"<p>[Note de l&#8217;administrateur de ce blog : au moment o\u00f9 Alain Soral se fait, une fois de plus, condamner par une &#8220;justice&#8221; instrumentalis\u00e9e au service d&#8217;associations communautaires d\u00e9vou\u00e9es totalement au sionisme et porteuses d&#8217;une haine inextinguible envers tout ce qui incarne &#8220;l&#8217;esprit fran\u00e7ais&#8221;, il me para\u00eet utile de diffuser ce court extrait o\u00f9 l&#8217;intellectuel non-conformiste [&hellip;]<\/p>\n","protected":false},"author":1,"featured_media":0,"comment_status":"open","ping_status":"open","sticky":false,"template":"","format":"video","meta":[],"categories":[4,3,29],"tags":[49,75,1422,354,1424,1423,978,249],"_links":{"self":[{"href":"https:\/\/aitia.fr\/erd\/wp-json\/wp\/v2\/posts\/13684"}],"collection":[{"href":"https:\/\/aitia.fr\/erd\/wp-json\/wp\/v2\/posts"}],"about":[{"href":"https:\/\/aitia.fr\/erd\/wp-json\/wp\/v2\/types\/post"}],"author":[{"embeddable":true,"href":"https:\/\/aitia.fr\/erd\/wp-json\/wp\/v2\/users\/1"}],"replies":[{"embeddable":true,"href":"https:\/\/aitia.fr\/erd\/wp-json\/wp\/v2\/comments?post=13684"}],"version-history":[{"count":12,"href":"https:\/\/aitia.fr\/erd\/wp-json\/wp\/v2\/posts\/13684\/revisions"}],"predecessor-version":[{"id":13696,"href":"https:\/\/aitia.fr\/erd\/wp-json\/wp\/v2\/posts\/13684\/revisions\/13696"}],"wp:attachment":[{"href":"https:\/\/aitia.fr\/erd\/wp-json\/wp\/v2\/media?parent=13684"}],"wp:term":[{"taxonomy":"category","embeddable":true,"href":"https:\/\/aitia.fr\/erd\/wp-json\/wp\/v2\/categories?post=13684"},{"taxonomy":"post_tag","embeddable":true,"href":"https:\/\/aitia.fr\/erd\/wp-json\/wp\/v2\/tags?post=13684"}],"curies":[{"name":"wp","href":"https:\/\/api.w.org\/{rel}","templated":true}]}}