{"id":13349,"date":"2019-07-05T23:57:25","date_gmt":"2019-07-05T21:57:25","guid":{"rendered":"https:\/\/aitia.fr\/erd\/?p=13349"},"modified":"2019-07-06T07:36:37","modified_gmt":"2019-07-06T05:36:37","slug":"dieudonne-2-ans-de-prison-ferme-dieudonne-officiel","status":"publish","type":"post","link":"https:\/\/aitia.fr\/erd\/dieudonne-2-ans-de-prison-ferme-dieudonne-officiel\/","title":{"rendered":"Dieudonn\u00e9 : 2 ans de prison FERME ! (Dieudonn\u00e9 Officiel)"},"content":{"rendered":"<p style=\"text-align: justify;\">[<em>Note de l&#8217;administrateur de ce blog : les salauds capables d&#8217;un tel acharnement sur un de nos plus grands g\u00e9nies comiques se rendent-ils compte qu&#8217;ils se d\u00e9signent eux-m\u00eames comme les victimes de l&#8217;\u00e9puration \u00e0 venir ? Dans le genre pers\u00e9cution ridicule \u2013 quoique moins grave \u2013 on notera aussi <a href=\"https:\/\/www.egaliteetreconciliation.fr\/Le-ministre-de-la-Culture-prononce-l-exclusion-de-Stephane-Blet-de-l-ordre-des-Arts-et-des-Lettres-55350.html\" target=\"_blank\" rel=\"noopener noreferrer\">la r\u00e9cente &#8220;d\u00e9gradation&#8221; de l&#8217;ordre des Arts et des Lettres du pianiste St\u00e9phane Blet<\/a>, de renomm\u00e9e mondiale, par le <a href=\"https:\/\/fr.wikipedia.org\/wiki\/Franck_Riester#Carri%C3%A8re_professionnelle\" target=\"_blank\" rel=\"noopener noreferrer\">concessionnaire automobile Peugeot<\/a> Franck Riester, devenu ministre de la Culture par on ne sait quelle op\u00e9ration du Saint-Esprit, mais <a href=\"https:\/\/aitia.fr\/erd\/notre-dame-laudition-de-franck-riester-au-senat-la-tribune-de-lart\/\" target=\"_blank\" rel=\"noopener noreferrer\">certainement pas en raison de ses comp\u00e9tences<\/a>.<\/em><\/p>\n<p style=\"text-align: justify;\"><em>L&#8217;actualit\u00e9 \u00e9tant taquine, on comparera cette peine \u00e0 celle requise \u00e0 l&#8217;encontre des anciens dirigeants de France T\u00e9l\u00e9com (<a href=\"http:\/\/www.leparisien.fr\/faits-divers\/proces-france-telecom-peine-maximale-requise-contre-les-chauffards-du-travail-05-07-2019-8110893.php\" target=\"_blank\" rel=\"noopener noreferrer\">un an ferme<\/a>), responsables d&#8217;une <a href=\"https:\/\/www.francetvinfo.fr\/economie\/telecom\/suicides-a-france-telecom\/suicides-a-france-telecom-l-article-a-lire-pour-comprendre-toute-l-affaire_1535757.html\" target=\"_blank\" rel=\"noopener noreferrer\">\u00e9pid\u00e9mie de suicides et d\u00e9pressions<\/a>.<\/em>]<\/p>\n<hr \/>\n<p style=\"text-align: center;\"><iframe loading=\"lazy\" src=\"https:\/\/www.youtube.com\/embed\/havKrh-6cdA\" width=\"560\" height=\"315\" frameborder=\"0\" allowfullscreen=\"allowfullscreen\"><\/iframe><\/p>\n","protected":false},"excerpt":{"rendered":"<p>[Note de l&#8217;administrateur de ce blog : les salauds capables d&#8217;un tel acharnement sur un de nos plus grands g\u00e9nies comiques se rendent-ils compte qu&#8217;ils se d\u00e9signent eux-m\u00eames comme les victimes de l&#8217;\u00e9puration \u00e0 venir ? Dans le genre pers\u00e9cution ridicule \u2013 quoique moins grave \u2013 on notera aussi la r\u00e9cente &#8220;d\u00e9gradation&#8221; de l&#8217;ordre des [&hellip;]<\/p>\n","protected":false},"author":1,"featured_media":0,"comment_status":"open","ping_status":"open","sticky":false,"template":"","format":"standard","meta":[],"categories":[4,134,133,29],"tags":[1368,40,417,48,389,1364],"_links":{"self":[{"href":"https:\/\/aitia.fr\/erd\/wp-json\/wp\/v2\/posts\/13349"}],"collection":[{"href":"https:\/\/aitia.fr\/erd\/wp-json\/wp\/v2\/posts"}],"about":[{"href":"https:\/\/aitia.fr\/erd\/wp-json\/wp\/v2\/types\/post"}],"author":[{"embeddable":true,"href":"https:\/\/aitia.fr\/erd\/wp-json\/wp\/v2\/users\/1"}],"replies":[{"embeddable":true,"href":"https:\/\/aitia.fr\/erd\/wp-json\/wp\/v2\/comments?post=13349"}],"version-history":[{"count":6,"href":"https:\/\/aitia.fr\/erd\/wp-json\/wp\/v2\/posts\/13349\/revisions"}],"predecessor-version":[{"id":13359,"href":"https:\/\/aitia.fr\/erd\/wp-json\/wp\/v2\/posts\/13349\/revisions\/13359"}],"wp:attachment":[{"href":"https:\/\/aitia.fr\/erd\/wp-json\/wp\/v2\/media?parent=13349"}],"wp:term":[{"taxonomy":"category","embeddable":true,"href":"https:\/\/aitia.fr\/erd\/wp-json\/wp\/v2\/categories?post=13349"},{"taxonomy":"post_tag","embeddable":true,"href":"https:\/\/aitia.fr\/erd\/wp-json\/wp\/v2\/tags?post=13349"}],"curies":[{"name":"wp","href":"https:\/\/api.w.org\/{rel}","templated":true}]}}