{"id":13336,"date":"2019-07-05T17:57:23","date_gmt":"2019-07-05T15:57:23","guid":{"rendered":"https:\/\/aitia.fr\/erd\/?p=13336"},"modified":"2019-07-05T17:57:23","modified_gmt":"2019-07-05T15:57:23","slug":"dieudonne-condamne-a-deux-ans-de-prison-ferme-pour-fraude-fiscale-abus-de-biens-sociaux-et-blanchiment-er","status":"publish","type":"post","link":"https:\/\/aitia.fr\/erd\/dieudonne-condamne-a-deux-ans-de-prison-ferme-pour-fraude-fiscale-abus-de-biens-sociaux-et-blanchiment-er\/","title":{"rendered":"Dieudonn\u00e9 condamn\u00e9 \u00e0 deux ans de prison ferme pour fraude fiscale, abus de biens sociaux et blanchiment (E&#038;R)"},"content":{"rendered":"<p style=\"text-align: justify;\"><a href=\"https:\/\/aitia.fr\/erd\/wp-content\/uploads\/2019\/07\/Dieudonne\u0301.jpg\"><img decoding=\"async\" loading=\"lazy\" class=\"alignleft size-full wp-image-13338\" src=\"https:\/\/aitia.fr\/erd\/wp-content\/uploads\/2019\/07\/Dieudonne\u0301.jpg\" alt=\"\" width=\"320\" height=\"200\" srcset=\"https:\/\/aitia.fr\/erd\/wp-content\/uploads\/2019\/07\/Dieudonne\u0301.jpg 320w, https:\/\/aitia.fr\/erd\/wp-content\/uploads\/2019\/07\/Dieudonne\u0301-300x188.jpg 300w\" sizes=\"(max-width: 320px) 100vw, 320px\" \/><\/a>[<em>Note de l&#8217;administrateur de ce blog : j&#8217;aurais pu faire exactement le m\u00eame commentaire que <a href=\"https:\/\/twitter.com\/OlivierRimmel\/status\/1147142828574879748\" target=\"_blank\" rel=\"noopener noreferrer\">Olivier Rimmel<\/a> (sauf que je me suis r\u00e9veill\u00e9 plus tard que lui) : &#8220;Et tout est fait en <a class=\"twitter-hashtag pretty-link js-nav\" dir=\"ltr\" href=\"https:\/\/twitter.com\/hashtag\/France?src=hash\" data-query-source=\"hashtag_click\"><s>#<\/s><b>France<\/b><\/a> pour qu&#8217;on ne d\u00e9couvre pas la r\u00e9alit\u00e9 de ce que r\u00e9v\u00e8le le dossier <a class=\"twitter-atreply pretty-link js-nav\" dir=\"ltr\" href=\"https:\/\/twitter.com\/MbalaDieudo\" data-mentioned-user-id=\"1283018743\"><s>@<\/s><b>MbalaDieudo<\/b><\/a> car en v\u00e9rit\u00e9, c&#8217;est la r\u00e9alit\u00e9 qui est immonde. Toute personne honn\u00eate ne peut qu&#8217;\u00eatre d&#8217;accord avec moi. Et les autres &#8220;allez tous vous faire enculer&#8221; pour rester poli.&#8221;<\/em><\/p>\n<p style=\"text-align: justify;\"><em>Casser du juif \u00e0 une \u00e9poque, du communiste \u00e0 une autre ou <a href=\"https:\/\/aitia.fr\/erd\/dieudonne-a-pau-le-triomphe-dune-bete-sacree\/\" target=\"_blank\" rel=\"noopener noreferrer\">de l&#8217;humoriste hyper-talentueux<\/a> et <a href=\"https:\/\/www.youtube.com\/watch?v=Q2JtapxiZJU\" target=\"_blank\" rel=\"noopener noreferrer\">libre<\/a> aujourd&#8217;hui, reste toujours l&#8217;\u0153uvre des m\u00eames salauds et petites ordures de collabos sans \u00e2me. Rien de nouveau dans la France occup\u00e9e.<\/em>]<\/p>\n<hr \/>\n<p style=\"text-align: justify;\"><strong>On a laiss\u00e9 le vocabulaire du <i>Parisien<\/i>, le journal relais du minist\u00e8re de l\u2019Int\u00e9rieur, tel quel. Dieudonn\u00e9 n\u2019y est pas consid\u00e9r\u00e9 comme un humoriste mais comme un \u00ab\u00a0<i>pol\u00e9miste<\/i>\u00a0\u00bb. <\/strong><\/p>\n<p style=\"text-align: justify;\" align=\"right\"><em>&#8211; La R\u00e9daction d\u2019E&amp;R &#8211;<\/em><\/p>\n<p style=\"text-align: justify;\">Le pol\u00e9miste Dieudonn\u00e9 M\u2019Bala M\u2019Bala, \u00e9tait jug\u00e9 \u00e0 Paris ce vendredi pour avoir notamment d\u2019avoir d\u00e9tourn\u00e9 plus d\u2019un million d\u2019euros de recettes non comptabilis\u00e9es de ses spectacles.<\/p>\n<p style=\"text-align: justify;\">C\u2019est plus que les r\u00e9quisitions. Lors du proc\u00e8s, qui s\u2019est tenu entre fin mars et d\u00e9but avril \u00e0 Paris, le parquet avait requis dix-huit mois de prison ferme contre Dieudonn\u00e9 (53 ans), tandis que ses avocats avaient plaid\u00e9 sa relaxe.<\/p>\n<p style=\"text-align: justify;\">Mais ce vendredi, le tribunal correctionnel de Paris a d\u00e9cid\u00e9 d\u2019aller plus loin que les r\u00e9quisitions et a condamn\u00e9 l\u2019humoriste controvers\u00e9 \u00e0 deux ans de prison ferme pour pour fraude fiscale, abus de biens sociaux et blanchiment.<\/p>\n<p style=\"text-align: justify;\">Lire l\u2019article entier sur <a href=\"http:\/\/www.leparisien.fr\/faits-divers\/dieudonne-condamne-a-deux-ans-de-prison-ferme-pour-fraude-fiscale-abus-de-biens-sociaux-et-blanchiment-05-07-2019-8110380.php\" target=\"_blank\" rel=\"noopener noreferrer\"><strong>leparisien.fr<\/strong><\/a><\/p>\n<p style=\"text-align: justify;\">Les r\u00e9actions sont plus nombreuses qu\u2019apr\u00e8s l\u2019attentat contre Dieudonn\u00e9 ou les r\u00e9quisitions contre Balkany\u00a0: toute la presse mainstream se d\u00e9cha\u00eene\u00a0!<\/p>\n<p style=\"text-align: justify;\">Enfin, la justice va pouvoir enfermer celui qui d\u00e9range les vrais ma\u00eetres. Certains expriment une haine trop longtemps rentr\u00e9e, m\u00eame si Dieudonn\u00e9 n\u2019est pas encore en prison. Notez les termes compl\u00e8tement d\u00e9lirants, fruits d\u2019une haine inextinguible\u00a0:<\/p>\n<p><a href=\"https:\/\/www.egaliteetreconciliation.fr\/Dieudonne-condamne-a-deux-ans-de-prison-ferme-pour-fraude-fiscale-abus-de-biens-sociaux-et-55376.html\" target=\"_blank\" rel=\"noopener noreferrer\">Continuer la lecture sur \u00c9galit\u00e9 &amp; R\u00e9conciliation \u2192<\/a><\/p>\n","protected":false},"excerpt":{"rendered":"<p>[Note de l&#8217;administrateur de ce blog : j&#8217;aurais pu faire exactement le m\u00eame commentaire que Olivier Rimmel (sauf que je me suis r\u00e9veill\u00e9 plus tard que lui) : &#8220;Et tout est fait en #France pour qu&#8217;on ne d\u00e9couvre pas la r\u00e9alit\u00e9 de ce que r\u00e9v\u00e8le le dossier @MbalaDieudo car en v\u00e9rit\u00e9, c&#8217;est la r\u00e9alit\u00e9 qui [&hellip;]<\/p>\n","protected":false},"author":1,"featured_media":0,"comment_status":"open","ping_status":"open","sticky":false,"template":"","format":"standard","meta":[],"categories":[4,29],"tags":[117,1365,126,40,1192,1231,48,389,1364,1363],"_links":{"self":[{"href":"https:\/\/aitia.fr\/erd\/wp-json\/wp\/v2\/posts\/13336"}],"collection":[{"href":"https:\/\/aitia.fr\/erd\/wp-json\/wp\/v2\/posts"}],"about":[{"href":"https:\/\/aitia.fr\/erd\/wp-json\/wp\/v2\/types\/post"}],"author":[{"embeddable":true,"href":"https:\/\/aitia.fr\/erd\/wp-json\/wp\/v2\/users\/1"}],"replies":[{"embeddable":true,"href":"https:\/\/aitia.fr\/erd\/wp-json\/wp\/v2\/comments?post=13336"}],"version-history":[{"count":6,"href":"https:\/\/aitia.fr\/erd\/wp-json\/wp\/v2\/posts\/13336\/revisions"}],"predecessor-version":[{"id":13343,"href":"https:\/\/aitia.fr\/erd\/wp-json\/wp\/v2\/posts\/13336\/revisions\/13343"}],"wp:attachment":[{"href":"https:\/\/aitia.fr\/erd\/wp-json\/wp\/v2\/media?parent=13336"}],"wp:term":[{"taxonomy":"category","embeddable":true,"href":"https:\/\/aitia.fr\/erd\/wp-json\/wp\/v2\/categories?post=13336"},{"taxonomy":"post_tag","embeddable":true,"href":"https:\/\/aitia.fr\/erd\/wp-json\/wp\/v2\/tags?post=13336"}],"curies":[{"name":"wp","href":"https:\/\/api.w.org\/{rel}","templated":true}]}}