{"id":13297,"date":"2019-07-01T22:25:03","date_gmt":"2019-07-01T20:25:03","guid":{"rendered":"https:\/\/aitia.fr\/erd\/?p=13297"},"modified":"2019-07-01T22:25:03","modified_gmt":"2019-07-01T20:25:03","slug":"macron-avait-bien-menti-fermeture-de-400-ecoles-rurales-er","status":"publish","type":"post","link":"https:\/\/aitia.fr\/erd\/macron-avait-bien-menti-fermeture-de-400-ecoles-rurales-er\/","title":{"rendered":"Macron avait bien menti : fermeture de 400 \u00e9coles rurales (E&#038;R)"},"content":{"rendered":"<p style=\"text-align: justify;\"><strong><a href=\"https:\/\/aitia.fr\/erd\/wp-content\/uploads\/2019\/07\/ecoles_rurales_le_big_bang-b92bd.jpg\"><img decoding=\"async\" loading=\"lazy\" class=\"alignleft size-full wp-image-13299\" src=\"https:\/\/aitia.fr\/erd\/wp-content\/uploads\/2019\/07\/ecoles_rurales_le_big_bang-b92bd.jpg\" alt=\"\" width=\"400\" height=\"388\" srcset=\"https:\/\/aitia.fr\/erd\/wp-content\/uploads\/2019\/07\/ecoles_rurales_le_big_bang-b92bd.jpg 400w, https:\/\/aitia.fr\/erd\/wp-content\/uploads\/2019\/07\/ecoles_rurales_le_big_bang-b92bd-300x291.jpg 300w\" sizes=\"(max-width: 400px) 100vw, 400px\" \/><\/a><\/strong>[<em>Note de l&#8217;administrateur de ce blog : et il y a un paquet de Fran\u00e7ais qui ont vot\u00e9 Macron pour &#8220;faire barrage au fascisme et \u00e0 l&#8217;extr\u00eame-droite&#8221;&#8230;<\/em> <em>Ils vont comprendre cette fois ou la m\u00e9decine ne peut plus rien pour eux ?<\/em>]<\/p>\n<hr \/>\n<p style=\"text-align: justify;\"><strong>\u00c7a fait des ann\u00e9es que les Premiers ministres successifs travaillant pour la Banque (ou la Dette) nous expliquent que l\u2019\u00c9tat n\u2019a plus les moyens, que l\u2019\u00c9tat est en faillite, que le pays est endett\u00e9, que les services publics co\u00fbtent trop cher, que le social c\u2019est bien mais c\u2019est un luxe. Cons\u00e9quence : explosion du prix du train, du prix de l\u2019\u00e9lectricit\u00e9, du prix de la bouffe, du prix de tout. Paup\u00e9risation g\u00e9n\u00e9rale, r\u00e9voltes du pain, c\u2019est un peu \u00e7a les Gilets jaunes quand m\u00eame, et aujourd\u2019hui, on apprend que le lib\u00e9ralisme qui a mis la main sur l\u2019\u00c9tat a d\u00e9cid\u00e9 de fermer 400 petites \u00e9coles rurales. <\/strong><\/p>\n<p style=\"text-align: justify;\">Les \u00e9l\u00e8ves seront regroup\u00e9s dans ces grands bahuts concentrationnaires qui sont tout sauf agr\u00e9ables \u00e0 vivre. \u00c0 quand des \u00e9coles \u00e0 l\u2019\u00e9chelle humaine\u00a0? Visiblement c\u2019est pas pour demain. Pour les puissants aux commandes de la nation, l\u2019\u00e9cole ne sert pas \u00e0 grand-chose \u00e0 part rep\u00e9rer quelques t\u00eates qui iront rejoindre l\u2019\u00e9lite. Le reste, on s\u2019en fout, qu\u2019il se d\u00e9brouille.<\/p>\n<p style=\"text-align: justify;\">D\u00e9cid\u00e9ment, quand on lit l\u2019article d\u2019<i>Aujourd\u2019hui en France<\/i> de ce 1er juillet 2019, on voit que le sp\u00e9cialiste des fusions-acquisitions de chez Rothschild n\u2019a pas perdu la main\u00a0: une \u00e9cole, c\u2019est comme une entreprise, \u00e7a se garrotte pour en extraire les emplois en trop, \u00e7a se d\u00e9coupe \u00e0 la hache et \u00e7a se remonte ailleurs, \u00e7a fusionne et \u00e7a grossit, mais \u00e7a ne reste surtout pas \u00e0 l\u2019\u00e9chelle humaine. Start-up nation, putain\u00a0!<\/p>\n<p><a href=\"https:\/\/www.egaliteetreconciliation.fr\/Macron-avait-bien-menti-fermeture-de-400-ecoles-rurales-55324.html\" target=\"_blank\" rel=\"noopener noreferrer\">Continuer la lecture sur \u00c9galit\u00e9 &amp; R\u00e9conciliation \u2192<\/a><\/p>\n","protected":false},"excerpt":{"rendered":"<p>[Note de l&#8217;administrateur de ce blog : et il y a un paquet de Fran\u00e7ais qui ont vot\u00e9 Macron pour &#8220;faire barrage au fascisme et \u00e0 l&#8217;extr\u00eame-droite&#8221;&#8230; Ils vont comprendre cette fois ou la m\u00e9decine ne peut plus rien pour eux ?] \u00c7a fait des ann\u00e9es que les Premiers ministres successifs travaillant pour la Banque [&hellip;]<\/p>\n","protected":false},"author":1,"featured_media":0,"comment_status":"open","ping_status":"open","sticky":false,"template":"","format":"standard","meta":[],"categories":[4],"tags":[1355,1352,222,1353,65,1354,598],"_links":{"self":[{"href":"https:\/\/aitia.fr\/erd\/wp-json\/wp\/v2\/posts\/13297"}],"collection":[{"href":"https:\/\/aitia.fr\/erd\/wp-json\/wp\/v2\/posts"}],"about":[{"href":"https:\/\/aitia.fr\/erd\/wp-json\/wp\/v2\/types\/post"}],"author":[{"embeddable":true,"href":"https:\/\/aitia.fr\/erd\/wp-json\/wp\/v2\/users\/1"}],"replies":[{"embeddable":true,"href":"https:\/\/aitia.fr\/erd\/wp-json\/wp\/v2\/comments?post=13297"}],"version-history":[{"count":2,"href":"https:\/\/aitia.fr\/erd\/wp-json\/wp\/v2\/posts\/13297\/revisions"}],"predecessor-version":[{"id":13301,"href":"https:\/\/aitia.fr\/erd\/wp-json\/wp\/v2\/posts\/13297\/revisions\/13301"}],"wp:attachment":[{"href":"https:\/\/aitia.fr\/erd\/wp-json\/wp\/v2\/media?parent=13297"}],"wp:term":[{"taxonomy":"category","embeddable":true,"href":"https:\/\/aitia.fr\/erd\/wp-json\/wp\/v2\/categories?post=13297"},{"taxonomy":"post_tag","embeddable":true,"href":"https:\/\/aitia.fr\/erd\/wp-json\/wp\/v2\/tags?post=13297"}],"curies":[{"name":"wp","href":"https:\/\/api.w.org\/{rel}","templated":true}]}}