{"id":13257,"date":"2019-06-29T08:53:52","date_gmt":"2019-06-29T06:53:52","guid":{"rendered":"https:\/\/aitia.fr\/erd\/?p=13257"},"modified":"2019-06-29T08:55:43","modified_gmt":"2019-06-29T06:55:43","slug":"la-france-caniculaire-de-macron-en-pleine-reaction-bourgeoise-jusqua-quand-eric-verhaeghe","status":"publish","type":"post","link":"https:\/\/aitia.fr\/erd\/la-france-caniculaire-de-macron-en-pleine-reaction-bourgeoise-jusqua-quand-eric-verhaeghe\/","title":{"rendered":"La France caniculaire de Macron en pleine r\u00e9action <br>bourgeoise. Jusqu\u2019\u00e0 quand ? (\u00c9ric Verhaeghe)"},"content":{"rendered":"<p style=\"text-align: justify;\"><a href=\"https:\/\/fr.wikipedia.org\/wiki\/Fichier:Gustave_Wappers_-_%C3%89pisode_des_Journ%C3%A9es_de_septembre_1830_sur_la_place_de_l%27H%C3%B4tel_de_Ville_de_Bruxelles.jpg\" target=\"_blank\" rel=\"noopener noreferrer\"><img decoding=\"async\" loading=\"lazy\" class=\"alignleft wp-image-13260\" src=\"https:\/\/aitia.fr\/erd\/wp-content\/uploads\/2019\/06\/septembre-1830-Bruxelles.jpg\" alt=\"\" width=\"380\" height=\"253\" srcset=\"https:\/\/aitia.fr\/erd\/wp-content\/uploads\/2019\/06\/septembre-1830-Bruxelles.jpg 543w, https:\/\/aitia.fr\/erd\/wp-content\/uploads\/2019\/06\/septembre-1830-Bruxelles-300x200.jpg 300w\" sizes=\"(max-width: 380px) 100vw, 380px\" \/><\/a>[<em>Note de l&#8217;administrateur de ce blog : l&#8217;auteur (qui est belge) nous glisse discr\u00e8tement via l&#8217;illustration de l&#8217;article une allusion \u00e0 la <a href=\"https:\/\/fr.wikipedia.org\/wiki\/R%C3%A9volution_belge\" target=\"_blank\" rel=\"noopener noreferrer\">r\u00e9volution belge de 1830<\/a>, qui aboutit \u00e0 l&#8217;ind\u00e9pendance de la Belgique auparavant d\u00e9pendante du <a href=\"https:\/\/fr.wikipedia.org\/wiki\/Royaume_uni_des_Pays-Bas\" target=\"_blank\" rel=\"noopener noreferrer\">royaume uni des Pays-Bas<\/a>. <\/em><\/p>\n<p style=\"text-align: justify;\"><em>Lors des <a href=\"https:\/\/fr.wikipedia.org\/wiki\/R%C3%A9volution_belge#Les_Journ%C3%A9es_de_septembre\" target=\"_blank\" rel=\"noopener noreferrer\">journ\u00e9es de septembre<\/a>, sujet de la toile de Gustave Wappers, les soul\u00e8vements en faveur de la s\u00e9cession triomph\u00e8rent, tandis qu&#8217;une partie de la bourgeoisie de Flandres restait fid\u00e8le au roi des Pays-Bas. Un homme joua un r\u00f4le majeur dans le succ\u00e8s de la r\u00e9volution : <a href=\"https:\/\/fr.wikipedia.org\/wiki\/Emmanuel_Van_der_Linden_d%27Hooghvorst\" target=\"_blank\" rel=\"noopener noreferrer\">Emmanuel d&#8217;Hooghvoorst<\/a>, chef de la garde bourgeoise de Bruxelles, qui se rangea avec le peuple et organisa les insurg\u00e9s.<\/em>]<\/p>\n<hr \/>\n<p style=\"text-align: justify;\"><strong>La r\u00e9action bourgeoise s\u00e9vit, apr\u00e8s un long hiver pass\u00e9 au tremblement des \u00e9meutiers qui ont envahi Paris. Rien n\u2019est trop beau d\u00e9sormais pour avilir la contestation populaire et pour revenir aux mesures les plus vexatoires et aux exclusions les plus farouches. Certains n\u2019h\u00e9sitent pas d\u00e9sormais \u00e0 \u00e9voquer une d\u00e9rive illib\u00e9rale du r\u00e9gime, qui cherche \u00e0 museler les oppositions et \u00e0 imposer avec plus de virulence que jamais un ordre unique, unilat\u00e9ral, dont le substrat repose sur la d\u00e9fense sans vergogne des \u00e9lites parisiennes. Personne ne sait quand ce mouvement de balancier s\u2019ach\u00e8vera et entamera, avec peut-\u00eatre plus de violence qu\u2019attendu, son reflux.<\/strong><\/p>\n<p style=\"text-align: justify;\">C\u2019est vrai qu\u2019elle n\u2019a pas fi\u00e8re allure, cette France de la Grande Peur et de la r\u00e9action bourgeoise qui prend sans \u00e9tat d\u2019\u00e2me sa revanche contre les masses populaires qui l\u2019ont mise en danger cet hiver. Partout o\u00f9 elle peut reprendre le contr\u00f4le de la situation, partout o\u00f9 elle peut mettre sa griffe pour dire son droit irr\u00e9fragable \u00e0 tenir le pays, elle agit. Et m\u00eame les franges mod\u00e9r\u00e9es de l\u2019\u00e9lite commencent \u00e0 s\u2019en sentir mal \u00e0 l\u2019aise.<\/p>\n<h2 style=\"text-align: justify;\">R\u00e9action bourgeoise et libert\u00e9 de la presse<\/h2>\n<p style=\"text-align: justify;\">Par exemple, l\u2019excellent Arnaud Benedetti et Virginie Martin co-signent une tribune dans le Huffington Post pour <a href=\"https:\/\/www.huffingtonpost.fr\/entry\/en-parlant-dun-conseil-de-lordre-des-journalistes-le-macronisme-verse-dans-lilliberalisme-quil-pretend-combattre_fr_5d15de5de4b07f6ca57b9cb7\" target=\"_blank\" rel=\"noopener noreferrer\">d\u00e9noncer le d\u00e9rapage illib\u00e9ral de C\u00e9dric O<\/a>, le tr\u00e9sorier de la campagne d\u2019Emmanuel Macron. Ce discret secr\u00e9taire d\u2019\u00c9tat au Num\u00e9rique a imprudemment plaid\u00e9, avant de se raviser, en faveur d\u2019un ordre des journalistes qui aurait un pouvoir disciplinaire sur la profession. Ah ! ces horribles journalistes et leurs p\u00e2les ombres d\u2019Internet qui mine l\u2019opinion publique avec des id\u00e9es libertaires! comment les tol\u00e9rer plus longtemps en R\u00e9publique ?<\/p>\n<p style=\"text-align: justify;\">Il est vrai que les professions ordinales sont une invention de Vichy, qui avait trouv\u00e9 de z\u00e9l\u00e9s collaborateurs pour faire r\u00e9gner l\u2019ordre \u00e0 sa place. Voil\u00e0 qui fait un peu t\u00e2che, mais <a href=\"http:\/\/www.lecourrierdesstrateges.fr\/2019\/06\/24\/macron-president-assume-de-la-bourgeoisie\/\" target=\"_blank\" rel=\"noopener noreferrer\">qui en dit long sur cette d\u00e9rive autoritaire qu\u2019on entend dans les milieux bourgeois du pays<\/a>. Il faut d\u00e9sormais que l\u2019ordre revienne, et qu\u2019il r\u00e8gne, par-del\u00e0 le folklore surann\u00e9 des libert\u00e9s publiques.<\/p>\n<p><a href=\"http:\/\/www.lecourrierdesstrateges.fr\/2019\/06\/28\/la-france-caniculaire-de-macron-en-pleine-reaction-bourgeoise-jusqua-quand\/\" target=\"_blank\" rel=\"noopener noreferrer\">Continuer la lecture sur <em>le courrier des strat\u00e8ges<\/em> \u2192<\/a><\/p>\n","protected":false},"excerpt":{"rendered":"<p>[Note de l&#8217;administrateur de ce blog : l&#8217;auteur (qui est belge) nous glisse discr\u00e8tement via l&#8217;illustration de l&#8217;article une allusion \u00e0 la r\u00e9volution belge de 1830, qui aboutit \u00e0 l&#8217;ind\u00e9pendance de la Belgique auparavant d\u00e9pendante du royaume uni des Pays-Bas. Lors des journ\u00e9es de septembre, sujet de la toile de Gustave Wappers, les soul\u00e8vements en [&hellip;]<\/p>\n","protected":false},"author":1,"featured_media":0,"comment_status":"open","ping_status":"open","sticky":false,"template":"","format":"standard","meta":[],"categories":[4,134],"tags":[1350,1351,1349,948,1348,1347,1128],"_links":{"self":[{"href":"https:\/\/aitia.fr\/erd\/wp-json\/wp\/v2\/posts\/13257"}],"collection":[{"href":"https:\/\/aitia.fr\/erd\/wp-json\/wp\/v2\/posts"}],"about":[{"href":"https:\/\/aitia.fr\/erd\/wp-json\/wp\/v2\/types\/post"}],"author":[{"embeddable":true,"href":"https:\/\/aitia.fr\/erd\/wp-json\/wp\/v2\/users\/1"}],"replies":[{"embeddable":true,"href":"https:\/\/aitia.fr\/erd\/wp-json\/wp\/v2\/comments?post=13257"}],"version-history":[{"count":22,"href":"https:\/\/aitia.fr\/erd\/wp-json\/wp\/v2\/posts\/13257\/revisions"}],"predecessor-version":[{"id":13280,"href":"https:\/\/aitia.fr\/erd\/wp-json\/wp\/v2\/posts\/13257\/revisions\/13280"}],"wp:attachment":[{"href":"https:\/\/aitia.fr\/erd\/wp-json\/wp\/v2\/media?parent=13257"}],"wp:term":[{"taxonomy":"category","embeddable":true,"href":"https:\/\/aitia.fr\/erd\/wp-json\/wp\/v2\/categories?post=13257"},{"taxonomy":"post_tag","embeddable":true,"href":"https:\/\/aitia.fr\/erd\/wp-json\/wp\/v2\/tags?post=13257"}],"curies":[{"name":"wp","href":"https:\/\/api.w.org\/{rel}","templated":true}]}}