{"id":13152,"date":"2019-06-10T16:27:42","date_gmt":"2019-06-10T14:27:42","guid":{"rendered":"https:\/\/aitia.fr\/erd\/?p=13152"},"modified":"2019-06-10T16:31:54","modified_gmt":"2019-06-10T14:31:54","slug":"ce-qui-cloche-avec-greta-thunberg-tatiana-ventose","status":"publish","type":"post","link":"https:\/\/aitia.fr\/erd\/ce-qui-cloche-avec-greta-thunberg-tatiana-ventose\/","title":{"rendered":"Ce qui cloche avec Greta Thunberg (Tatiana Vent\u00f4se)"},"content":{"rendered":"<p style=\"text-align: justify;\">[<em>Note de l&#8217;administrateur de ce blog : comme le dit tr\u00e8s bien Tatiana Vent\u00f4se (de son vrai nom <a href=\"http:\/\/madame.lefigaro.fr\/societe\/tatiana-jarzabek-la-prof-frondeuse-du-fil-dactu-080616-114607\" target=\"_blank\" rel=\"noopener noreferrer\">Tatiana Jarzabek<\/a>) :<\/p>\n<blockquote>\n<p style=\"text-align: justify;\"><em>&#8220;Le probl\u00e8me avec Greta Thunberg, c&#8217;est que critiquer, ou juste poser une question, revient \u00e0 attaquer une ado autiste qui a surv\u00e9cu \u00e0 une d\u00e9pression. Tu passes pour un connard.&#8221;<\/em><\/p>\n<\/blockquote>\n<p><\/p>\n<p style=\"text-align: justify;\">On ne peut pas mieux r\u00e9sumer la technique de culpabilisation victimaire qu&#8217;exploite sans aucune mod\u00e9ration l&#8217;oligarchie r\u00e9gnante afin de d\u00e9samorcer toute critique sur les sujets les plus importants. C&#8217;est sans doute pour cela que <a href=\"https:\/\/www.bvoltaire.fr\/sibeth-ndiaye-matinee-pyjama-a-lelysee\/\" target=\"_blank\" rel=\"noopener noreferrer\">la porte-parole du Gouvernement<\/a> de la R\u00e9publique Fran\u00e7aise est une femme noire ob\u00e8se incapable d&#8217;un semblant de correction vestimentaire.<\/p>\n<p style=\"text-align: justify;\">Mais le probl\u00e8me avec cette manipulation grossi\u00e8re,\u00a0 c&#8217;est qu&#8217;une fois qu&#8217;on l&#8217;a comprise, on la voit partout et elle ne fonctionne plus.<\/em>]<\/p>\n<hr \/>\n<p style=\"text-align: center;\"><iframe loading=\"lazy\" src=\"https:\/\/www.youtube.com\/embed\/6Jujrmiyn18\" width=\"640\" height=\"360\" frameborder=\"0\" allowfullscreen=\"allowfullscreen\"><span style=\"display: inline-block; width: 0px; overflow: hidden; line-height: 0;\" data-mce-type=\"bookmark\" class=\"mce_SELRES_start\">\ufeff<\/span><\/iframe><\/p>\n","protected":false},"excerpt":{"rendered":"<p>[Note de l&#8217;administrateur de ce blog : comme le dit tr\u00e8s bien Tatiana Vent\u00f4se (de son vrai nom Tatiana Jarzabek) : &#8220;Le probl\u00e8me avec Greta Thunberg, c&#8217;est que critiquer, ou juste poser une question, revient \u00e0 attaquer une ado autiste qui a surv\u00e9cu \u00e0 une d\u00e9pression. Tu passes pour un connard.&#8221; On ne peut pas [&hellip;]<\/p>\n","protected":false},"author":1,"featured_media":0,"comment_status":"open","ping_status":"open","sticky":false,"template":"","format":"video","meta":[],"categories":[4,3,29],"tags":[273,1323,1320,1318,1321,20,1322,48,123,1319],"_links":{"self":[{"href":"https:\/\/aitia.fr\/erd\/wp-json\/wp\/v2\/posts\/13152"}],"collection":[{"href":"https:\/\/aitia.fr\/erd\/wp-json\/wp\/v2\/posts"}],"about":[{"href":"https:\/\/aitia.fr\/erd\/wp-json\/wp\/v2\/types\/post"}],"author":[{"embeddable":true,"href":"https:\/\/aitia.fr\/erd\/wp-json\/wp\/v2\/users\/1"}],"replies":[{"embeddable":true,"href":"https:\/\/aitia.fr\/erd\/wp-json\/wp\/v2\/comments?post=13152"}],"version-history":[{"count":8,"href":"https:\/\/aitia.fr\/erd\/wp-json\/wp\/v2\/posts\/13152\/revisions"}],"predecessor-version":[{"id":13160,"href":"https:\/\/aitia.fr\/erd\/wp-json\/wp\/v2\/posts\/13152\/revisions\/13160"}],"wp:attachment":[{"href":"https:\/\/aitia.fr\/erd\/wp-json\/wp\/v2\/media?parent=13152"}],"wp:term":[{"taxonomy":"category","embeddable":true,"href":"https:\/\/aitia.fr\/erd\/wp-json\/wp\/v2\/categories?post=13152"},{"taxonomy":"post_tag","embeddable":true,"href":"https:\/\/aitia.fr\/erd\/wp-json\/wp\/v2\/tags?post=13152"}],"curies":[{"name":"wp","href":"https:\/\/api.w.org\/{rel}","templated":true}]}}