{"id":13076,"date":"2019-05-26T12:49:37","date_gmt":"2019-05-26T10:49:37","guid":{"rendered":"https:\/\/aitia.fr\/erd\/?p=13076"},"modified":"2019-05-26T12:53:02","modified_gmt":"2019-05-26T10:53:02","slug":"la-mascarade-de-lunion-europeenne-thierry-meyssan","status":"publish","type":"post","link":"https:\/\/aitia.fr\/erd\/la-mascarade-de-lunion-europeenne-thierry-meyssan\/","title":{"rendered":"La mascarade de l\u2019Union europ\u00e9enne (Thierry Meyssan)"},"content":{"rendered":"<p style=\"text-align: justify;\"><a href=\"https:\/\/aitia.fr\/erd\/wp-content\/uploads\/2019\/05\/elections-UE.jpg\"><img decoding=\"async\" loading=\"lazy\" class=\"alignleft wp-image-13078\" src=\"https:\/\/aitia.fr\/erd\/wp-content\/uploads\/2019\/05\/elections-UE-300x225.jpg\" alt=\"\" width=\"350\" height=\"263\" srcset=\"https:\/\/aitia.fr\/erd\/wp-content\/uploads\/2019\/05\/elections-UE-300x225.jpg 300w, https:\/\/aitia.fr\/erd\/wp-content\/uploads\/2019\/05\/elections-UE.jpg 400w\" sizes=\"(max-width: 350px) 100vw, 350px\" \/><\/a>[<em>Note de l&#8217;administrateur de ce blog : en ce jour d&#8217;\u00e9lection, il est utile de savoir ce qu&#8217;est vraiment l&#8217;Union Europ\u00e9enne, et ce que sont vraiment les repr\u00e9sentants politiques qui font campagne pour cette \u00e9lection. Thierry Meyssan, comme d&#8217;habitude, ne fait pas de cadeau.<\/em><\/p>\n<p style=\"text-align: justify;\"><em>Concernant la &#8220;crise du gaz&#8221; europ\u00e9enne qui s&#8217;annonce, on pourra lire avec int\u00e9r\u00eat (mais en anglais, malheureusement) <a href=\"https:\/\/www.iea.org\/newsroom\/news\/2019\/march\/a-long-term-view-of-natural-gas-security-in-the-european-union.html\" target=\"_blank\" rel=\"noopener noreferrer\">cette analyse r\u00e9cente<\/a> de <span id=\"authorList\">Peter Zeniewski de l&#8217;Agence Internationale de l&#8217;\u00c9nergie<\/span>. <\/em><\/p>\n<p style=\"text-align: justify;\"><em>Et ne pas oublier que l&#8217;acc\u00e8s \u00e0 l&#8217;\u00e9nergie constitue <a href=\"https:\/\/aitia.fr\/erd\/sujet-dexamen-extrait\/\" target=\"_blank\" rel=\"noopener noreferrer\">une des principales<\/a>, <a href=\"https:\/\/aitia.fr\/erd\/petrole-une-guerre-dun-siecle\/\" target=\"_blank\" rel=\"noopener noreferrer\">sinon la premi\u00e8re<\/a>, source de conflits.<\/em>]<\/p>\n<hr \/>\n<p style=\"text-align: justify;\"><strong>Pour Thierry Meyssan, les Europ\u00e9ens sont aveugles parce qu\u2019ils ne veulent pas voir. Ils persistent \u00e0 croire que l\u2019Union europ\u00e9enne, c\u2019est la paix et la prosp\u00e9rit\u00e9, malgr\u00e9 les \u00e9checs incontestables dans ces deux domaines. Ils s\u2019imaginent une opposition int\u00e9rieure entre patriotes et populistes, alors que ces deux groupes se placent sous la protection du Pentagone contre la Russie. La strat\u00e9gie internationale de l\u2019apr\u00e8s-Deuxi\u00e8me Guerre mondiale se poursuit \u00e0 leur d\u00e9triment, sans qu\u2019ils en aient conscience.<\/strong><\/p>\n<p class=\"lettrine\" style=\"text-align: justify;\">\u00c0 l\u2019issue de leur victoire commune dans la Seconde Guerre mondiale, les \u00c9tats-Unis et le Royaume-Uni adopt\u00e8rent la vision de leur alli\u00e9 sovi\u00e9tique d\u00e9crite par l\u2019ambassadeur US \u00e0 Moscou, George Kennan. Selon eux, l\u2019URSS \u00e9tait un Empire totalitaire qui tentait de conqu\u00e9rir le monde. Ils firent donc volte-face et con\u00e7urent la strat\u00e9gie de l\u2019endiguement (<i>containment<\/i>). Le monde pouvait \u00eatre divis\u00e9 en trois\u00a0: celui d\u00e9j\u00e0 \u00e9cras\u00e9 par les Soviets, le monde encore libre, et la partie \u00e0 d\u00e9coloniser qu\u2019il fallait pr\u00e9server de l\u2019ogre sovi\u00e9tique.<\/p>\n<p style=\"text-align: justify;\">Au d\u00e9but, cette analyse put para\u00eetre juste, Staline d\u00e9portant toujours des populations au goulag. Mais, au moins apr\u00e8s sa mort, elle \u00e9tait d\u00e9j\u00e0 \u00e9videmment fausse. Ainsi Che Guevara, ministre de l\u2019\u00c9conomie cubain, \u00e9crivit un livre contre le mod\u00e8le sovi\u00e9tique, et poursuivi la R\u00e9volution en Afrique sans en r\u00e9f\u00e9rer aux Soviets, mais toujours avec leur appui.<\/p>\n<p><a href=\"https:\/\/www.voltairenet.org\/article206579.html\" target=\"_blank\" rel=\"noopener noreferrer\">Continuer la lecture sur le <em>R\u00e9seau Voltaire<\/em> \u2192<\/a><\/p>\n","protected":false},"excerpt":{"rendered":"<p>[Note de l&#8217;administrateur de ce blog : en ce jour d&#8217;\u00e9lection, il est utile de savoir ce qu&#8217;est vraiment l&#8217;Union Europ\u00e9enne, et ce que sont vraiment les repr\u00e9sentants politiques qui font campagne pour cette \u00e9lection. Thierry Meyssan, comme d&#8217;habitude, ne fait pas de cadeau. Concernant la &#8220;crise du gaz&#8221; europ\u00e9enne qui s&#8217;annonce, on pourra lire [&hellip;]<\/p>\n","protected":false},"author":1,"featured_media":0,"comment_status":"open","ping_status":"open","sticky":false,"template":"","format":"standard","meta":[],"categories":[4,3,29],"tags":[1301,156,155,609,168,1303,1064,374,1302,186],"_links":{"self":[{"href":"https:\/\/aitia.fr\/erd\/wp-json\/wp\/v2\/posts\/13076"}],"collection":[{"href":"https:\/\/aitia.fr\/erd\/wp-json\/wp\/v2\/posts"}],"about":[{"href":"https:\/\/aitia.fr\/erd\/wp-json\/wp\/v2\/types\/post"}],"author":[{"embeddable":true,"href":"https:\/\/aitia.fr\/erd\/wp-json\/wp\/v2\/users\/1"}],"replies":[{"embeddable":true,"href":"https:\/\/aitia.fr\/erd\/wp-json\/wp\/v2\/comments?post=13076"}],"version-history":[{"count":8,"href":"https:\/\/aitia.fr\/erd\/wp-json\/wp\/v2\/posts\/13076\/revisions"}],"predecessor-version":[{"id":13085,"href":"https:\/\/aitia.fr\/erd\/wp-json\/wp\/v2\/posts\/13076\/revisions\/13085"}],"wp:attachment":[{"href":"https:\/\/aitia.fr\/erd\/wp-json\/wp\/v2\/media?parent=13076"}],"wp:term":[{"taxonomy":"category","embeddable":true,"href":"https:\/\/aitia.fr\/erd\/wp-json\/wp\/v2\/categories?post=13076"},{"taxonomy":"post_tag","embeddable":true,"href":"https:\/\/aitia.fr\/erd\/wp-json\/wp\/v2\/tags?post=13076"}],"curies":[{"name":"wp","href":"https:\/\/api.w.org\/{rel}","templated":true}]}}