{"id":12982,"date":"2019-05-18T08:56:25","date_gmt":"2019-05-18T06:56:25","guid":{"rendered":"https:\/\/aitia.fr\/erd\/?p=12982"},"modified":"2019-05-18T09:00:54","modified_gmt":"2019-05-18T07:00:54","slug":"notre-dame-laudition-de-franck-riester-au-senat-la-tribune-de-lart","status":"publish","type":"post","link":"https:\/\/aitia.fr\/erd\/notre-dame-laudition-de-franck-riester-au-senat-la-tribune-de-lart\/","title":{"rendered":"Notre-Dame : l\u2019audition de Franck Riester au S\u00e9nat <br>(La Tribune de l&#8217;Art)"},"content":{"rendered":"<p style=\"text-align: justify;\"><img decoding=\"async\" loading=\"lazy\" class=\"alignleft wp-image-12983\" src=\"https:\/\/aitia.fr\/erd\/wp-content\/uploads\/2019\/05\/Riester-Se\u0301nat.jpg\" alt=\"\" width=\"400\" height=\"324\" srcset=\"https:\/\/aitia.fr\/erd\/wp-content\/uploads\/2019\/05\/Riester-Se\u0301nat.jpg 600w, https:\/\/aitia.fr\/erd\/wp-content\/uploads\/2019\/05\/Riester-Se\u0301nat-300x243.jpg 300w\" sizes=\"(max-width: 400px) 100vw, 400px\" \/>[<em>Note de l&#8217;administrateur de ce blog : \u00e9tait-il bien raisonnable de confier le Minist\u00e8re de la Culture \u00e0 <a href=\"http:\/\/www.lefigaro.fr\/politique\/2007\/07\/25\/01002-20070725ARTFIG90162-franck_riester_fait_ses_classes_au_palais_bourbon.php\" target=\"_blank\" rel=\"noopener noreferrer\">un concessionnaire automobile<\/a> ? Il semble que non. En tout cas pas avant de lui offrir une s\u00e9rieuse formation de mise \u00e0 niveau. Que diriez-vous si le prof de maths d&#8217;un de vos enfants \u00e9tait remplac\u00e9 par son coll\u00e8gue d&#8217;espagnol ?<\/em>]<\/p>\n<hr \/>\n<p style=\"text-align: justify;\"><em><a href=\"https:\/\/www.latribunedelart.com\/didier-rykner\" target=\"_blank\" rel=\"noopener noreferrer\">Didier Rykner<\/a>, vendredi 17 mai 2019.<\/em><\/p>\n<p style=\"text-align: justify;\">Hier 16 mai, le ministre de la Culture Franck Riester \u00e9tait entendu en audition pl\u00e9ni\u00e8re par la commission des affaires culturelles du S\u00e9nat (la <a class=\"spip_out\" href=\"http:\/\/videos.senat.fr\/video.1150104_5cdb40c71efe0.audition-pleniere-de-m-franck-riester-ministre-de-la-culture---pjl-pour-la-restauration-et-la-cons?timecode=3401150\" target=\"_blank\" rel=\"external noopener noreferrer\">vid\u00e9o est visible et t\u00e9l\u00e9chargeable ici<\/a>). H\u00e9las, une fois de plus, celui-ci s\u2019est montr\u00e9 bien en de\u00e7\u00e0 de sa fonction. Multipliant les erreurs factuelles et les approximations, se montrant f\u00e9brile et tr\u00e8s rapidement agressif, il a donn\u00e9 une pi\u00e8tre prestation devant la repr\u00e9sentation nationale.<\/p>\n<p style=\"text-align: justify;\">Analysons point par point son intervention.<\/p>\n<p style=\"text-align: justify;\"><strong>Un ministre techniquement insuffisant<\/strong><\/p>\n<p style=\"text-align: justify;\">Vers 11\u201907\u201d, le ministre explique doctement ce que veut dire \u00ab\u00a0conservation\u00a0\u00bb. \u00c9coutons le\u00a0: \u00ab\u00a0<i>En mati\u00e8re de patrimoine on appelle conservation la s\u00e9curisation et la pr\u00e9servation du b\u00e2ti, et pas la conservation sur le temps long.<\/i>\u00a0\u00bb<\/p>\n<p style=\"text-align: justify;\">C\u2019est, \u00e9videmment, enti\u00e8rement faux. Et ce n\u2019est pas seulement nous qui le disons\u00a0: nous avons interrog\u00e9 plusieurs sp\u00e9cialistes de la restauration\u00a0: un architecte du patrimoine, un conservateur des monuments historiques, un architecte des b\u00e2timents de France, un conservateur r\u00e9gional des monuments historiques et un historien de l\u2019architecture. Tous nous ont confirm\u00e9 que cette d\u00e9finition est fantaisiste<span class=\"spip_note_ref\">\u00a0[<a id=\"nh1\" class=\"spip_note\" title=\"Seul le conservateur r\u00e9gional des monuments historiques a \u00e9t\u00e9 plus nuanc\u00e9,\u00a0(...)\" href=\"https:\/\/www.latribunedelart.com\/notre-dame-l-audition-de-franck-riester-au-senat#nb1\" target=\"_blank\" rel=\"appendix noopener noreferrer\">1<\/a>]<\/span>. La conservation \u00ab\u00a0<i>en mati\u00e8re de patrimoine<\/i>\u00a0\u00bb, c\u2019est aussi et avant tout les actions qui permettent la pr\u00e9servation du monument justement sur le temps long. Le ministre ne conna\u00eet pas la base du travail de ses services. On se demande \u00e0 quoi servait le directeur g\u00e9n\u00e9ral des patrimoines qui \u00e9tait \u00e0 ses c\u00f4t\u00e9s pour le conseiller&#8230;<\/p>\n<p style=\"text-align: justify;\">Vers 12\u201938&#8243;, Franck Riester, apr\u00e8s avoir invent\u00e9 une nouvelle d\u00e9finition du mot \u00ab\u00a0<i>conservation<\/i>\u00a0\u00bb cr\u00e9e un nouveau concept en architecture\u00a0: le transept \u00e0 trois bras. Il parle en effet des \u00ab\u00a0<i>pignon du transept nord, pignon du transept sud, et pignon du transept ouest<\/i>\u00a0\u00bb\u00a0! Comme nous l\u2019a fait remarquer un ami sur Twitter\u00a0: il ne manque plus que le transept est, et on peut se passer \u00e0 la fois des notions de nef et de ch\u0153ur. Ce serait dr\u00f4le si en r\u00e9alit\u00e9 ce n\u2019\u00e9tait pas tragique venant d\u2019un ministre de la Culture car il s\u2019agit tout de m\u00eame ici de culture g\u00e9n\u00e9rale&#8230;<\/p>\n<p><a href=\"https:\/\/www.latribunedelart.com\/notre-dame-l-audition-de-franck-riester-au-senat\" target=\"_blank\" rel=\"noopener noreferrer\">Continuer la lecture sur <em>La Tribune de l&#8217;Art<\/em> \u2192<\/a><\/p>\n","protected":false},"excerpt":{"rendered":"<p>[Note de l&#8217;administrateur de ce blog : \u00e9tait-il bien raisonnable de confier le Minist\u00e8re de la Culture \u00e0 un concessionnaire automobile ? Il semble que non. En tout cas pas avant de lui offrir une s\u00e9rieuse formation de mise \u00e0 niveau. Que diriez-vous si le prof de maths d&#8217;un de vos enfants \u00e9tait remplac\u00e9 par [&hellip;]<\/p>\n","protected":false},"author":1,"featured_media":0,"comment_status":"open","ping_status":"open","sticky":false,"template":"","format":"standard","meta":[],"categories":[4,5,29],"tags":[1291,1296,1292,1290,1295,1294,1243,1293,949],"_links":{"self":[{"href":"https:\/\/aitia.fr\/erd\/wp-json\/wp\/v2\/posts\/12982"}],"collection":[{"href":"https:\/\/aitia.fr\/erd\/wp-json\/wp\/v2\/posts"}],"about":[{"href":"https:\/\/aitia.fr\/erd\/wp-json\/wp\/v2\/types\/post"}],"author":[{"embeddable":true,"href":"https:\/\/aitia.fr\/erd\/wp-json\/wp\/v2\/users\/1"}],"replies":[{"embeddable":true,"href":"https:\/\/aitia.fr\/erd\/wp-json\/wp\/v2\/comments?post=12982"}],"version-history":[{"count":11,"href":"https:\/\/aitia.fr\/erd\/wp-json\/wp\/v2\/posts\/12982\/revisions"}],"predecessor-version":[{"id":12994,"href":"https:\/\/aitia.fr\/erd\/wp-json\/wp\/v2\/posts\/12982\/revisions\/12994"}],"wp:attachment":[{"href":"https:\/\/aitia.fr\/erd\/wp-json\/wp\/v2\/media?parent=12982"}],"wp:term":[{"taxonomy":"category","embeddable":true,"href":"https:\/\/aitia.fr\/erd\/wp-json\/wp\/v2\/categories?post=12982"},{"taxonomy":"post_tag","embeddable":true,"href":"https:\/\/aitia.fr\/erd\/wp-json\/wp\/v2\/tags?post=12982"}],"curies":[{"name":"wp","href":"https:\/\/api.w.org\/{rel}","templated":true}]}}