{"id":12960,"date":"2019-05-12T10:27:44","date_gmt":"2019-05-12T08:27:44","guid":{"rendered":"https:\/\/aitia.fr\/erd\/?p=12960"},"modified":"2019-05-16T16:00:03","modified_gmt":"2019-05-16T14:00:03","slug":"bhl-on-rembourse-les-billets-mais-non-le-contribuable-antipresse","status":"publish","type":"post","link":"https:\/\/aitia.fr\/erd\/bhl-on-rembourse-les-billets-mais-non-le-contribuable-antipresse\/","title":{"rendered":"BHL | On rembourse les billets, mais non le contribuable ! (Antipresse)"},"content":{"rendered":"<p style=\"text-align: justify;\"><img decoding=\"async\" loading=\"lazy\" class=\"alignleft wp-image-12963\" src=\"https:\/\/aitia.fr\/erd\/wp-content\/uploads\/2019\/05\/Bernard-Henri_Le\u0301vy_\u2013_Salle_Me\u0301tropole_png-1-1024x640.png\" alt=\"\" width=\"400\" height=\"250\" srcset=\"https:\/\/aitia.fr\/erd\/wp-content\/uploads\/2019\/05\/Bernard-Henri_Le\u0301vy_\u2013_Salle_Me\u0301tropole_png-1-1024x640.png 1024w, https:\/\/aitia.fr\/erd\/wp-content\/uploads\/2019\/05\/Bernard-Henri_Le\u0301vy_\u2013_Salle_Me\u0301tropole_png-1-300x188.png 300w, https:\/\/aitia.fr\/erd\/wp-content\/uploads\/2019\/05\/Bernard-Henri_Le\u0301vy_\u2013_Salle_Me\u0301tropole_png-1-768x480.png 768w, https:\/\/aitia.fr\/erd\/wp-content\/uploads\/2019\/05\/Bernard-Henri_Le\u0301vy_\u2013_Salle_Me\u0301tropole_png-1-600x375.png 600w, https:\/\/aitia.fr\/erd\/wp-content\/uploads\/2019\/05\/Bernard-Henri_Le\u0301vy_\u2013_Salle_Me\u0301tropole_png-1.png 1080w\" sizes=\"(max-width: 400px) 100vw, 400px\" \/>[<em>Note de l&#8217;administrateur de ce blog : les Suisses doivent \u00eatre <a href=\"https:\/\/aitia.fr\/erd\/lantisemite-absurdite-hysterie-et-pouvoir-illegitime-du-lobby-qui-nexiste-pas-leveille\/\" target=\"_blank\" rel=\"noopener noreferrer\">antis\u00e9mites<\/a>, forc\u00e9ment. On ne voit pas d&#8217;autre explication pour une telle indiff\u00e9rence au g\u00e9nie de l&#8217;homme aux chemises aussi blanches que la cr\u00e8me des tartes du m\u00eame nom.<\/em>]<\/p>\n<hr \/>\n<p style=\"text-align: justify;\">Bernard-Henri L\u00e9vy, id\u00e9aliste europ\u00e9en, a mis tous ses talents (c\u2019est dire !) au service de sa cause. Il a \u00e9crit (pr\u00e9tend-il) un \u00ab<em>hymne \u00e0 l\u2019Europe\u00bb<\/em> qui devait r\u00e9sonner comme un chant de partisans \u00ab<em>dans une quinzaine de villes<\/em>\u00bb. Lesquelles, \u00e0 en croire son <em>pitch<\/em>, seraient occup\u00e9es par les forces du Mal :<\/p>\n<blockquote><p>\u00abUne tourn\u00e9e comme un appel. Un voyage comme une invitation au sursaut. La contribution d\u2019un \u00e9crivain \u00e0 la nouvelle r\u00e9sistance europ\u00e9enne qui doit s\u2019organiser sans tarder.\u00bb<\/p><\/blockquote>\n<p><\/p>\n<p style=\"text-align: justify;\">Cette invitation au sursaut se pr\u00e9sente comme une pi\u00e8ce au titre anglais, <em>Looking for Europe<\/em>, o\u00f9 il fait dans diverses poses incongrues la d\u00e9monstration de son anglais de <em>Frenchie<\/em> accablant. Tout cet \u00e9talage d\u2019anglomanie en hommage \u00e0 une communaut\u00e9 que les Rosbifs, justement, s\u2019appr\u00eatent \u00e0 quitter apr\u00e8s l\u2019avoir copieusement poignard\u00e9e.<\/p>\n<p style=\"text-align: justify;\">Sa version VIP du th\u00e9\u00e2tre de l\u2019absurde ne semble pas magn\u00e9tiser les foules. En tout cas pas en Helv\u00e9tie, cette vierge r\u00e9fractaire que BHL comptait prendre d\u2019assaut pour la livrer, s\u00e9duite, \u00e0 Bruxelles. Or malgr\u00e9 <a href=\"https:\/\/antipresse.net\/la-redemption-de-bernard-henri-levy\/\">l\u2019appui marketing massif du service public suisse<\/a>, ses deux repr\u00e9sentations locales ont \u00e9t\u00e9 annul\u00e9es.<\/p>\n<p><a href=\"https:\/\/log.antipresse.net\/bhl-on-rembourse-les-billets-mais-non-le-contribuable\/\" target=\"_blank\" rel=\"noopener noreferrer\">Continuer la lecture sur les <em>Turbulences<\/em> d&#8217;Antipresse \u2192<\/a><\/p>\n","protected":false},"excerpt":{"rendered":"<p>[Note de l&#8217;administrateur de ce blog : les Suisses doivent \u00eatre antis\u00e9mites, forc\u00e9ment. On ne voit pas d&#8217;autre explication pour une telle indiff\u00e9rence au g\u00e9nie de l&#8217;homme aux chemises aussi blanches que la cr\u00e8me des tartes du m\u00eame nom.] Bernard-Henri L\u00e9vy, id\u00e9aliste europ\u00e9en, a mis tous ses talents (c\u2019est dire !) au service de sa [&hellip;]<\/p>\n","protected":false},"author":1,"featured_media":0,"comment_status":"open","ping_status":"open","sticky":false,"template":"","format":"standard","meta":[],"categories":[4,5],"tags":[1282,69,1283,1280,1278,1284,1163,1279,1281],"_links":{"self":[{"href":"https:\/\/aitia.fr\/erd\/wp-json\/wp\/v2\/posts\/12960"}],"collection":[{"href":"https:\/\/aitia.fr\/erd\/wp-json\/wp\/v2\/posts"}],"about":[{"href":"https:\/\/aitia.fr\/erd\/wp-json\/wp\/v2\/types\/post"}],"author":[{"embeddable":true,"href":"https:\/\/aitia.fr\/erd\/wp-json\/wp\/v2\/users\/1"}],"replies":[{"embeddable":true,"href":"https:\/\/aitia.fr\/erd\/wp-json\/wp\/v2\/comments?post=12960"}],"version-history":[{"count":9,"href":"https:\/\/aitia.fr\/erd\/wp-json\/wp\/v2\/posts\/12960\/revisions"}],"predecessor-version":[{"id":12981,"href":"https:\/\/aitia.fr\/erd\/wp-json\/wp\/v2\/posts\/12960\/revisions\/12981"}],"wp:attachment":[{"href":"https:\/\/aitia.fr\/erd\/wp-json\/wp\/v2\/media?parent=12960"}],"wp:term":[{"taxonomy":"category","embeddable":true,"href":"https:\/\/aitia.fr\/erd\/wp-json\/wp\/v2\/categories?post=12960"},{"taxonomy":"post_tag","embeddable":true,"href":"https:\/\/aitia.fr\/erd\/wp-json\/wp\/v2\/tags?post=12960"}],"curies":[{"name":"wp","href":"https:\/\/api.w.org\/{rel}","templated":true}]}}