{"id":12851,"date":"2019-04-29T10:00:45","date_gmt":"2019-04-29T08:00:45","guid":{"rendered":"https:\/\/aitia.fr\/erd\/?p=12851"},"modified":"2019-05-02T21:21:50","modified_gmt":"2019-05-02T19:21:50","slug":"entretien-avec-francois-roby-professeur-duniversite-accuse-detre-negationniste-raciste-antisemite-et-fou-er","status":"publish","type":"post","link":"https:\/\/aitia.fr\/erd\/entretien-avec-francois-roby-professeur-duniversite-accuse-detre-negationniste-raciste-antisemite-et-fou-er\/","title":{"rendered":"Entretien avec Fran\u00e7ois Roby, enseignant-chercheur <br>accus\u00e9 d\u2019\u00eatre &#8220;n\u00e9gationniste, raciste, antis\u00e9mite et fou&#8221; (E&#038;R)"},"content":{"rendered":"<p style=\"text-align: justify;\"><img decoding=\"async\" loading=\"lazy\" class=\"alignleft wp-image-12852 size-full\" src=\"https:\/\/aitia.fr\/erd\/wp-content\/uploads\/2019\/04\/entrevue-ER-2019-04-29.png\" alt=\"\" width=\"320\" height=\"181\" srcset=\"https:\/\/aitia.fr\/erd\/wp-content\/uploads\/2019\/04\/entrevue-ER-2019-04-29.png 320w, https:\/\/aitia.fr\/erd\/wp-content\/uploads\/2019\/04\/entrevue-ER-2019-04-29-300x170.png 300w\" sizes=\"(max-width: 320px) 100vw, 320px\" \/>[<em>Note de l&#8217;administrateur de ce blog : pas grand-chose \u00e0 ajouter, puisque c&#8217;est moi qui parle, si ce n&#8217;est que je ne suis pas strictement &#8220;professeur d&#8217;universit\u00e9&#8221; (ce qui est un titre) mais, comme mentionn\u00e9 dans le chapeau de l&#8217;article, &#8220;ma\u00eetre de conf\u00e9rences&#8221;. Cela dit, vu que pour le grand public tout enseignant \u00e0 l&#8217;universit\u00e9 est automatiquement un &#8220;professeur d&#8217;universit\u00e9&#8221;, ce n&#8217;est pas bien grave. <strong>NB :<\/strong> erreur maintenant corrig\u00e9e sur E&amp;R, je la corrige donc ici aussi (2 mai 2019).<br \/>\n<\/em><\/p>\n<p style=\"text-align: justify;\"><em>J&#8217;ajoute \u00e9galement que l&#8217;entretien a \u00e9t\u00e9 r\u00e9alis\u00e9 avant que la sanction ne soit effective, c&#8217;est-\u00e0-dire avant r\u00e9ception de l&#8217;avis du CNESER. Aujourd&#8217;hui, je suis tr\u00e8s officiellement (mal) pay\u00e9 \u00e0 ne rien faire (pay\u00e9 pour me taire ? <a href=\"https:\/\/hal.archives-ouvertes.fr\/hal-02004696\" target=\"_blank\" rel=\"noopener noreferrer\">trop tard&#8230;<\/a>), pendant quatre ans, par l&#8217;argent du contribuable et sur ordre du CNESER, qui ne m&#8217;a pas laiss\u00e9 terminer mes cours. Et n&#8217;a pas autoris\u00e9 mon avocat \u00e0 diffuser le 18 mars dernier un extrait de l&#8217;\u00e9pisode 3 de &#8220;Lobby USA&#8221;, intitul\u00e9 &#8220;La chasse aux sorci\u00e8res&#8221;, <a href=\"https:\/\/orientxxi.info\/magazine\/un-documentaire-interdit-sur-le-lobby-pro-israelien-aux-etats-unis,2715\" target=\"_blank\" rel=\"noopener noreferrer\">publi\u00e9 en novembre 2018<\/a> par <a href=\"https:\/\/orientxxi.info\/informations\/qui-sommes-nous,0287\" target=\"_blank\" rel=\"noopener noreferrer\">Orient XXI<\/a>.<br \/>\n<\/em><\/p>\n<p style=\"text-align: justify;\"><em>Puisse cette histoire faire prendre conscience \u00e0 mes concitoyens \u2013 et je rappelle que la citoyennet\u00e9 fran\u00e7aise ne se base ni sur l&#8217;ethnie, ni sur les opinions religieuses ou autres \u2013 de la nocivit\u00e9 d&#8217;associations ultra-communautaires <a href=\"https:\/\/blogs.mediapart.fr\/register\/blog\/260118\/separation-du-crif-et-de-letat-pour-combattre-le-racisme-et-lantisemitisme\" target=\"_blank\" rel=\"noopener noreferrer\">telles que le CRIF<\/a> sur les valeurs universalistes qui ont fait la France, mais aussi, et peut-\u00eatre m\u00eame surtout, de la nocivit\u00e9 de ceux qui, sans en faire partie, se plient l\u00e2chement \u00e0 ses oukases.\u00a0 Selon <a href=\"http:\/\/www.alberteinsteinsite.com\/quotes\/einsteinquotes.html#humanity\" target=\"_blank\" rel=\"noopener noreferrer\">une citation attribu\u00e9e \u00e0 Einstein<\/a> et que j&#8217;ai rappel\u00e9e au CNESER : &#8220;Le monde est dangereux \u00e0 vivre, pas tant \u00e0 cause de ceux qui font le mal, qu&#8217;\u00e0 cause de ceux qui regardent sans rien faire.&#8221;<\/em><\/p>\n<p style=\"text-align: justify;\"><em>Enfin, puisque j&#8217;ai du temps libre et des finances r\u00e9duites, je suis disponible pour <a href=\"https:\/\/www.superprof.fr\/docteur-physique-ingenieur-experience-enseignement-universitaire-pau.html\" target=\"_blank\" rel=\"noopener noreferrer\">donner des cours particuliers<\/a>, y compris \u00e0 distance (webcam), en attendant mieux.<\/em>]<\/p>\n<hr \/>\n<p style=\"text-align: justify;\"><strong>Fran\u00e7ois Roby est ma\u00eetre de conf\u00e9rences en physique au sein de l\u2019Universit\u00e9 de Pau. Depuis 2017, il est accus\u00e9 par le CRIF et la DILCRAH d\u2019\u00eatre un \u00ab\u00a0<i>n\u00e9gationniste, raciste, antis\u00e9mite et fou<\/i>\u00a0\u00bb. Le 18 mars 2019, il \u00e9tait jug\u00e9 en appel au minist\u00e8re de la Recherche dans le cadre d\u2019une proc\u00e9dure disciplinaire.<\/strong><\/p>\n<p style=\"text-align: justify;\"><strong>E&amp;R\u00a0: Pouvez-vous nous r\u00e9sumer l\u2019affaire\u00a0?<\/strong><\/p>\n<p style=\"text-align: justify;\"><strong>Fran\u00e7ois Roby\u00a0:<\/strong> En septembre 2016, le maire d\u2019Albertville Mme\u00a0Berthet refuse de pr\u00eater une salle \u00e0 l\u2019Association France Palestine Solidarit\u00e9 qui invitait le professeur de chirurgie Christophe Oberlin, m\u00e9decin humanitaire, pour parler de Gaza. Dans un article du <i>Dauphin\u00e9<\/i> du 8 septembre 2016, Mme\u00a0Berthet justifie cette d\u00e9cision par le fait que ce chirurgien aurait tenu des propos antis\u00e9mites et soutenu Dieudonn\u00e9.<\/p>\n<p style=\"text-align: justify;\">J\u2019ai alors envoy\u00e9 de mon bureau un courriel indign\u00e9 qui ne cachait pas mes fonctions \u00e0 l\u2019adresse de contact du maire pour exprimer ma d\u00e9sapprobation, connaissant les hautes qualit\u00e9s morales du docteur Christophe Oberlin. Mme\u00a0Berthet a alors port\u00e9 plainte contre moi (le 19 septembre 2016) pour diffamation, et s\u2019est adress\u00e9e au pr\u00e9sident de mon universit\u00e9 (Universit\u00e9 de Pau et des Pays de l\u2019Adour, UPPA) pour que des sanctions disciplinaires soient prises contre moi.<\/p>\n<p style=\"text-align: justify;\">Le 29 septembre 2016 Christophe Strassel, alors directeur de cabinet de Thierry Mandon, Secr\u00e9taire d\u2019\u00c9tat charg\u00e9 de l\u2019Enseignement Sup\u00e9rieur et de la Recherche, a communiqu\u00e9 au pr\u00e9sident de l\u2019UPPA un \u00ab\u00a0signalement\u00a0\u00bb de mon blog fait par la D\u00e9l\u00e9gation Interminist\u00e9rielle \u00e0 la Lutte Contre le Racisme et l\u2019Antis\u00e9mitisme (DILCRA).<\/p>\n<p style=\"text-align: justify;\">Dans une lettre dat\u00e9e du 4 octobre 2016, les avocats de la ville d\u2019Albertville m\u2019ont intim\u00e9 de r\u00e9diger une lettre d\u2019excuses, tout en pr\u00e9cisant que Mme\u00a0le maire \u00e9tait \u00ab\u00a0<i>pr\u00eate \u00e0 renoncer \u00e0 la proc\u00e9dure p\u00e9nale et \u00e0 la proc\u00e9dure disciplinaire<\/i>\u00a0\u00bb apr\u00e8s r\u00e9ception de ces excuses.<\/p>\n<p><a href=\"https:\/\/www.egaliteetreconciliation.fr\/Entretien-avec-Francois-Roby-professeur-d-universite-accuse-d-etre-negationniste-raciste-antisemite-54555.html\" target=\"_blank\" rel=\"noopener noreferrer\">Continuer la lecture sur <em>\u00c9galit\u00e9 &amp; R\u00e9conciliation<\/em> \u2192<\/a><\/p>\n","protected":false},"excerpt":{"rendered":"<p>[Note de l&#8217;administrateur de ce blog : pas grand-chose \u00e0 ajouter, puisque c&#8217;est moi qui parle, si ce n&#8217;est que je ne suis pas strictement &#8220;professeur d&#8217;universit\u00e9&#8221; (ce qui est un titre) mais, comme mentionn\u00e9 dans le chapeau de l&#8217;article, &#8220;ma\u00eetre de conf\u00e9rences&#8221;. Cela dit, vu que pour le grand public tout enseignant \u00e0 l&#8217;universit\u00e9 [&hellip;]<\/p>\n","protected":false},"author":1,"featured_media":0,"comment_status":"open","ping_status":"open","sticky":false,"template":"","format":"standard","meta":[],"categories":[4,134,29],"tags":[508,23,389,1263,1264,56,223],"_links":{"self":[{"href":"https:\/\/aitia.fr\/erd\/wp-json\/wp\/v2\/posts\/12851"}],"collection":[{"href":"https:\/\/aitia.fr\/erd\/wp-json\/wp\/v2\/posts"}],"about":[{"href":"https:\/\/aitia.fr\/erd\/wp-json\/wp\/v2\/types\/post"}],"author":[{"embeddable":true,"href":"https:\/\/aitia.fr\/erd\/wp-json\/wp\/v2\/users\/1"}],"replies":[{"embeddable":true,"href":"https:\/\/aitia.fr\/erd\/wp-json\/wp\/v2\/comments?post=12851"}],"version-history":[{"count":13,"href":"https:\/\/aitia.fr\/erd\/wp-json\/wp\/v2\/posts\/12851\/revisions"}],"predecessor-version":[{"id":12916,"href":"https:\/\/aitia.fr\/erd\/wp-json\/wp\/v2\/posts\/12851\/revisions\/12916"}],"wp:attachment":[{"href":"https:\/\/aitia.fr\/erd\/wp-json\/wp\/v2\/media?parent=12851"}],"wp:term":[{"taxonomy":"category","embeddable":true,"href":"https:\/\/aitia.fr\/erd\/wp-json\/wp\/v2\/categories?post=12851"},{"taxonomy":"post_tag","embeddable":true,"href":"https:\/\/aitia.fr\/erd\/wp-json\/wp\/v2\/tags?post=12851"}],"curies":[{"name":"wp","href":"https:\/\/api.w.org\/{rel}","templated":true}]}}