{"id":12780,"date":"2019-04-24T19:04:24","date_gmt":"2019-04-24T17:04:24","guid":{"rendered":"https:\/\/aitia.fr\/erd\/?p=12780"},"modified":"2019-04-26T13:52:11","modified_gmt":"2019-04-26T11:52:11","slug":"pourquoi-je-ne-soutiens-pas-juan-branco-georgia-pouliquen","status":"publish","type":"post","link":"https:\/\/aitia.fr\/erd\/pourquoi-je-ne-soutiens-pas-juan-branco-georgia-pouliquen\/","title":{"rendered":"Pourquoi je ne soutiens pas Juan Branco <br>(Georgia Pouliquen)"},"content":{"rendered":"<p style=\"text-align: justify;\">[<em>Note de l&#8217;administrateur de ce blog : qui osera dire apr\u00e8s \u00e7a que les femmes sont incapables d&#8217;analyses politiques profondes ? <\/em><\/p>\n<p style=\"text-align: justify;\"><em>Au sujet des francs-ma\u00e7ons dont parle Georgia (<a href=\"https:\/\/www.facebook.com\/veronique.pouliquen\" target=\"_blank\" rel=\"noopener noreferrer\">ou V\u00e9ronique ?<\/a>) Pouliquen, \u00e0 la suite de la condamnation par mon universit\u00e9 \u00e0 2 ans d&#8217;interdiction d&#8217;exercice avec retenue de la moiti\u00e9 du salaire en mai 2017 (\u00e7a, c&#8217;\u00e9tait avant que le CNESER double la dur\u00e9e de la sanction en 2019&#8230;), j&#8217;avais \u00e9crit \u00e0 la pr\u00e9sidente de la commission disciplinaire : &#8220;je vous demande de bien vouloir attester solennellement votre non-appartenance \u00e0 une soci\u00e9t\u00e9 secr\u00e8te ou \u00ab discr\u00e8te \u00bb, telle que par exemple une loge ma\u00e7onnique, puisque de nombreuses affaires ont pu montrer qu\u2019en cas de double all\u00e9geance, le respect des r\u00e8gles professionnelles pouvait passer apr\u00e8s celui des serments pr\u00eat\u00e9s au sein de ces soci\u00e9t\u00e9s, violant ainsi les principes les plus \u00e9l\u00e9mentaires du Droit&#8221;. Je citais ensuite <a href=\"https:\/\/www.senato.it\/documenti\/repository\/istituzione\/costituzione_francese.pdf\" target=\"_blank\" rel=\"noopener noreferrer\">la constitution italienne<\/a> qui interdit, dans son article 18, les associations secr\u00e8tes. Je n&#8217;ai pas eu de r\u00e9ponse.<\/em><\/p>\n<p style=\"text-align: justify;\"><em><strong>Mise \u00e0 jour du 26 avril :<\/strong> voir \u00e9galement <a href=\"https:\/\/www.youtube.com\/watch?v=8MiFvOFOYqA\" target=\"_blank\" rel=\"noopener noreferrer\">la r\u00e9ponse de Georgia Pouliquen<\/a> faite le 25 avril suite au d\u00e9but de pol\u00e9mique qu&#8217;elle a contribu\u00e9 \u00e0 faire na\u00eetre.<\/em>]<\/p>\n<hr \/>\n<p style=\"text-align: center;\"><iframe loading=\"lazy\" src=\"https:\/\/www.youtube.com\/embed\/AWQnmdxeM-c\" width=\"640\" height=\"360\" frameborder=\"0\" allowfullscreen=\"allowfullscreen\"><\/iframe><\/p>\n","protected":false},"excerpt":{"rendered":"<p>[Note de l&#8217;administrateur de ce blog : qui osera dire apr\u00e8s \u00e7a que les femmes sont incapables d&#8217;analyses politiques profondes ? Au sujet des francs-ma\u00e7ons dont parle Georgia (ou V\u00e9ronique ?) Pouliquen, \u00e0 la suite de la condamnation par mon universit\u00e9 \u00e0 2 ans d&#8217;interdiction d&#8217;exercice avec retenue de la moiti\u00e9 du salaire en mai [&hellip;]<\/p>\n","protected":false},"author":1,"featured_media":0,"comment_status":"open","ping_status":"open","sticky":false,"template":"","format":"video","meta":[],"categories":[4,3,29],"tags":[988,1252,1068,567,1253,20,12],"_links":{"self":[{"href":"https:\/\/aitia.fr\/erd\/wp-json\/wp\/v2\/posts\/12780"}],"collection":[{"href":"https:\/\/aitia.fr\/erd\/wp-json\/wp\/v2\/posts"}],"about":[{"href":"https:\/\/aitia.fr\/erd\/wp-json\/wp\/v2\/types\/post"}],"author":[{"embeddable":true,"href":"https:\/\/aitia.fr\/erd\/wp-json\/wp\/v2\/users\/1"}],"replies":[{"embeddable":true,"href":"https:\/\/aitia.fr\/erd\/wp-json\/wp\/v2\/comments?post=12780"}],"version-history":[{"count":7,"href":"https:\/\/aitia.fr\/erd\/wp-json\/wp\/v2\/posts\/12780\/revisions"}],"predecessor-version":[{"id":12826,"href":"https:\/\/aitia.fr\/erd\/wp-json\/wp\/v2\/posts\/12780\/revisions\/12826"}],"wp:attachment":[{"href":"https:\/\/aitia.fr\/erd\/wp-json\/wp\/v2\/media?parent=12780"}],"wp:term":[{"taxonomy":"category","embeddable":true,"href":"https:\/\/aitia.fr\/erd\/wp-json\/wp\/v2\/categories?post=12780"},{"taxonomy":"post_tag","embeddable":true,"href":"https:\/\/aitia.fr\/erd\/wp-json\/wp\/v2\/tags?post=12780"}],"curies":[{"name":"wp","href":"https:\/\/api.w.org\/{rel}","templated":true}]}}