{"id":12687,"date":"2019-04-16T22:46:24","date_gmt":"2019-04-16T20:46:24","guid":{"rendered":"https:\/\/aitia.fr\/erd\/?p=12687"},"modified":"2019-04-16T22:47:24","modified_gmt":"2019-04-16T20:47:24","slug":"miserere-mei-deus-allegri-choeur-tenebrae","status":"publish","type":"post","link":"https:\/\/aitia.fr\/erd\/miserere-mei-deus-allegri-choeur-tenebrae\/","title":{"rendered":"Miserere mei, Deus &#8211; Allegri (ch\u0153ur Tenebrae)"},"content":{"rendered":"<p style=\"text-align: center;\"><iframe loading=\"lazy\" src=\"https:\/\/www.youtube.com\/embed\/H3v9unphfi0\" width=\"640\" height=\"360\" frameborder=\"0\" allowfullscreen=\"allowfullscreen\"><\/iframe><\/p>\n<p style=\"text-align: justify;\">Le <i><b>Miserere<\/b><\/i> d&#8217;<a title=\"Gregorio Allegri\" href=\"https:\/\/fr.wikipedia.org\/wiki\/Gregorio_Allegri\" target=\"_blank\" rel=\"noopener noreferrer\">Allegri<\/a> est une \u0153uvre musicale chant\u00e9e <i><a title=\"A cappella\" href=\"https:\/\/fr.wikipedia.org\/wiki\/A_cappella\" target=\"_blank\" rel=\"noopener noreferrer\">a cappella<\/a><\/i>, compos\u00e9e en <a title=\"1638\" href=\"https:\/\/fr.wikipedia.org\/wiki\/1638\" target=\"_blank\" rel=\"noopener noreferrer\">1638<\/a>, durant le r\u00e8gne du pape <a title=\"Urbain VIII\" href=\"https:\/\/fr.wikipedia.org\/wiki\/Urbain_VIII\" target=\"_blank\" rel=\"noopener noreferrer\">Urbain VIII<\/a>. Entendu pour la premi\u00e8re fois le <time class=\"nowrap date-lien\" datetime=\"1639-04-12\" data-sort-value=\"1639-04-12\"><a title=\"12 avril\" href=\"https:\/\/fr.wikipedia.org\/wiki\/12_avril\" target=\"_blank\" rel=\"noopener noreferrer\">12 avril<\/a> <a title=\"1639\" href=\"https:\/\/fr.wikipedia.org\/wiki\/1639\">1639<\/a><\/time>, il s&#8217;agit d&#8217;une mise en musique du <i><a title=\"Psaume 51 (50)\" href=\"https:\/\/fr.wikipedia.org\/wiki\/Psaume_51_(50)\" target=\"_blank\" rel=\"noopener noreferrer\">Psaume 51 (50)<\/a><\/i>, extrait du <i><a title=\"Livre des Psaumes\" href=\"https:\/\/fr.wikipedia.org\/wiki\/Livre_des_Psaumes\" target=\"_blank\" rel=\"noopener noreferrer\">Livre des Psaumes<\/a><\/i> de la <i><a title=\"Bible\" href=\"https:\/\/fr.wikipedia.org\/wiki\/Bible\" target=\"_blank\" rel=\"noopener noreferrer\">Bible<\/a><\/i>.<\/p>\n<p><a href=\"https:\/\/fr.wikipedia.org\/wiki\/Miserere_(Allegri)\" target=\"_blank\" rel=\"noopener noreferrer\">Continuer la lecture sur Wikip\u00e9dia \u2192<\/a><\/p>\n","protected":false},"excerpt":{"rendered":"<p>Le Miserere d&#8217;Allegri est une \u0153uvre musicale chant\u00e9e a cappella, compos\u00e9e en 1638, durant le r\u00e8gne du pape Urbain VIII. Entendu pour la premi\u00e8re fois le 12 avril 1639, il s&#8217;agit d&#8217;une mise en musique du Psaume 51 (50), extrait du Livre des Psaumes de la Bible. Continuer la lecture sur Wikip\u00e9dia \u2192<\/p>\n","protected":false},"author":1,"featured_media":0,"comment_status":"open","ping_status":"open","sticky":false,"template":"","format":"video","meta":[],"categories":[133],"tags":[1236,1237,1235],"_links":{"self":[{"href":"https:\/\/aitia.fr\/erd\/wp-json\/wp\/v2\/posts\/12687"}],"collection":[{"href":"https:\/\/aitia.fr\/erd\/wp-json\/wp\/v2\/posts"}],"about":[{"href":"https:\/\/aitia.fr\/erd\/wp-json\/wp\/v2\/types\/post"}],"author":[{"embeddable":true,"href":"https:\/\/aitia.fr\/erd\/wp-json\/wp\/v2\/users\/1"}],"replies":[{"embeddable":true,"href":"https:\/\/aitia.fr\/erd\/wp-json\/wp\/v2\/comments?post=12687"}],"version-history":[{"count":3,"href":"https:\/\/aitia.fr\/erd\/wp-json\/wp\/v2\/posts\/12687\/revisions"}],"predecessor-version":[{"id":12690,"href":"https:\/\/aitia.fr\/erd\/wp-json\/wp\/v2\/posts\/12687\/revisions\/12690"}],"wp:attachment":[{"href":"https:\/\/aitia.fr\/erd\/wp-json\/wp\/v2\/media?parent=12687"}],"wp:term":[{"taxonomy":"category","embeddable":true,"href":"https:\/\/aitia.fr\/erd\/wp-json\/wp\/v2\/categories?post=12687"},{"taxonomy":"post_tag","embeddable":true,"href":"https:\/\/aitia.fr\/erd\/wp-json\/wp\/v2\/tags?post=12687"}],"curies":[{"name":"wp","href":"https:\/\/api.w.org\/{rel}","templated":true}]}}