{"id":12682,"date":"2019-04-16T22:13:18","date_gmt":"2019-04-16T20:13:18","guid":{"rendered":"https:\/\/aitia.fr\/erd\/?p=12682"},"modified":"2019-04-16T22:13:18","modified_gmt":"2019-04-16T20:13:18","slug":"alain-soral-ou-lanomalie-charlie-er","status":"publish","type":"post","link":"https:\/\/aitia.fr\/erd\/alain-soral-ou-lanomalie-charlie-er\/","title":{"rendered":"Alain Soral ou l\u2019anomalie Charlie (E&#038;R)"},"content":{"rendered":"<p style=\"text-align: justify;\"><img decoding=\"async\" loading=\"lazy\" class=\"alignleft wp-image-12685 size-full\" src=\"https:\/\/aitia.fr\/erd\/wp-content\/uploads\/2019\/04\/anomalie-Charlie.jpg\" alt=\"\" width=\"320\" height=\"180\" srcset=\"https:\/\/aitia.fr\/erd\/wp-content\/uploads\/2019\/04\/anomalie-Charlie.jpg 320w, https:\/\/aitia.fr\/erd\/wp-content\/uploads\/2019\/04\/anomalie-Charlie-300x169.jpg 300w\" sizes=\"(max-width: 320px) 100vw, 320px\" \/>[<em>Note de l&#8217;administrateur de ce blog : il y a toujours <a href=\"https:\/\/www.youtube.com\/watch?v=PlBBZmLYTp4\" target=\"_blank\" rel=\"noopener noreferrer\">des ignorants<\/a> qui traitent Alain Soral d&#8217;antis\u00e9mite (au sens raciste du terme), \u00e0 moins que ce ne soient des menteurs. Et quand bien m\u00eame le serait-il, on voit mal ce qui justifierait une telle urgence \u00e0 le mettre derri\u00e8re les barreaux en tordant la loi. \u00c0 ceux-ci, je conseillerai deux choses :<\/em><\/p>\n<p style=\"text-align: justify;\"><em>\u2013 lire <a href=\"https:\/\/aitia.fr\/erd\/comprendre-lempire\/\" target=\"_blank\" rel=\"noopener noreferrer\">Comprendre l&#8217;Empire<\/a>, lire <a href=\"https:\/\/ecole-alsacienne.org\/CDI\/pdf\/1400\/14055_MONT.pdf\" target=\"_blank\" rel=\"noopener noreferrer\">De l&#8217;esprit des lois<\/a> et tenter de comprendre le rapport entre les deux ouvrages et ce qu&#8217;ils ont de d\u00e9rangeant pour les pouvoirs absolus de leurs \u00e9poques respectives ;<\/em><\/p>\n<p style=\"text-align: justify;\"><em>\u2013 m\u00e9diter <a href=\"https:\/\/www.resistance-deportation.org\/IMG\/pdf\/Deportation_Pasteur_Niemoller._Corrige-2.pdf\" target=\"_blank\" rel=\"noopener noreferrer\">les paroles du pasteur Martin Niem\u00f6ller<\/a>.<\/em><\/p>\n<p style=\"text-align: justify;\"><em>Si rien ne se passe, alors la m\u00e9decine ne peut malheureusement rien pour eux.<\/em>]<\/p>\n<hr \/>\n<p style=\"text-align: justify;\"><strong>Lundi 15 avril 2019, dans <i>Le Figaro<\/i>, \u00e0 quelques colonnes d\u2019\u00e9cart, on put lire deux histoires\u00a0: celle d\u2019Alain et celle d\u2019Hugo, deux fac\u00e9tieux personnages qui mirent en ligne un montage humoristique dans l\u2019esprit <i>Charlie<\/i>. L\u2019un moquait l\u2019exploitation mercantile de la souffrance des juifs, l\u2019autre moquait une foule de musulmans. Chacune de ces parodies provoqua l\u2019indignation de leurs cibles respectives, ce qui peut sembler bien l\u00e9gitime, mais le droit \u00e0 l\u2019humour d\u00e9finitivement act\u00e9 par la jurisprudence Charlie devait venir trancher rapidement le d\u00e9bat. Et pourtant, que croyez-vous qu\u2019il adv\u00eent\u00a0?<\/strong><\/p>\n<p style=\"text-align: justify;\">L\u2019histoire a parfois de ces ironies qui inspirent. Que l\u2019on pense que le m\u00eame jour o\u00f9 br\u00fblait une certaine id\u00e9e de la libert\u00e9 d\u2019expression en France avec la condamnation \u00e0 un an de prison ferme pour Alain Soral, une bonne partie de la cath\u00e9drale de Notre-Dame partait en cendres, obligeant \u2013 ironie dans l\u2019ironie \u2013 le pr\u00e9sident Emmanuel Macron \u00e0 diff\u00e9rer l\u2019allocution probablement la plus importante de son mandat&#8230;<\/p>\n<p style=\"text-align: justify;\">Et ce m\u00eame jour encore, dans la plupart des m\u00e9dias fran\u00e7ais, \u00e9tait relat\u00e9e l\u2019histoire d\u2019un adolescent un peu simplet (mais qui perdit sa na\u00efvet\u00e9 quasi instantan\u00e9ment), auteur d\u2019un Tweet aussi b\u00eate que l\u2019\u00e2ge de son inventeur\u00a0:<\/p>\n<p><a href=\"https:\/\/www.egaliteetreconciliation.fr\/Alain-Soral-ou-l-anomalie-Charlie-54395.html\" target=\"_blank\" rel=\"noopener noreferrer\">Continuer la lecture sur \u00c9galit\u00e9 &amp; R\u00e9conciliation \u2192<\/a><\/p>\n","protected":false},"excerpt":{"rendered":"<p>[Note de l&#8217;administrateur de ce blog : il y a toujours des ignorants qui traitent Alain Soral d&#8217;antis\u00e9mite (au sens raciste du terme), \u00e0 moins que ce ne soient des menteurs. Et quand bien m\u00eame le serait-il, on voit mal ce qui justifierait une telle urgence \u00e0 le mettre derri\u00e8re les barreaux en tordant la [&hellip;]<\/p>\n","protected":false},"author":1,"featured_media":0,"comment_status":"open","ping_status":"open","sticky":false,"template":"","format":"standard","meta":[],"categories":[4,134,29],"tags":[49,1230,1234,1232,1231,211,389,1233],"_links":{"self":[{"href":"https:\/\/aitia.fr\/erd\/wp-json\/wp\/v2\/posts\/12682"}],"collection":[{"href":"https:\/\/aitia.fr\/erd\/wp-json\/wp\/v2\/posts"}],"about":[{"href":"https:\/\/aitia.fr\/erd\/wp-json\/wp\/v2\/types\/post"}],"author":[{"embeddable":true,"href":"https:\/\/aitia.fr\/erd\/wp-json\/wp\/v2\/users\/1"}],"replies":[{"embeddable":true,"href":"https:\/\/aitia.fr\/erd\/wp-json\/wp\/v2\/comments?post=12682"}],"version-history":[{"count":3,"href":"https:\/\/aitia.fr\/erd\/wp-json\/wp\/v2\/posts\/12682\/revisions"}],"predecessor-version":[{"id":12686,"href":"https:\/\/aitia.fr\/erd\/wp-json\/wp\/v2\/posts\/12682\/revisions\/12686"}],"wp:attachment":[{"href":"https:\/\/aitia.fr\/erd\/wp-json\/wp\/v2\/media?parent=12682"}],"wp:term":[{"taxonomy":"category","embeddable":true,"href":"https:\/\/aitia.fr\/erd\/wp-json\/wp\/v2\/categories?post=12682"},{"taxonomy":"post_tag","embeddable":true,"href":"https:\/\/aitia.fr\/erd\/wp-json\/wp\/v2\/tags?post=12682"}],"curies":[{"name":"wp","href":"https:\/\/api.w.org\/{rel}","templated":true}]}}