{"id":12530,"date":"2019-04-03T22:39:00","date_gmt":"2019-04-03T20:39:00","guid":{"rendered":"https:\/\/aitia.fr\/erd\/?p=12530"},"modified":"2019-04-07T19:45:35","modified_gmt":"2019-04-07T17:45:35","slug":"antisemitisme-les-gilets-jaunes-convoques-devant-le-tribunal-mediatique-reseau-international","status":"publish","type":"post","link":"https:\/\/aitia.fr\/erd\/antisemitisme-les-gilets-jaunes-convoques-devant-le-tribunal-mediatique-reseau-international\/","title":{"rendered":"Antis\u00e9mitisme : les Gilets Jaunes convoqu\u00e9s devant <br>le tribunal m\u00e9diatique (R\u00e9seau International)"},"content":{"rendered":"<div class=\"crayon article-chapo-5904 chapoarticle surlignable\">\n<p style=\"text-align: justify;\"><img decoding=\"async\" loading=\"lazy\" class=\"alignleft wp-image-12533\" src=\"https:\/\/aitia.fr\/erd\/wp-content\/uploads\/2019\/04\/Gilets-Jaunes-acte-18-20190321-864x400_c-rec-300x181.jpeg\" alt=\"\" width=\"390\" height=\"236\" srcset=\"https:\/\/aitia.fr\/erd\/wp-content\/uploads\/2019\/04\/Gilets-Jaunes-acte-18-20190321-864x400_c-rec-300x181.jpeg 300w, https:\/\/aitia.fr\/erd\/wp-content\/uploads\/2019\/04\/Gilets-Jaunes-acte-18-20190321-864x400_c-rec-600x363.jpeg 600w, https:\/\/aitia.fr\/erd\/wp-content\/uploads\/2019\/04\/Gilets-Jaunes-acte-18-20190321-864x400_c-rec.jpeg 662w\" sizes=\"(max-width: 390px) 100vw, 390px\" \/>[<em>Note de l&#8217;administrateur de ce blog : tous ceux qui s&#8217;attaquent en profondeur au pouvoir ou au discours dominant (qui sont \u00e9videmment li\u00e9s) finissent t\u00f4t ou tard par \u00eatre trait\u00e9s d&#8217;antis\u00e9mites ; je suis <a href=\"https:\/\/aitia.fr\/erd\/paroles-de-francois-prelude\/\" target=\"_blank\" rel=\"noopener noreferrer\">bien plac\u00e9 pour le savoir<\/a>. C&#8217;est maintenant le tour des Gilets Jaunes.<\/em><\/p>\n<p style=\"text-align: justify;\"><em>Mais si l&#8217;on peut mentir \u00e0 une personne tout le temps ou \u00e0 tout le monde de temps en temps, il est impossible de mentir \u00e9ternellement \u00e0 tout le monde tout le temps. Parce que la raison finit toujours par \u00eatre plus puissante : une d\u00e9monstration n&#8217;est pas valable parce qu&#8217;une majorit\u00e9 de personnes a vot\u00e9 pour, mais parce qu&#8217;elle est juste. Et donc contagieuse.<br \/>\n<\/em><\/p>\n<p style=\"text-align: justify;\"><em>Ici Jean P\u00e9r\u00e8s d\u00e9montre calmement et avec m\u00e9thode la vacuit\u00e9 du discours m\u00e9diatique sur la &#8220;hausse des actes antis\u00e9mites&#8221; en France, mais \u00e9galement le r\u00e9el danger que repr\u00e9sente pour nos compatriotes juifs le discours de ceux-l\u00e0 m\u00eame qui pr\u00e9tendent lutter contre les actes et discours &#8220;antis\u00e9mites&#8221;. En associant invariablement, en effet, toute critique radicale du syst\u00e8me capitaliste \u00e0 l&#8217;antis\u00e9mitisme, tout particuli\u00e8rement avec cette tentative de diabolisation des Gilets Jaunes, ces faux intellectuels et vrais irresponsables ne font qu&#8217;avaliser le clich\u00e9 &#8220;c&#8217;est la faute aux juifs&#8221;. <\/em><\/p>\n<p style=\"text-align: justify;\"><em>Il est temps de rabattre le caquet \u00e0 des parasites m\u00e9diatiques aussi nuisibles. Comme le dit tr\u00e8s bien l&#8217;auteur de l&#8217;article : &#8220;Les outrances des \u00e9ditocrates ont, avec le temps, perdu de leur cr\u00e9dibilit\u00e9, et apparaissent, m\u00eame aux yeux les moins avertis, pour ce qu\u2019elles sont : de la gonflette intellectuelle infatu\u00e9e d\u2019elle-m\u00eame.&#8221;<\/em>]<\/p>\n<hr \/>\n<p style=\"text-align: justify;\">Entre le 10 et le 20 f\u00e9vrier, un certain nombre d\u2019actes antis\u00e9mites ont \u00e9t\u00e9 relat\u00e9s par les m\u00e9dias<span class=\"spip_note_ref\">\u00a0[<a id=\"nh1\" class=\"spip_note\" title=\"10 f\u00e9vrier : tag \u00ab Juden \u00bb sur la vitrine du restaurant Bagelstein \u00e0 Paris ;\u00a0(...)\" href=\"https:\/\/reseauinternational.net\/antisemitisme-les-gilets-jaunes-convoques-devant-le-tribunal-mediatique#nb1\" rel=\"footnote\">1<\/a>]<\/span>. Cette s\u00e9quence s\u2019inscrit dans un contexte particulier, puisque le 11 f\u00e9vrier, le ministre de l\u2019Int\u00e9rieur rapportait les statistiques de l\u2019ann\u00e9e 2018 sur les actes antis\u00e9mites, et s\u2019inqui\u00e9tait de leur augmentation de 74%. Ce chiffre sera par la suite une sorte de leitmotiv avanc\u00e9 dans la quasi-totalit\u00e9 des \u00e9vocations de l\u2019antis\u00e9mitisme par les m\u00e9dias. Mais c\u2019est surtout \u00e0 partir de l\u2019agression verbale antis\u00e9mite d\u2019Alain Finkielkraut par des Gilets Jaunes, le 16 f\u00e9vrier, qu\u2019une grande partie de la classe politique, des intellectuels m\u00e9diatiques et des \u00e9ditocrates ont accus\u00e9 les Gilets Jaunes d\u2019\u00eatre \u00e0 l\u2019origine de cette \u00ab\u00a0explosion\u00a0\u00bb d\u2019antis\u00e9mitisme.<\/p>\n<\/div>\n<div class=\"crayon article-texte-5904 txtarticle surlignable\">\n<h4 class=\"article_intertitres\" style=\"text-align: justify;\">Augmentation de 74\u00a0% des actes antis\u00e9mites<\/h4>\n<p style=\"text-align: justify;\">Le 11 f\u00e9vrier, au soir de la profanation des portraits de Simone Veil et du m\u00e9morial d\u00e9di\u00e9 \u00e0 Ilan Halimi et sur le site de ce m\u00e9morial, le ministre de l\u2019Int\u00e9rieur annon\u00e7ait une augmentation de 74\u00a0% des actes antis\u00e9mites au cours de l\u2019ann\u00e9e 2018. Le ministre dira m\u00eame que <i>\u00ab\u00a0l\u2019antis\u00e9mitisme a progress\u00e9 de 74% dans ses cris d\u2019horreur l\u2019ann\u00e9e \u00e9coul\u00e9e\u00a0\u00bb<\/i> (ce qui n\u2019a pas de sens et sera corrig\u00e9 par le communiqu\u00e9 officiel<span class=\"spip_note_ref\">\u00a0[<a id=\"nh2\" class=\"spip_note\" title=\"L\u2019antis\u00e9mitisme peut progresser, mais la mesure de cette progression est\u00a0(...)\" href=\"https:\/\/reseauinternational.net\/antisemitisme-les-gilets-jaunes-convoques-devant-le-tribunal-mediatique#nb2\" rel=\"footnote\">2<\/a>]<\/span>). Les m\u00e9dias ont repris ce chiffre de 74% pour d\u00e9noncer une forte recrudescence des actes antis\u00e9mites au cours de l\u2019ann\u00e9e 2018, certains n\u2019h\u00e9sitant pas \u00e0 parler d\u2019\u00ab\u00a0explosion\u00a0\u00bb.<\/p>\n<p style=\"text-align: justify;\">Pr\u00e9cisons-le d\u2019embl\u00e9e\u00a0: notre propos n\u2019est pas tant de tergiverser sur les chiffres \u2013 chaque acte antis\u00e9mite est un acte de trop \u2013 que de montrer comment les grands m\u00e9dias, ayant dans leur grande majorit\u00e9 exhib\u00e9 en \u00ab\u00a0une\u00a0\u00bb ce pourcentage, l\u2019ont utilis\u00e9 de mani\u00e8re d\u00e9contextualis\u00e9e.<\/p>\n<p style=\"text-align: justify;\">En effet, parler d\u2019une augmentation de 74% des actes antis\u00e9mites n\u2019est pas faux si l\u2019on compare \u00e0 la seule ann\u00e9e pr\u00e9c\u00e9dente, 2017, mais doit \u00eatre nuanc\u00e9 si l\u2019on se r\u00e9f\u00e8re \u00e0 une plus longue p\u00e9riode. Certains m\u00e9dias ont d\u2019ailleurs remis la d\u00e9claration du ministre en perspective au lieu de la reprendre les yeux ferm\u00e9s. C\u2019est le cas, d\u00e8s le 11 f\u00e9vrier, de <a class=\"spip_out\" href=\"https:\/\/www.francetvinfo.fr\/france\/les-actes-antisemites-en-hausse-de-74-en-france-en-2018_3186049.html\" target=\"_blank\" rel=\"external noopener noreferrer\">FranceInfo<\/a>, et le 12 f\u00e9vrier, de <a class=\"spip_out\" href=\"https:\/\/www.franceculture.fr\/emissions\/journal-de-7h\/journal-de-7h-du-mardi-12-fevrier-2019\" target=\"_blank\" rel=\"external noopener noreferrer\">France Culture<\/a>, de <a class=\"spip_out\" href=\"https:\/\/www.lci.fr\/population\/antisemitisme-comment-expliquer-la-recrudescence-des-actes-antisemites-contre-les-juifs-de-france-en-2018-2112744.html\" target=\"_blank\" rel=\"external noopener noreferrer\">LCI<\/a>, des <a class=\"spip_out\" href=\"https:\/\/www.lemonde.fr\/les-decodeurs\/article\/2019\/02\/12\/actes-antisemites-et-islamophobes-un-decompte-hasardeux_5422565_4355770.html\" target=\"_blank\" rel=\"external noopener noreferrer\">D\u00e9codeurs du <i>Monde<\/i><\/a> ou encore du <a class=\"spip_out\" title=\"Site externe : https:\/\/premium.lefigaro.fr\/actualite-france\/2019\/02\/12\/01016-20190212ARTFIG00218-comment-sont-calcules-les-chiffres-de-l-antisemitisme.php\" href=\"https:\/\/premium.lefigaro.fr\/actualite-france\/2019\/02\/12\/01016-20190212ARTFIG00218-comment-sont-calcules-les-chiffres-de-l-antisemitisme.php\" target=\"_blank\" rel=\"external noopener noreferrer\"><i>Figaro<\/i><\/a>.<\/p>\n<p style=\"text-align: justify;\">Le 14 f\u00e9vrier, J\u00e9r\u00f4me Latta propose sur son blog (h\u00e9berg\u00e9 par Mediapart) une analyse de ce chiffrage dans un article intitul\u00e9 <a class=\"spip_out\" href=\"https:\/\/blogs.mediapart.fr\/jerome-latta\/blog\/140219\/actes-antisemites-un-pourcentage-est-il-une-information-0\" target=\"_blank\" rel=\"external noopener noreferrer\">\u00ab\u00a0Actes antis\u00e9mites\u00a0: un pourcentage est-il une information\u00a0?\u00a0\u00bb<\/a>. Il indique que le chiffre d\u2019une augmentation de 74%, qui peut para\u00eetre tr\u00e8s alarmant, se rapporte \u00e0 un nombre relativement restreint d\u2019actes\u00a0: 311 en 2017 et 541 (+74%) en 2018\u00a0: <i>\u00ab\u00a0On peut d\u2019abord estimer, m\u00eame si cela m\u00e9rite d\u00e9bat, que relativement \u00e0 une population de 67 millions d\u2019habitants, les faits concern\u00e9s sont (intol\u00e9rables mais) marginaux. On doit surtout affirmer que la variation de ce chiffre d\u2019une ann\u00e9e \u00e0 l\u2019autre est d\u2019une port\u00e9e tr\u00e8s limit\u00e9e, potentiellement trompeuse.\u00a0\u00bb<\/i> \u00c0 propos de cette statistique annuelle, J\u00e9r\u00f4me Latta reproduit le tableau suivant\u00a0:<\/p>\n<\/div>\n<p><a href=\"https:\/\/reseauinternational.net\/antisemitisme-les-gilets-jaunes-convoques-devant-le-tribunal-mediatique\/\" target=\"_blank\" rel=\"noopener noreferrer\">Continuer la\u00a0 lecture sur R\u00e9seau International \u2192<\/a><\/p>\n","protected":false},"excerpt":{"rendered":"<p>[Note de l&#8217;administrateur de ce blog : tous ceux qui s&#8217;attaquent en profondeur au pouvoir ou au discours dominant (qui sont \u00e9videmment li\u00e9s) finissent t\u00f4t ou tard par \u00eatre trait\u00e9s d&#8217;antis\u00e9mites ; je suis bien plac\u00e9 pour le savoir. C&#8217;est maintenant le tour des Gilets Jaunes. Mais si l&#8217;on peut mentir \u00e0 une personne tout [&hellip;]<\/p>\n","protected":false},"author":1,"featured_media":0,"comment_status":"open","ping_status":"open","sticky":false,"template":"","format":"standard","meta":[],"categories":[4,134,29],"tags":[125,1108,1068,48,1070,12],"_links":{"self":[{"href":"https:\/\/aitia.fr\/erd\/wp-json\/wp\/v2\/posts\/12530"}],"collection":[{"href":"https:\/\/aitia.fr\/erd\/wp-json\/wp\/v2\/posts"}],"about":[{"href":"https:\/\/aitia.fr\/erd\/wp-json\/wp\/v2\/types\/post"}],"author":[{"embeddable":true,"href":"https:\/\/aitia.fr\/erd\/wp-json\/wp\/v2\/users\/1"}],"replies":[{"embeddable":true,"href":"https:\/\/aitia.fr\/erd\/wp-json\/wp\/v2\/comments?post=12530"}],"version-history":[{"count":11,"href":"https:\/\/aitia.fr\/erd\/wp-json\/wp\/v2\/posts\/12530\/revisions"}],"predecessor-version":[{"id":12647,"href":"https:\/\/aitia.fr\/erd\/wp-json\/wp\/v2\/posts\/12530\/revisions\/12647"}],"wp:attachment":[{"href":"https:\/\/aitia.fr\/erd\/wp-json\/wp\/v2\/media?parent=12530"}],"wp:term":[{"taxonomy":"category","embeddable":true,"href":"https:\/\/aitia.fr\/erd\/wp-json\/wp\/v2\/categories?post=12530"},{"taxonomy":"post_tag","embeddable":true,"href":"https:\/\/aitia.fr\/erd\/wp-json\/wp\/v2\/tags?post=12530"}],"curies":[{"name":"wp","href":"https:\/\/api.w.org\/{rel}","templated":true}]}}