{"id":12459,"date":"2019-03-28T18:15:12","date_gmt":"2019-03-28T17:15:12","guid":{"rendered":"https:\/\/aitia.fr\/erd\/?p=12459"},"modified":"2019-04-05T13:40:02","modified_gmt":"2019-04-05T11:40:02","slug":"la-grande-messe-pour-le-climat-et-linvention-du-delit-de-blaspheme-scientifique-fnlp","status":"publish","type":"post","link":"https:\/\/aitia.fr\/erd\/la-grande-messe-pour-le-climat-et-linvention-du-delit-de-blaspheme-scientifique-fnlp\/","title":{"rendered":"La grande messe pour le climat et l&#8217;invention du d\u00e9lit <br>de blasph\u00e8me scientifique (FNLP)"},"content":{"rendered":"<p style=\"text-align: justify;\"><img decoding=\"async\" loading=\"lazy\" class=\"alignleft wp-image-12464\" src=\"https:\/\/aitia.fr\/erd\/wp-content\/uploads\/2019\/03\/giec-tempe-2013-300x221.jpg\" alt=\"\" width=\"400\" height=\"295\" srcset=\"https:\/\/aitia.fr\/erd\/wp-content\/uploads\/2019\/03\/giec-tempe-2013-300x221.jpg 300w, https:\/\/aitia.fr\/erd\/wp-content\/uploads\/2019\/03\/giec-tempe-2013.jpg 550w\" sizes=\"(max-width: 400px) 100vw, 400px\" \/>[<em>Note de l&#8217;administrateur de ce blog : enfin ! Une association pour la &#8220;libre pens\u00e9e&#8221; d\u00e9nonce les atteintes r\u00e9p\u00e9t\u00e9es \u00e0 la libert\u00e9 de penser, y compris pour ce qui touche au climat (certain(e)s ont d\u00e9j\u00e0 brandi la menace du &#8220;n\u00e9gationnisme climatique&#8221;, ce qui n&#8217;est pas de bon augure). <a href=\"https:\/\/cst.univ-pau.fr\/fr\/actualites\/archives\/actu2010\/controverses-scientifiques-comment-s-y-retrouver.html\" target=\"_blank\" rel=\"noopener noreferrer\">J&#8217;ai pourtant moi-m\u00eame contribu\u00e9<\/a> \u00e0 d\u00e9noncer les manipulations de certains &#8220;climatosceptiques&#8221;, mais c&#8217;\u00e9tait, comme toujours, par souci d&#8217;esprit critique, et je pourrais faire de m\u00eame pour des vedettes de &#8220;l&#8217;autre camp&#8221;&#8230; sachant que la notion de &#8220;camp&#8221;, en sciences, n&#8217;a justement aucun sens, et refl\u00e8te l&#8217;abandon de la raison.<br \/>\n<\/em><\/p>\n<p style=\"text-align: justify;\"><em>Je ne suis pas moi-m\u00eame aussi anticl\u00e9rical que la F\u00e9d\u00e9ration Nationale de la Libre Pens\u00e9e, et je souris lorsque je lis comme titre de paragraphe &#8220;Coucou, revoil\u00e0 l&#8217;\u00c9glise !&#8221; : s&#8217;il s&#8217;agit de l&#8217;\u00e9glise catholique, ou plus g\u00e9n\u00e9ralement chr\u00e9tienne, il est clair que ce n&#8217;est plus elle qui exerce aujourd&#8217;hui en France une influence d\u00e9terminante sur le formatage des esprits, et ceci depuis longtemps. Ce sont plut\u00f4t, justement, des \u00c9glises qui pr\u00e9tendent ne pas en \u00eatre, et qui en sont d&#8217;autant plus dangereuses et fanatiques.<\/em><\/p>\n<p style=\"text-align: justify;\"><em>Mais je laisse, bien s\u00fbr, la libert\u00e9 \u00e0 la Libre Pens\u00e9e de penser ce qu&#8217;elle veut&#8230; et je la remercie de rappeler quelques \u00e9vidences. Je compte m\u00eame, peut-\u00eatre, faire appel \u00e0 elle pour me d\u00e9fendre contre une chasse aux sorci\u00e8res bien contemporaine.<\/em><\/p>\n<p style=\"text-align: justify;\"><em>En attendant, insistons pour rappeler que le plus grand danger pour l&#8217;humanit\u00e9 ne provient pas du climat, mais du <a href=\"https:\/\/aitia.fr\/erd\/fabius-le-golf-et-le-badminton\/\" target=\"_blank\" rel=\"noopener noreferrer\">mensonge<\/a>, \u00e9l\u00e9ment essentiel de toutes les guerres, et <a href=\"https:\/\/aitia.fr\/erd\/les-associations-pour-la-verite-sur-le-11-septembre-la-cherchent-elles-vraiment\/\" target=\"_blank\" rel=\"noopener noreferrer\">de la passivit\u00e9 des hommes<\/a> devant lui.<\/em>]<\/p>\n<hr \/>\n<p style=\"text-align: justify;\">En quelques ann\u00e9es, la jeunesse de notre pays a connu la destruction physique de pans entiers de l&#8217;Humanit\u00e9 : l&#8217;Afghanistan, l&#8217;Irak, la Libye, la Syrie&#8230; Sous nos yeux, le peuple palestinien est parqu\u00e9 dans des prisons \u00e0 ciel ouvert, et le Y\u00e9men connait un d\u00e9luge de bombes, <em>made in France<\/em>, et 80 enfants meurent chaque jour de faim&#8230;<\/p>\n<p style=\"text-align: justify;\">L&#8217;armement actuel des puissances militaires est en capacit\u00e9 de raser toutes les grandes villes du monde, et pourrait provoquer des pand\u00e9mies. Quand ce n\u2019est pas sur le terrain militaire, c\u2019est l\u2019\u00e9conomie qui prend le relais. Apr\u00e8s la crise de 2008, tous les experts se demandent quand les prochaines bulles vont \u00e9clater, mena\u00e7ant toute l&#8217;\u00e9conomie mondiale.<\/p>\n<p style=\"text-align: justify;\" align=\"center\">Ce tableau rapide, connu et non-discutable, puisque factuel, est sous nos yeux. Or, depuis des mois, s&#8217;acc\u00e9l\u00e8re une campagne d&#8217;une ampleur in\u00e9dite\u00a0: m\u00e9dias, gouvernement, responsables politiques de tous bords l&#8217;affirment\u00a0: <strong><em>le monde est menac\u00e9 par&#8230; le climat\u00a0!<\/em><\/strong> Les termes de \u00ab\u00a0<em>fin du monde<\/em>\u00a0\u00bb sont syst\u00e9matiquement accol\u00e9s aux termes de \u00ab\u00a0<em>climat<\/em>\u00a0\u00bb, \u00ab\u00a0<em>r\u00e9chauffement climatique<\/em>\u00a0\u00bb ou, plus prudemment\u00a0: \u00ab\u00a0<em>changement climatique<\/em>\u00a0\u00bb.<\/p>\n<h3><strong><em>La jeunesse enr\u00f4l\u00e9e comme au bon vieux temps<\/em><\/strong><\/h3>\n<p style=\"text-align: justify;\">Et comme dans ces occasions, ce sont les jeunes qui sont utilis\u00e9s\u00a0: des enfants de 14 ans deviennent des stars m\u00e9diatiques de shows et de d\u00e9monstrations visant \u00e0 faire \u00ab\u00a0<em>prendre conscience<\/em>\u00a0\u00bb de la nocivit\u00e9 des activit\u00e9s humaines et ce, souvent \u00ab\u00a0<em>\u00e0 l\u2019insu de leur plein gr\u00e9<\/em>\u00a0\u00bb. Une gr\u00e8ve \u00ab\u00a0<em>pour le climat<\/em>\u00a0\u00bb est pr\u00e9vue ce 15 mars et le gouvernement encourage cette propagande dans les \u00e9tablissements scolaires par l\u2019organisation de d\u00e9bats.<\/p>\n<p style=\"text-align: justify;\">Tout est bon dans cette nouvelle croisade et plus besoin d&#8217;avoir la moindre comp\u00e9tence dans le domaine\u00a0: une image d&#8217;ours malade, un iceberg qui se d\u00e9tache, et voil\u00e0 que tout le monde est invit\u00e9 \u00e0 penser la m\u00eame chose. Bien entendu, l&#8217;heure n&#8217;est pas \u00e0 l&#8217;augmentation des salaires ou \u00e0 la d\u00e9fense de l&#8217;industrie, on l&#8217;aura bien compris (puisque l\u00e0, c\u2019est de \u00ab\u00a0<em>fin du monde<\/em>\u00a0\u00bb dont il s\u2019agit). Qui, face \u00e0 un tel cataclysme annonc\u00e9, pourrait oser penser \u00e9go\u00efstement \u00e0 sa retraite ou \u00e0 ses 5 euros d&#8217;<em>APL<\/em>, dont on nous a expliqu\u00e9 toute la futilit\u00e9 ringarde (leur suppression, ne l\u2019\u00e9tant pas, bien \u00e9videment).<\/p>\n<p style=\"text-align: justify;\">Ainsi, ceux qui provoquent guerres, famines, \u00e9pid\u00e9mies, effondrements \u00e9conomiques ou asphyxie de pays entiers, invitent sans honte les \u00e9tudiants et jeunes \u00e0 se r\u00e9volter\u2026 contre l\u2019Humanit\u00e9 jug\u00e9e mena\u00e7ante envers elle-m\u00eame et la plan\u00e8te. En effet, ce serait l\u2019homme, dans sa totalit\u00e9 et enti\u00e8ret\u00e9 ind\u00e9pendamment de sa condition sociale et \u00e9conomique, du marchand d\u2019armes au SDF, qui serait responsable du danger imminent qui menace l\u2019Humanit\u00e9 et la plan\u00e8te et serait coupable des catastrophes bien r\u00e9elles qui se produisent sous nos yeux tous les jours. Tous humains, tous responsables, on vous dit. Cela va m\u00eame plus loin, puisque dans une revue universitaire publique, on trouve tout naturellement ce titre\u00a0: \u00ab\u00a0<em>l\u2019homme, cette esp\u00e8ce canc\u00e9rig\u00e8ne<\/em>\u00a0\u00bb\u2026 Avec cela, famines et guerres ne peuvent \u00eatre que salvatrices\u2026<\/p>\n<p style=\"text-align: justify;\">Pour couper court \u00e0 toute discussion, un des partisans de ce mouvement, <strong>Fran\u00e7ois-Marie Br\u00e9on<\/strong>, n&#8217;h\u00e9site pas\u00a0: \u00ab\u00a0<em>On peut dire que la lutte contre le changement climatique est contraire aux libert\u00e9s individuelles et donc sans doute avec la d\u00e9mocratie <\/em>\u00bb(1).<\/p>\n<p style=\"text-align: justify;\" align=\"center\">Le climat peut tout justifier, m\u00eame la dictature. Un bel avenir pour la jeunesse.<\/p>\n<p><a href=\"https:\/\/www.fnlp.fr\/news\/652\/17\/La-grande-messe-pour-le-climat-et-l-invention-du-delit-de-blaspheme-scientifique\" target=\"_blank\" rel=\"noopener noreferrer\">Continuer la lecture sur le site de la F\u00e9d\u00e9ration Nationale de la Libre Pens\u00e9e \u2192<\/a><\/p>\n","protected":false},"excerpt":{"rendered":"<p>[Note de l&#8217;administrateur de ce blog : enfin ! Une association pour la &#8220;libre pens\u00e9e&#8221; d\u00e9nonce les atteintes r\u00e9p\u00e9t\u00e9es \u00e0 la libert\u00e9 de penser, y compris pour ce qui touche au climat (certain(e)s ont d\u00e9j\u00e0 brandi la menace du &#8220;n\u00e9gationnisme climatique&#8221;, ce qui n&#8217;est pas de bon augure). J&#8217;ai pourtant moi-m\u00eame contribu\u00e9 \u00e0 d\u00e9noncer les [&hellip;]<\/p>\n","protected":false},"author":1,"featured_media":0,"comment_status":"open","ping_status":"open","sticky":false,"template":"","format":"standard","meta":[],"categories":[134,3,29],"tags":[276,1201,273,1200,962,1199,274,150,12],"_links":{"self":[{"href":"https:\/\/aitia.fr\/erd\/wp-json\/wp\/v2\/posts\/12459"}],"collection":[{"href":"https:\/\/aitia.fr\/erd\/wp-json\/wp\/v2\/posts"}],"about":[{"href":"https:\/\/aitia.fr\/erd\/wp-json\/wp\/v2\/types\/post"}],"author":[{"embeddable":true,"href":"https:\/\/aitia.fr\/erd\/wp-json\/wp\/v2\/users\/1"}],"replies":[{"embeddable":true,"href":"https:\/\/aitia.fr\/erd\/wp-json\/wp\/v2\/comments?post=12459"}],"version-history":[{"count":11,"href":"https:\/\/aitia.fr\/erd\/wp-json\/wp\/v2\/posts\/12459\/revisions"}],"predecessor-version":[{"id":12471,"href":"https:\/\/aitia.fr\/erd\/wp-json\/wp\/v2\/posts\/12459\/revisions\/12471"}],"wp:attachment":[{"href":"https:\/\/aitia.fr\/erd\/wp-json\/wp\/v2\/media?parent=12459"}],"wp:term":[{"taxonomy":"category","embeddable":true,"href":"https:\/\/aitia.fr\/erd\/wp-json\/wp\/v2\/categories?post=12459"},{"taxonomy":"post_tag","embeddable":true,"href":"https:\/\/aitia.fr\/erd\/wp-json\/wp\/v2\/tags?post=12459"}],"curies":[{"name":"wp","href":"https:\/\/api.w.org\/{rel}","templated":true}]}}