{"id":12424,"date":"2019-03-24T06:49:37","date_gmt":"2019-03-24T05:49:37","guid":{"rendered":"https:\/\/aitia.fr\/erd\/?p=12424"},"modified":"2019-03-24T06:49:37","modified_gmt":"2019-03-24T05:49:37","slug":"m-maga-et-la-fin-de-la-civilisation-occidentale-le-saker-francophone","status":"publish","type":"post","link":"https:\/\/aitia.fr\/erd\/m-maga-et-la-fin-de-la-civilisation-occidentale-le-saker-francophone\/","title":{"rendered":"M. MAGA et la fin de la civilisation occidentale <br>(le saker francophone)"},"content":{"rendered":"<p style=\"text-align: justify;\"><img decoding=\"async\" loading=\"lazy\" class=\"alignleft wp-image-12427\" src=\"https:\/\/aitia.fr\/erd\/wp-content\/uploads\/2019\/03\/Western-values-through-Russian-eyes-1.jpg\" alt=\"\" width=\"400\" height=\"235\" srcset=\"https:\/\/aitia.fr\/erd\/wp-content\/uploads\/2019\/03\/Western-values-through-Russian-eyes-1.jpg 420w, https:\/\/aitia.fr\/erd\/wp-content\/uploads\/2019\/03\/Western-values-through-Russian-eyes-1-300x176.jpg 300w\" sizes=\"(max-width: 400px) 100vw, 400px\" \/>[<em>Note de l&#8217;administrateur de ce blog : M. MAGA, c&#8217;est bien s\u00fbr M. Make America Great Again.<\/em><\/p>\n<p style=\"text-align: justify;\"><em>Le saker dresse une liste des monstruosit\u00e9s &#8220;occidentales&#8221; qui comporte de nombreux points communs avec celle que Francis Kalifat (non islamique) <a href=\"https:\/\/aitia.fr\/erd\/wp-content\/uploads\/2017\/10\/lettre-CRIF-2017-02-06.pdf\" target=\"_blank\" rel=\"noopener noreferrer\">adressa au pr\u00e9sident de mon universit\u00e9<\/a> pour tenter de d\u00e9montrer que j&#8217;\u00e9tais fou (ce \u00e0 quoi <a href=\"https:\/\/aitia.fr\/erd\/les-etranges-inventions-de-m-kalifat\/\" target=\"_blank\" rel=\"noopener noreferrer\">je r\u00e9pondis ici<\/a>). Serait-il lui aussi un &#8220;militant d&#8217;extr\u00eame-droite hallucin\u00e9 dont le cas ressort de la loi Gayssot, sinon de la psychiatrie&#8221; ?<\/em><\/p>\n<p style=\"text-align: justify;\"><em>D\u00e9j\u00e0, il nous rappelle que &#8220;le tristement c\u00e9l\u00e8bre Patriot Act a \u00e9t\u00e9 \u00e9crit avant m\u00eame le coup mont\u00e9 du 11 septembre&#8221;&#8230; serait-ce pour nous sugg\u00e9rer que les auteurs des deux ont quelques accointances ?<\/em>]<\/p>\n<hr \/>\n<p style=\"text-align: justify;\"><b>On enseigne aux gens d\u2019Occident que leur civilisation a ses racines dans la Rome et\/ou la Gr\u00e8ce antique. Il s\u2019agit plus d\u2019un cas d\u2019autosatisfaction que de recherches historiques s\u00e9rieuses. S\u2019il est vrai que la ville de Rome a \u00e9t\u00e9 saccag\u00e9e en 410 apr\u00e8s JC, la civilisation romaine chr\u00e9tienne s\u2019est poursuivie en Orient pendant encore mille ans jusqu\u2019en 1453. <\/b><\/p>\n<p style=\"text-align: justify;\">Les v\u00e9ritables racines de ce que nous appelons aujourd\u2019hui la civilisation occidentale remontent aux p\u00e9riodes suivantes :<\/p>\n<ol style=\"text-align: justify;\">\n<li>Origine : les racines les plus anciennes (th\u00e9oriques)\u00a0son ancr\u00e9es dans le\u00a0premier royaume franc-m\u00e9rovingien (481\u2013751) et dans l\u2019empire carolingien (751\u2013843).<\/li>\n<li>Racine formatrice : le pr\u00e9tendu <em>\u00ab\u00a0Saint empire romain\u00a0\u00bb<\/em> (800-1806) qui n\u2019\u00e9tait <em>\u00ab\u00a0romain\u00a0\u00bb<\/em> que par son nom\u00a0\u2013 ce terme n\u2019appara\u00eet qu\u2019au XIIIe si\u00e8cle ; en fran\u00e7ais, il est appel\u00e9 plus exactement <em>\u00ab\u00a0Saint-empire romain germanique\u00a0\u00bb<\/em> mais il faut vraiment l\u2019appeler <em>\u00ab\u00a0empire germanique\u00a0\u00bb<\/em>, puisqu\u2019il n\u2019\u00e9tait ni <em>\u00ab\u00a0romain\u00a0\u00bb<\/em> ni <em>\u00ab\u00a0saint\u00a0\u00bb<\/em>.<\/li>\n<li>Racines modernes (id\u00e9ologiques) : Renaissance ; R\u00e9volution fran\u00e7aise ; Premi\u00e8re guerre mondiale ; Seconde guerre mondiale ; Guerre froide.<\/li>\n<\/ol>\n<p style=\"text-align: justify;\">Mais dans la pratique, on peut dire que la civilisation occidentale est issue du Moyen \u00c2ge (Ve-XVe si\u00e8cles) ou, mieux encore, de l\u2019\u00e9poque des Croisades (1095-1410). Loin d\u2019\u00eatre l\u2019h\u00e9ritier de l\u2019empire romain, l\u2019empire anglosioniste actuel est un <a href=\"https:\/\/thesaker.is\/putin-the-pope-the-schism-franks-and-romans\/\" target=\"_blank\" rel=\"noopener noreferrer\">descendant<\/a> direct des Francs et de la civilisation qu\u2019ils ont b\u00e2tie \u00e0 l\u2019Ouest sur les ruines de l\u2019empire romain chr\u00e9tien. De nos jours, quand les musulmans parlent de <em>\u00ab\u00a0crois\u00e9s occidentaux\u00a0\u00bb<\/em>, ils font totalement <em>mouche<\/em>. La seule diff\u00e9rence entre les premiers crois\u00e9s et leurs descendants modernes est que les premiers pr\u00e9tendaient au moins \u00eatre chr\u00e9tiens. Ces derniers portent leur mat\u00e9rialisme grossier comme un titre honorifique.<\/p>\n<p><a href=\"https:\/\/lesakerfrancophone.fr\/m-maga-et-la-fin-de-la-civilisation-occidentale\" target=\"_blank\" rel=\"noopener noreferrer\">Continuer la lecture sur le saker francophone \u2192<\/a><\/p>\n<p style=\"text-align: justify;\">\n","protected":false},"excerpt":{"rendered":"<p>[Note de l&#8217;administrateur de ce blog : M. MAGA, c&#8217;est bien s\u00fbr M. Make America Great Again. Le saker dresse une liste des monstruosit\u00e9s &#8220;occidentales&#8221; qui comporte de nombreux points communs avec celle que Francis Kalifat (non islamique) adressa au pr\u00e9sident de mon universit\u00e9 pour tenter de d\u00e9montrer que j&#8217;\u00e9tais fou (ce \u00e0 quoi je [&hellip;]<\/p>\n","protected":false},"author":1,"featured_media":0,"comment_status":"open","ping_status":"open","sticky":false,"template":"","format":"standard","meta":[],"categories":[134,3],"tags":[94,460,93,1192,1191,469,1193,186],"_links":{"self":[{"href":"https:\/\/aitia.fr\/erd\/wp-json\/wp\/v2\/posts\/12424"}],"collection":[{"href":"https:\/\/aitia.fr\/erd\/wp-json\/wp\/v2\/posts"}],"about":[{"href":"https:\/\/aitia.fr\/erd\/wp-json\/wp\/v2\/types\/post"}],"author":[{"embeddable":true,"href":"https:\/\/aitia.fr\/erd\/wp-json\/wp\/v2\/users\/1"}],"replies":[{"embeddable":true,"href":"https:\/\/aitia.fr\/erd\/wp-json\/wp\/v2\/comments?post=12424"}],"version-history":[{"count":9,"href":"https:\/\/aitia.fr\/erd\/wp-json\/wp\/v2\/posts\/12424\/revisions"}],"predecessor-version":[{"id":12439,"href":"https:\/\/aitia.fr\/erd\/wp-json\/wp\/v2\/posts\/12424\/revisions\/12439"}],"wp:attachment":[{"href":"https:\/\/aitia.fr\/erd\/wp-json\/wp\/v2\/media?parent=12424"}],"wp:term":[{"taxonomy":"category","embeddable":true,"href":"https:\/\/aitia.fr\/erd\/wp-json\/wp\/v2\/categories?post=12424"},{"taxonomy":"post_tag","embeddable":true,"href":"https:\/\/aitia.fr\/erd\/wp-json\/wp\/v2\/tags?post=12424"}],"curies":[{"name":"wp","href":"https:\/\/api.w.org\/{rel}","templated":true}]}}