{"id":12404,"date":"2019-03-20T06:56:26","date_gmt":"2019-03-20T05:56:26","guid":{"rendered":"https:\/\/aitia.fr\/erd\/?p=12404"},"modified":"2019-03-20T06:56:26","modified_gmt":"2019-03-20T05:56:26","slug":"antisionisme-et-antisemitisme-cache","status":"publish","type":"post","link":"https:\/\/aitia.fr\/erd\/antisionisme-et-antisemitisme-cache\/","title":{"rendered":"Antisionisme et \u00abantis\u00e9mitisme cach\u00e9\u00bb"},"content":{"rendered":"<p class=\"text__summary\" style=\"text-align: justify;\"><img decoding=\"async\" loading=\"lazy\" class=\"alignleft wp-image-12406\" src=\"https:\/\/aitia.fr\/erd\/wp-content\/uploads\/2019\/03\/profanation-300x169.jpg\" alt=\"\" width=\"385\" height=\"216\" srcset=\"https:\/\/aitia.fr\/erd\/wp-content\/uploads\/2019\/03\/profanation-300x169.jpg 300w, https:\/\/aitia.fr\/erd\/wp-content\/uploads\/2019\/03\/profanation-768x432.jpg 768w, https:\/\/aitia.fr\/erd\/wp-content\/uploads\/2019\/03\/profanation-600x337.jpg 600w, https:\/\/aitia.fr\/erd\/wp-content\/uploads\/2019\/03\/profanation.jpg 790w\" sizes=\"(max-width: 385px) 100vw, 385px\" \/>[<em>Note de l&#8217;administrateur de ce blog : on aimerait que tous les universitaires aient la clart\u00e9 d&#8217;esprit de Jean Bricmont en la mati\u00e8re. Mais est-ce la clart\u00e9 d&#8217;esprit ou le conformisme qui sont les meilleurs acc\u00e9l\u00e9rateurs de carri\u00e8re ?<\/em><\/p>\n<p class=\"text__summary\" style=\"text-align: justify;\"><em>J&#8217;ai d\u00e9j\u00e0 recens\u00e9 ici, du m\u00eame auteur, le tr\u00e8s n\u00e9cessaire <a href=\"https:\/\/aitia.fr\/erd\/la-republique-des-censeurs\/\" target=\"_blank\" rel=\"noopener\">La R\u00e9publique des censeurs<\/a>&#8230; qui me vaut d&#8217;\u00eatre accus\u00e9 de &#8220;<a href=\"https:\/\/aitia.fr\/erd\/les-mots-creux-du-nouveau-maccarthysme\/\" target=\"_blank\" rel=\"noopener\">n\u00e9gationnisme<\/a>&#8221; pour avoir cit\u00e9, \u00e0 sa suite, les historiens juifs les plus reconnus de l&#8217;histoire de la shoah.<\/em><\/p>\n<p class=\"text__summary\" style=\"text-align: justify;\"><em>On pourra aussi lire, sur cette grotesque \u00e9quivalence antisionisme-antis\u00e9mitisme, signe que le sionisme a d\u00e9finitivement perdu la bataille des id\u00e9es et surtout de l&#8217;\u00e9thique, le tr\u00e8s bon <a href=\"https:\/\/www.middleeasteye.net\/fr\/news\/rony-brauman-les-declarations-demmanuel-macron-nourrissent-et-amplifient-lantisemitisme\" target=\"_blank\" rel=\"noopener\">article de Rony Brauman sur Middle East Eye<\/a> ou regarder <a href=\"https:\/\/www.youtube.com\/watch?v=nPaPgwBxgi8\" target=\"_blank\" rel=\"noopener\">une petite vid\u00e9o<\/a> &#8220;pas vue \u00e0 la t\u00e9l\u00e9&#8221;.<\/em><\/p>\n<p class=\"text__summary\" style=\"text-align: justify;\"><em>M\u00eame les esprits les moins vifs comprennent maintenant que, le sionisme ayant <strong>besoin<\/strong> de faire croire \u00e0 un antis\u00e9mitisme visc\u00e9ral et ancestral de l&#8217;ensemble des populations du monde pour justifier l&#8217;existence d&#8217;un &#8220;\u00c9tat juif&#8221; s&#8217;affranchissant des r\u00e8gles du droit international, la &#8220;lutte contre l&#8217;antis\u00e9mitisme&#8221; proclam\u00e9e par tous les membres de ce lobby est une vaste arnaque.<\/em>]<\/p>\n<hr \/>\n<p class=\"text__summary\" style=\"text-align: justify;\"><strong>La France va adopter une d\u00e9finition de l&#8217;antis\u00e9mitisme int\u00e9grant l&#8217;antisionisme. Mais pour l&#8217;essayiste Jean Bricmont, qui s&#8217;oppose \u00e0 toute criminalisation des opinions, les deux concepts diff\u00e8rent fondamentalement.<\/strong><\/p>\n<p style=\"text-align: justify;\">Commen\u00e7ons par d\u00e9finir les termes. L&#8217;antisionisme peut signifier plusieurs choses, allant de l&#8217;opposition aux politiques ou actions du gouvernement isra\u00e9lien \u00e0 la remise en question de la l\u00e9gitimit\u00e9 d&#8217;Isra\u00ebl en tant qu&#8217;\u00c9tat juif. En tant que telles, ces positions sont bien s\u00fbr politiques et non racistes ou religieuses. Il suffit de les comparer \u00e0 l&#8217;id\u00e9e que la Crim\u00e9e appartient \u00e0 l&#8217;Ukraine ou que le Tibet doit \u00eatre ind\u00e9pendant de la Chine. Dans le courant dominant, ces positions ne sont pas qualifi\u00e9es d&#8217;anti-russes ou d&#8217;anti-chinoises au sens raciste du terme.<\/p>\n<p style=\"text-align: justify;\">Dans la mesure o\u00f9 l&#8217;antisionisme \u00abradical\u00bb est suppos\u00e9 mettre en question la l\u00e9gitimit\u00e9 d&#8217;Isra\u00ebl en tant qu&#8217;\u00c9tat juif, il est intrins\u00e8quement li\u00e9 \u00e0 ce qui est au fondement de la cause palestinienne, \u00e0 savoir le droit au retour des r\u00e9fugi\u00e9s de 1948, reconnu par la r\u00e9solution 194 de l&#8217;Onu et par la d\u00e9claration universelle des droits de l&#8217;homme (article 13 2. : Toute personne a le droit de quitter tout pays, y compris le sien, et de revenir dans son pays). M\u00eame si ce droit est purement th\u00e9orique, \u00e9tant donn\u00e9s les rapports de force, le proclamer met en cause le caract\u00e8re essentiellement juif d&#8217;Isra\u00ebl, mais peut difficilement \u00eatre assimil\u00e9 \u00e0 du racisme, au vu de ses bases l\u00e9gales.<\/p>\n<p><a href=\"https:\/\/francais.rt.com\/opinions\/60192-antisionisme-antisemitisme-cache-jean-bricmont\" target=\"_blank\" rel=\"noopener\">Continuer la lecture sur RT France \u2192<\/a><\/p>\n","protected":false},"excerpt":{"rendered":"<p>[Note de l&#8217;administrateur de ce blog : on aimerait que tous les universitaires aient la clart\u00e9 d&#8217;esprit de Jean Bricmont en la mati\u00e8re. Mais est-ce la clart\u00e9 d&#8217;esprit ou le conformisme qui sont les meilleurs acc\u00e9l\u00e9rateurs de carri\u00e8re ? J&#8217;ai d\u00e9j\u00e0 recens\u00e9 ici, du m\u00eame auteur, le tr\u00e8s n\u00e9cessaire La R\u00e9publique des censeurs&#8230; qui me [&hellip;]<\/p>\n","protected":false},"author":1,"featured_media":0,"comment_status":"open","ping_status":"open","sticky":false,"template":"","format":"standard","meta":[],"categories":[4,134,29],"tags":[125,508,112,552,124,20,12,56],"_links":{"self":[{"href":"https:\/\/aitia.fr\/erd\/wp-json\/wp\/v2\/posts\/12404"}],"collection":[{"href":"https:\/\/aitia.fr\/erd\/wp-json\/wp\/v2\/posts"}],"about":[{"href":"https:\/\/aitia.fr\/erd\/wp-json\/wp\/v2\/types\/post"}],"author":[{"embeddable":true,"href":"https:\/\/aitia.fr\/erd\/wp-json\/wp\/v2\/users\/1"}],"replies":[{"embeddable":true,"href":"https:\/\/aitia.fr\/erd\/wp-json\/wp\/v2\/comments?post=12404"}],"version-history":[{"count":9,"href":"https:\/\/aitia.fr\/erd\/wp-json\/wp\/v2\/posts\/12404\/revisions"}],"predecessor-version":[{"id":12414,"href":"https:\/\/aitia.fr\/erd\/wp-json\/wp\/v2\/posts\/12404\/revisions\/12414"}],"wp:attachment":[{"href":"https:\/\/aitia.fr\/erd\/wp-json\/wp\/v2\/media?parent=12404"}],"wp:term":[{"taxonomy":"category","embeddable":true,"href":"https:\/\/aitia.fr\/erd\/wp-json\/wp\/v2\/categories?post=12404"},{"taxonomy":"post_tag","embeddable":true,"href":"https:\/\/aitia.fr\/erd\/wp-json\/wp\/v2\/tags?post=12404"}],"curies":[{"name":"wp","href":"https:\/\/api.w.org\/{rel}","templated":true}]}}