{"id":12359,"date":"2019-03-03T07:21:39","date_gmt":"2019-03-03T06:21:39","guid":{"rendered":"https:\/\/aitia.fr\/erd\/?p=12359"},"modified":"2019-03-03T07:21:39","modified_gmt":"2019-03-03T06:21:39","slug":"sionisme-vs-antisionisme-entretien-avec-bruno-guigue-guerre-paix","status":"publish","type":"post","link":"https:\/\/aitia.fr\/erd\/sionisme-vs-antisionisme-entretien-avec-bruno-guigue-guerre-paix\/","title":{"rendered":"Sionisme vs Antisionisme : entretien avec Bruno Guigue (Guerre &#038; Paix)"},"content":{"rendered":"<p style=\"text-align: justify;\">[<em>Note de l&#8217;administrateur de ce blog : un discours clair et rationnel comme Bruno Guigue \u00e0 l&#8217;habitude d&#8217;en faire, et comme notre caste m\u00e9diatico-politique soumise et corrompue (\u00e0 laquelle on peut ajouter certains universitaires, m\u00e9diocres donc pr\u00eats \u00e0 se vendre au lobby du moment) est incapable d&#8217;en produire depuis longtemps. On retiendra notamment l&#8217;extrait d&#8217;une vid\u00e9o qui a fait beaucoup parler, \u00e0 partir de 11:44, et le commentaire suivant de Bruno Guigue, \u00e0 partir de 13:09 :<\/em><\/p>\n<p style=\"text-align: justify;\"><em>&#8220;Macron a annonc\u00e9 que la France alignait sa position sur celle qui est contenue dans la charte du m\u00e9morial de la Shoah et qui dit que l&#8217;antisionisme est la forme moderne de l&#8217;antis\u00e9mitisme, cette esp\u00e8ce de phrase rituelle qu&#8217;on entend tout le temps, qui est un mensonge abominable puisque \u00e7a veut dire que les juifs antisionistes sont antis\u00e9mites, par exemple, ce qui est compl\u00e8tement idiot et qui confond une position politique fond\u00e9e sur des arguments rationnels, l&#8217;opposition radicale au colonialisme sioniste en Palestine, et une attitude raciste qui consiste \u00e0 stigmatiser une population en raison de son ethnie ou de sa religion. Cette confusion-l\u00e0, elle est entretenue par des gens au plus haut niveau de l&#8217;\u00c9tat, qui m\u00e9langent tout et qui le font expr\u00e8s, parce qu&#8217;ils savent que c&#8217;est l&#8217;assurance-vie du projet sioniste, que cette assimilation entre antisionisme et antis\u00e9mitisme.&#8221;<\/em>]<\/p>\n<hr \/>\n<p style=\"text-align: center;\"><iframe loading=\"lazy\" src=\"https:\/\/www.youtube.com\/embed\/ZC4L6DjQBwA\" width=\"640\" height=\"360\" frameborder=\"0\" allowfullscreen=\"allowfullscreen\"><\/iframe><\/p>\n","protected":false},"excerpt":{"rendered":"<p>[Note de l&#8217;administrateur de ce blog : un discours clair et rationnel comme Bruno Guigue \u00e0 l&#8217;habitude d&#8217;en faire, et comme notre caste m\u00e9diatico-politique soumise et corrompue (\u00e0 laquelle on peut ajouter certains universitaires, m\u00e9diocres donc pr\u00eats \u00e0 se vendre au lobby du moment) est incapable d&#8217;en produire depuis longtemps. On retiendra notamment l&#8217;extrait d&#8217;une [&hellip;]<\/p>\n","protected":false},"author":1,"featured_media":0,"comment_status":"open","ping_status":"open","sticky":false,"template":"","format":"video","meta":[],"categories":[4,134,133,29],"tags":[125,508,511,23,1184,594,20,48],"_links":{"self":[{"href":"https:\/\/aitia.fr\/erd\/wp-json\/wp\/v2\/posts\/12359"}],"collection":[{"href":"https:\/\/aitia.fr\/erd\/wp-json\/wp\/v2\/posts"}],"about":[{"href":"https:\/\/aitia.fr\/erd\/wp-json\/wp\/v2\/types\/post"}],"author":[{"embeddable":true,"href":"https:\/\/aitia.fr\/erd\/wp-json\/wp\/v2\/users\/1"}],"replies":[{"embeddable":true,"href":"https:\/\/aitia.fr\/erd\/wp-json\/wp\/v2\/comments?post=12359"}],"version-history":[{"count":4,"href":"https:\/\/aitia.fr\/erd\/wp-json\/wp\/v2\/posts\/12359\/revisions"}],"predecessor-version":[{"id":12363,"href":"https:\/\/aitia.fr\/erd\/wp-json\/wp\/v2\/posts\/12359\/revisions\/12363"}],"wp:attachment":[{"href":"https:\/\/aitia.fr\/erd\/wp-json\/wp\/v2\/media?parent=12359"}],"wp:term":[{"taxonomy":"category","embeddable":true,"href":"https:\/\/aitia.fr\/erd\/wp-json\/wp\/v2\/categories?post=12359"},{"taxonomy":"post_tag","embeddable":true,"href":"https:\/\/aitia.fr\/erd\/wp-json\/wp\/v2\/tags?post=12359"}],"curies":[{"name":"wp","href":"https:\/\/api.w.org\/{rel}","templated":true}]}}