{"id":12264,"date":"2019-01-28T14:58:58","date_gmt":"2019-01-28T13:58:58","guid":{"rendered":"https:\/\/aitia.fr\/erd\/?p=12264"},"modified":"2019-02-02T14:08:22","modified_gmt":"2019-02-02T13:08:22","slug":"un-journaliste-de-rt-france-pris-a-partie-durant-la-manifestation-des-foulards-rouges-rt-france","status":"publish","type":"post","link":"https:\/\/aitia.fr\/erd\/un-journaliste-de-rt-france-pris-a-partie-durant-la-manifestation-des-foulards-rouges-rt-france\/","title":{"rendered":"Un journaliste de RT France pris \u00e0 partie durant <br>la manifestation des Foulards rouges (RT France)"},"content":{"rendered":"<p style=\"text-align: justify;\">[<em>Note de l&#8217;administrateur de ce blog : r\u00e9alis\u00e9 sans trucage. C&#8217;est un gag en deux temps o\u00f9 le premier personnage qui entre en sc\u00e8ne arrive finalement, alors qu&#8217;on croit sa situation d\u00e9sesp\u00e9r\u00e9e, \u00e0 para\u00eetre presque sympathique lors de l&#8217;arriv\u00e9e d&#8217;un second.<\/em><\/p>\n<p style=\"text-align: justify;\"><em>Jonathan Moadab, journaliste courageux et cr\u00e9atif qui a grandement contribu\u00e9 \u00e0 <a href=\"https:\/\/www.youtube.com\/user\/infosdontonparlepeu\" target=\"_blank\" rel=\"noopener\">l&#8217;Agence Info Libre<\/a> et au <a href=\"https:\/\/www.cercledesvolontaires.fr\/\" target=\"_blank\" rel=\"noopener\">Cercle des Volontaires<\/a>, a par ailleurs \u00e9t\u00e9 plusieurs fois la cible <a href=\"https:\/\/www.cercledesvolontaires.fr\/2014\/03\/22\/jonathan-moadab-journaliste-agresse-par-la-ligue-de-defense-juive-a-la-manifestation-contre-lantisemitisme\/\" target=\"_blank\" rel=\"noopener\">d&#8217;agressions de la part de la Ligue de D\u00e9fense Juive<\/a>, y compris au moyen <a href=\"https:\/\/www.cercledesvolontaires.fr\/2012\/09\/27\/la-ligue-de-defense-juive-commet-une-nouvelle-attaque-anti-juive-retour-sur-les-faits-et-analyse\/\" target=\"_blank\" rel=\"noopener\">d&#8217;une bombe d\u00e9pos\u00e9e sous sa voiture<\/a>, ce qui a valu <a href=\"https:\/\/www.egaliteetreconciliation.fr\/Affaire-Moadab-Prison-ferme-pour-les-deux-membres-de-la-LDJ-26187.html\" target=\"_blank\" rel=\"noopener\">de la prison ferme<\/a> aux auteurs de l&#8217;attentat.<\/em><\/p>\n<p style=\"text-align: justify;\"><span style=\"color: #ff0000;\"><strong>Mise \u00e0 jour de 17h10<\/strong><\/span><em>, gr\u00e2ce \u00e0 un lecteur (voir commentaires) : le premier intervenant \u00e9tait un &#8220;troll&#8221; talentueux, RT France a <a href=\"https:\/\/francais.rt.com\/france\/58524-foulards-rouges-europeiste-david-interroge-rt-france-imposteur\" target=\"_blank\" rel=\"noopener\">publi\u00e9 un correctif<\/a> ce lundi 28 janvier.<\/em>]<\/p>\n<hr \/>\n<p style=\"text-align: center;\"><iframe loading=\"lazy\" src=\"https:\/\/www.youtube.com\/embed\/87IAWELzs0I\" width=\"640\" height=\"360\" frameborder=\"0\" allowfullscreen=\"allowfullscreen\"><\/iframe><\/p>\n","protected":false},"excerpt":{"rendered":"<p>[Note de l&#8217;administrateur de ce blog : r\u00e9alis\u00e9 sans trucage. C&#8217;est un gag en deux temps o\u00f9 le premier personnage qui entre en sc\u00e8ne arrive finalement, alors qu&#8217;on croit sa situation d\u00e9sesp\u00e9r\u00e9e, \u00e0 para\u00eetre presque sympathique lors de l&#8217;arriv\u00e9e d&#8217;un second. Jonathan Moadab, journaliste courageux et cr\u00e9atif qui a grandement contribu\u00e9 \u00e0 l&#8217;Agence Info Libre [&hellip;]<\/p>\n","protected":false},"author":1,"featured_media":0,"comment_status":"open","ping_status":"open","sticky":false,"template":"","format":"standard","meta":[],"categories":[4,134,133],"tags":[252,1157,1068,1158,20,1156],"_links":{"self":[{"href":"https:\/\/aitia.fr\/erd\/wp-json\/wp\/v2\/posts\/12264"}],"collection":[{"href":"https:\/\/aitia.fr\/erd\/wp-json\/wp\/v2\/posts"}],"about":[{"href":"https:\/\/aitia.fr\/erd\/wp-json\/wp\/v2\/types\/post"}],"author":[{"embeddable":true,"href":"https:\/\/aitia.fr\/erd\/wp-json\/wp\/v2\/users\/1"}],"replies":[{"embeddable":true,"href":"https:\/\/aitia.fr\/erd\/wp-json\/wp\/v2\/comments?post=12264"}],"version-history":[{"count":9,"href":"https:\/\/aitia.fr\/erd\/wp-json\/wp\/v2\/posts\/12264\/revisions"}],"predecessor-version":[{"id":12273,"href":"https:\/\/aitia.fr\/erd\/wp-json\/wp\/v2\/posts\/12264\/revisions\/12273"}],"wp:attachment":[{"href":"https:\/\/aitia.fr\/erd\/wp-json\/wp\/v2\/media?parent=12264"}],"wp:term":[{"taxonomy":"category","embeddable":true,"href":"https:\/\/aitia.fr\/erd\/wp-json\/wp\/v2\/categories?post=12264"},{"taxonomy":"post_tag","embeddable":true,"href":"https:\/\/aitia.fr\/erd\/wp-json\/wp\/v2\/tags?post=12264"}],"curies":[{"name":"wp","href":"https:\/\/api.w.org\/{rel}","templated":true}]}}