{"id":12152,"date":"2019-01-10T13:47:44","date_gmt":"2019-01-10T12:47:44","guid":{"rendered":"https:\/\/aitia.fr\/erd\/?p=12152"},"modified":"2019-01-10T14:13:22","modified_gmt":"2019-01-10T13:13:22","slug":"fini-la-langue-de-bois-sur-les-gilets-jaunes-les-medias-et-la-milice-de-macron","status":"publish","type":"post","link":"https:\/\/aitia.fr\/erd\/fini-la-langue-de-bois-sur-les-gilets-jaunes-les-medias-et-la-milice-de-macron\/","title":{"rendered":"Fini la langue de bois sur les gilets jaunes, <br>les m\u00e9dias et la milice de Macron"},"content":{"rendered":"<p style=\"text-align: justify;\">[<em>Note de l&#8217;administrateur de ce blog : voir \u00e9galement, pour ceux qui pr\u00e9f\u00e8rent la lecture, <a href=\"https:\/\/www.jimlepariser.fr\/la-grande-manipulation\/\" target=\"_blank\" rel=\"noopener\">l&#8217;article sur le site Jim le Pariser<\/a> dont parle la journaliste, Laetitia Monsacre, qui remonte tr\u00e8s s\u00e9rieusement le niveau de sa profession. Merci \u00e0 elle !<\/em><\/p>\n<p style=\"text-align: justify;\"><em>Il semble par ailleurs que c&#8217;est la m\u00eame personne <a href=\"https:\/\/www.youtube.com\/watch?v=FkNV3xLoSFk\" target=\"_blank\" rel=\"noopener\">qui a interpell\u00e9 Christophe Castaner<\/a> pendant la c\u00e9r\u00e9monie d&#8217;hommage aux victimes de Charlie Hebdo le 7 janvier 2019, en lui demandant s&#8217;il \u00e9tait normal de se faire traiter de &#8220;sale pute&#8221; par un policier parce qu&#8217;elle lui demandait de ne pas viser la t\u00eate.<\/em><\/p>\n<p style=\"text-align: justify;\"><em>Eh oui, le courage n&#8217;est pas une affaire d&#8217;hormones, n&#8217;en d\u00e9plaise aux misogynes, mais avant tout de droiture d&#8217;esprit ! Seuls les tordus des boyaux de la t\u00eate peuvent se permettre le luxe de rester cois face au mensonge et au crime.<\/em>]<\/p>\n<hr \/>\n<p style=\"text-align: center;\"><iframe loading=\"lazy\" src=\"https:\/\/www.youtube.com\/embed\/cFtngFMhVeg\" width=\"640\" height=\"360\" frameborder=\"0\" allowfullscreen=\"allowfullscreen\"><\/iframe><\/p>\n","protected":false},"excerpt":{"rendered":"<p>[Note de l&#8217;administrateur de ce blog : voir \u00e9galement, pour ceux qui pr\u00e9f\u00e8rent la lecture, l&#8217;article sur le site Jim le Pariser dont parle la journaliste, Laetitia Monsacre, qui remonte tr\u00e8s s\u00e9rieusement le niveau de sa profession. Merci \u00e0 elle ! Il semble par ailleurs que c&#8217;est la m\u00eame personne qui a interpell\u00e9 Christophe Castaner [&hellip;]<\/p>\n","protected":false},"author":1,"featured_media":0,"comment_status":"open","ping_status":"open","sticky":false,"template":"","format":"standard","meta":[],"categories":[4,133,29],"tags":[1133,1132,1131,1068,13,521,20,48,12,1129,1130],"_links":{"self":[{"href":"https:\/\/aitia.fr\/erd\/wp-json\/wp\/v2\/posts\/12152"}],"collection":[{"href":"https:\/\/aitia.fr\/erd\/wp-json\/wp\/v2\/posts"}],"about":[{"href":"https:\/\/aitia.fr\/erd\/wp-json\/wp\/v2\/types\/post"}],"author":[{"embeddable":true,"href":"https:\/\/aitia.fr\/erd\/wp-json\/wp\/v2\/users\/1"}],"replies":[{"embeddable":true,"href":"https:\/\/aitia.fr\/erd\/wp-json\/wp\/v2\/comments?post=12152"}],"version-history":[{"count":7,"href":"https:\/\/aitia.fr\/erd\/wp-json\/wp\/v2\/posts\/12152\/revisions"}],"predecessor-version":[{"id":12159,"href":"https:\/\/aitia.fr\/erd\/wp-json\/wp\/v2\/posts\/12152\/revisions\/12159"}],"wp:attachment":[{"href":"https:\/\/aitia.fr\/erd\/wp-json\/wp\/v2\/media?parent=12152"}],"wp:term":[{"taxonomy":"category","embeddable":true,"href":"https:\/\/aitia.fr\/erd\/wp-json\/wp\/v2\/categories?post=12152"},{"taxonomy":"post_tag","embeddable":true,"href":"https:\/\/aitia.fr\/erd\/wp-json\/wp\/v2\/tags?post=12152"}],"curies":[{"name":"wp","href":"https:\/\/api.w.org\/{rel}","templated":true}]}}