{"id":12133,"date":"2019-01-09T13:09:04","date_gmt":"2019-01-09T12:09:04","guid":{"rendered":"https:\/\/aitia.fr\/erd\/?p=12133"},"modified":"2019-02-04T14:02:35","modified_gmt":"2019-02-04T13:02:35","slug":"limpossible-revolte-des-peuples-doccident-gabriel-rabhi","status":"publish","type":"post","link":"https:\/\/aitia.fr\/erd\/limpossible-revolte-des-peuples-doccident-gabriel-rabhi\/","title":{"rendered":"L&#8217;impossible r\u00e9volte des peuples d&#8217;Occident <br>(Gabriel Rabhi)"},"content":{"rendered":"<p style=\"text-align: justify;\">[<em>Note de l&#8217;administrateur de ce blog : j&#8217;ai d\u00e9j\u00e0 mis en lien cette vid\u00e9o \u00e0 plusieurs reprises sur ce blog, ou la <a href=\"https:\/\/www.youtube.com\/watch?v=syAkdb_TDyo\" target=\"_blank\" rel=\"noopener\">version int\u00e9grale<\/a> de presque 2h qui m\u00e9rite vraiment le d\u00e9tour. Mais vu l&#8217;actualit\u00e9, il me semble justifi\u00e9 de mettre \u00e0 nouveau en avant aujourd&#8217;hui ce travail d&#8217;analyse remarquablement p\u00e9dagogique &#8211; et qui a d\u00e9j\u00e0 quelques ann\u00e9es &#8211; de notre &#8220;crise&#8221; actuelle. En esp\u00e9rant qu&#8217;il permettra \u00e0 nombre de Gilets jaunes qui ne le conna\u00eetraient pas encore d&#8217;avoir une compr\u00e9hension encore plus fine de leurs v\u00e9ritables ennemis.<\/em><\/p>\n<p style=\"text-align: justify;\"><em>Pour d&#8217;autres extraits &#8211; eux aussi tr\u00e8s recommandables &#8211; de la version int\u00e9grale, <a href=\"https:\/\/inter-agir.fr\/XCMD.RE9fU2hPQko8MjU+MDAwMDAtMC0wMzAtMDAwMDAwMDI1MzUwMg==.html\" target=\"_blank\" rel=\"noopener\">voir cette page<\/a>.<\/em><\/p>\n<p style=\"text-align: justify;\"><em>P.S. : <a href=\"https:\/\/fr.wikipedia.org\/wiki\/Impossible_n%27est_pas_fran%C3%A7ais\" target=\"_blank\" rel=\"noopener\">impossible n&#8217;est pas fran\u00e7ais<\/a>.<\/em>]<\/p>\n<hr \/>\n<p style=\"text-align: center;\"><iframe loading=\"lazy\" src=\"https:\/\/www.youtube.com\/embed\/TcE5v1rzSPY\" width=\"640\" height=\"360\" frameborder=\"0\" allowfullscreen=\"allowfullscreen\"><\/iframe><\/p>\n","protected":false},"excerpt":{"rendered":"<p>[Note de l&#8217;administrateur de ce blog : j&#8217;ai d\u00e9j\u00e0 mis en lien cette vid\u00e9o \u00e0 plusieurs reprises sur ce blog, ou la version int\u00e9grale de presque 2h qui m\u00e9rite vraiment le d\u00e9tour. Mais vu l&#8217;actualit\u00e9, il me semble justifi\u00e9 de mettre \u00e0 nouveau en avant aujourd&#8217;hui ce travail d&#8217;analyse remarquablement p\u00e9dagogique &#8211; et qui a [&hellip;]<\/p>\n","protected":false},"author":1,"featured_media":0,"comment_status":"open","ping_status":"open","sticky":false,"template":"","format":"video","meta":[],"categories":[4,133,3],"tags":[298,1115,66,1117,126,1121,1116,1068,1118,1119,55,48,1120,613,1075],"_links":{"self":[{"href":"https:\/\/aitia.fr\/erd\/wp-json\/wp\/v2\/posts\/12133"}],"collection":[{"href":"https:\/\/aitia.fr\/erd\/wp-json\/wp\/v2\/posts"}],"about":[{"href":"https:\/\/aitia.fr\/erd\/wp-json\/wp\/v2\/types\/post"}],"author":[{"embeddable":true,"href":"https:\/\/aitia.fr\/erd\/wp-json\/wp\/v2\/users\/1"}],"replies":[{"embeddable":true,"href":"https:\/\/aitia.fr\/erd\/wp-json\/wp\/v2\/comments?post=12133"}],"version-history":[{"count":11,"href":"https:\/\/aitia.fr\/erd\/wp-json\/wp\/v2\/posts\/12133\/revisions"}],"predecessor-version":[{"id":12144,"href":"https:\/\/aitia.fr\/erd\/wp-json\/wp\/v2\/posts\/12133\/revisions\/12144"}],"wp:attachment":[{"href":"https:\/\/aitia.fr\/erd\/wp-json\/wp\/v2\/media?parent=12133"}],"wp:term":[{"taxonomy":"category","embeddable":true,"href":"https:\/\/aitia.fr\/erd\/wp-json\/wp\/v2\/categories?post=12133"},{"taxonomy":"post_tag","embeddable":true,"href":"https:\/\/aitia.fr\/erd\/wp-json\/wp\/v2\/tags?post=12133"}],"curies":[{"name":"wp","href":"https:\/\/api.w.org\/{rel}","templated":true}]}}