{"id":12119,"date":"2019-01-08T18:45:21","date_gmt":"2019-01-08T17:45:21","guid":{"rendered":"https:\/\/aitia.fr\/erd\/?p=12119"},"modified":"2019-04-25T16:15:28","modified_gmt":"2019-04-25T14:15:28","slug":"en-2018-israel-a-enfin-jete-le-masque-gideon-levy","status":"publish","type":"post","link":"https:\/\/aitia.fr\/erd\/en-2018-israel-a-enfin-jete-le-masque-gideon-levy\/","title":{"rendered":"En 2018, Isra\u00ebl a enfin jet\u00e9 le masque (Gideon Levy)"},"content":{"rendered":"<div id=\"attachment_12121\" style=\"width: 430px\" class=\"wp-caption alignleft\"><img aria-describedby=\"caption-attachment-12121\" decoding=\"async\" loading=\"lazy\" class=\"wp-image-12121\" src=\"https:\/\/aitia.fr\/erd\/wp-content\/uploads\/2019\/01\/Netanyahu-Crime-Minister-300x200.jpg\" alt=\"\" width=\"420\" height=\"280\" srcset=\"https:\/\/aitia.fr\/erd\/wp-content\/uploads\/2019\/01\/Netanyahu-Crime-Minister-300x200.jpg 300w, https:\/\/aitia.fr\/erd\/wp-content\/uploads\/2019\/01\/Netanyahu-Crime-Minister-600x400.jpg 600w, https:\/\/aitia.fr\/erd\/wp-content\/uploads\/2019\/01\/Netanyahu-Crime-Minister.jpg 620w\" sizes=\"(max-width: 420px) 100vw, 420px\" \/><p id=\"caption-attachment-12121\" class=\"wp-caption-text\">Des manifestants brandissent une banderole avec une photo de <br \/>Netanyahou et le slogan &#8220;Crime Minister&#8221;, jeu de mots anglais sur son titre officiel (&#8220;Prime Minister&#8221;, premier ministre). <br \/>Tel Aviv, 11 ao\u00fbt 2018 (Photo Ahmad GHARABLI \/ AFP)<\/p><\/div>\n<p style=\"text-align: justify;\">[<em>Note de l&#8217;administrateur de ce blog : il n&#8217;y a pas qu&#8217;Isra\u00ebl qui a jet\u00e9 le masque, et pas qu&#8217;en Palestine que des territoires sont occup\u00e9s. <\/em><\/p>\n<p style=\"text-align: justify;\"><em>Si la France \u00e9tait r\u00e9ellement ce qu&#8217;elle pr\u00e9tend \u00eatre (une r\u00e9publique la\u00efque), ses &#8220;dirigeants&#8221; ne se pr\u00e9cipiteraient pas aux d\u00eeners du CRIF, ce lobby qui soutient sans r\u00e9serve le r\u00e9gime sioniste et veut <a href=\"https:\/\/www.crif.org\/fr\/actualites\/stop-boycott-le-recap-de-la-semaine-quelles-perspectives-pour-la-lutte-anti-boycott-en-2019\" target=\"_blank\" rel=\"noopener noreferrer\">faire interdire le mouvement BDS<\/a> ; ils ridiculiseraient par quelques <a href=\"https:\/\/mounadil.blogspot.com\/2012\/12\/le-sionisme-et-limperialisme-allemand.html\" target=\"_blank\" rel=\"noopener noreferrer\">rappels historiques<\/a> (<a href=\"https:\/\/archive.org\/details\/TheSecretContacts-ZionismAndNaziGermany1933-1941\" target=\"_blank\" rel=\"noopener noreferrer\">texte original ici<\/a>) et <a href=\"https:\/\/arretsurinfo.ch\/lhistorien-israelien-zeev-sternhell-assimile-le-likoud-au-pouvoir-en-israel-au-nazisme-a-ses-debuts\/\" target=\"_blank\" rel=\"noopener noreferrer\">contemporains<\/a> (voir <a href=\"https:\/\/bourgoinblog.wordpress.com\/2014\/03\/22\/ukraine-les-chemises-brunes-aux-portes-de-lue\/\" target=\"_blank\" rel=\"noopener noreferrer\">l\u00e0, aussi<\/a>) ceux qui veulent assimiler antisionisme et antis\u00e9mitisme, et le ministre de l&#8217;int\u00e9rieur de cette r\u00e9publique ne traiterait pas de <a href=\"https:\/\/twitter.com\/CCastaner\/status\/1082329264672919553\" target=\"_blank\" rel=\"noopener noreferrer\">&#8220;l\u00e2che&#8221;<\/a> un homme qui fait reculer \u00e0 mains nues, visage d\u00e9couvert et en frappant les boucliers et les visi\u00e8res, un groupe de policiers <a href=\"https:\/\/www.youtube.com\/watch?v=dLnkMOb-V3Y\" target=\"_blank\" rel=\"noopener noreferrer\">arm\u00e9s<\/a> qui <a href=\"https:\/\/www.facebook.com\/LesGiletsjaunesFrance\/videos\/2050736548374865\/\" target=\"_blank\" rel=\"noopener noreferrer\">venait de le gazer en plein visage<\/a> et de jeter une grenade au-dessus des manifestants, ce qui est prohib\u00e9 (elles doivent \u00eatre jet\u00e9es \u00e0 terre).<\/em><\/p>\n<p style=\"text-align: justify;\"><em>Non, il n&#8217;y a pas que la Palestine qui soit occup\u00e9e. C&#8217;est ce que les Gilets jaunes commencent \u00e0 comprendre. <a href=\"https:\/\/www.egaliteetreconciliation.fr\/Marion-Sigaut-Peut-on-comparer-les-Gilets-jaunes-a-la-Revolution-de-1789-53449.html\" target=\"_blank\" rel=\"noopener noreferrer\">Et ils vont continuer.<\/a><\/em>]<\/p>\n<hr \/>\n<p style=\"text-align: justify;\"><strong>Apr\u00e8s avoir ciment\u00e9 son caract\u00e8re s\u00e9gr\u00e9gationniste dans le droit, Isra\u00ebl \u00e9labore une couverture l\u00e9gislative pour annexer officiellement les territoires occup\u00e9s au-del\u00e0 des fronti\u00e8res reconnues de l\u2019\u00c9tat.<\/strong><\/p>\n<p style=\"text-align: justify;\">2018 n\u2019a pas \u00e9t\u00e9 une bonne ann\u00e9e pour Isra\u00ebl. Bien entendu, elle fut encore pire pour les Palestiniens.<\/p>\n<p style=\"text-align: justify;\">\u00c0 premi\u00e8re vue, ce n\u2019\u00e9tait pas une ann\u00e9e particuli\u00e8rement dramatique \u2013 plus ou moins comme les pr\u00e9c\u00e9dentes mais sans nouvelles guerres majeures et sans trop de bain de sang en comparaison. La situation semble fig\u00e9e. L\u2019occupation s\u2019est poursuivie sans entrave, tout comme l\u2019entreprise de colonisation. Gaza a tent\u00e9 de r\u00e9sister \u00e9nergiquement de l\u2019int\u00e9rieur de sa mis\u00e9rable cage, \u00e0 l\u2019aide de ses forces limit\u00e9es et d\u00e9risoires.<\/p>\n<p style=\"text-align: justify;\">Le monde a d\u00e9tourn\u00e9 les yeux de l\u2019occupation, ainsi qu\u2019il en a pris l\u2019habitude ces derni\u00e8res ann\u00e9es, et s\u2019est concentr\u00e9 sur autre chose.<\/p>\n<p style=\"text-align: justify;\">Les Isra\u00e9liens, comme le reste du monde, ne se sont gu\u00e8re int\u00e9ress\u00e9s \u00e0 l\u2019occupation, qu\u2019ils ignorent depuis des d\u00e9cennies maintenant. Ils ont v\u00e9cu leur vie, en silence, et celle-ci \u00e9tait belle et prosp\u00e8re. L\u2019objectif du gouvernement actuel \u2013 le plus \u00e0 droite, religieux et nationaliste de l\u2019histoire isra\u00e9lienne \u2013 consistant \u00e0 maintenir le <em>statu quo<\/em> a \u00e9t\u00e9 pleinement atteint. Rien n\u2019est venu interf\u00e9rer avec l\u2019occupation qui dure depuis maintenant cinquante ans.<\/p>\n<p><a href=\"https:\/\/www.middleeasteye.net\/fr\/opinions\/en-2018-isra-l-enfin-jet-le-masque-1357430033\" target=\"_blank\" rel=\"noopener noreferrer\">Continuer la lecture sur <em>Middle East Eye<\/em> \u2192<\/a><\/p>\n","protected":false},"excerpt":{"rendered":"<p>[Note de l&#8217;administrateur de ce blog : il n&#8217;y a pas qu&#8217;Isra\u00ebl qui a jet\u00e9 le masque, et pas qu&#8217;en Palestine que des territoires sont occup\u00e9s. Si la France \u00e9tait r\u00e9ellement ce qu&#8217;elle pr\u00e9tend \u00eatre (une r\u00e9publique la\u00efque), ses &#8220;dirigeants&#8221; ne se pr\u00e9cipiteraient pas aux d\u00eeners du CRIF, ce lobby qui soutient sans r\u00e9serve le [&hellip;]<\/p>\n","protected":false},"author":1,"featured_media":0,"comment_status":"open","ping_status":"open","sticky":false,"template":"","format":"standard","meta":[],"categories":[134,3],"tags":[1114,302,690,162,349,161],"_links":{"self":[{"href":"https:\/\/aitia.fr\/erd\/wp-json\/wp\/v2\/posts\/12119"}],"collection":[{"href":"https:\/\/aitia.fr\/erd\/wp-json\/wp\/v2\/posts"}],"about":[{"href":"https:\/\/aitia.fr\/erd\/wp-json\/wp\/v2\/types\/post"}],"author":[{"embeddable":true,"href":"https:\/\/aitia.fr\/erd\/wp-json\/wp\/v2\/users\/1"}],"replies":[{"embeddable":true,"href":"https:\/\/aitia.fr\/erd\/wp-json\/wp\/v2\/comments?post=12119"}],"version-history":[{"count":12,"href":"https:\/\/aitia.fr\/erd\/wp-json\/wp\/v2\/posts\/12119\/revisions"}],"predecessor-version":[{"id":12807,"href":"https:\/\/aitia.fr\/erd\/wp-json\/wp\/v2\/posts\/12119\/revisions\/12807"}],"wp:attachment":[{"href":"https:\/\/aitia.fr\/erd\/wp-json\/wp\/v2\/media?parent=12119"}],"wp:term":[{"taxonomy":"category","embeddable":true,"href":"https:\/\/aitia.fr\/erd\/wp-json\/wp\/v2\/categories?post=12119"},{"taxonomy":"post_tag","embeddable":true,"href":"https:\/\/aitia.fr\/erd\/wp-json\/wp\/v2\/tags?post=12119"}],"curies":[{"name":"wp","href":"https:\/\/api.w.org\/{rel}","templated":true}]}}