{"id":12054,"date":"2018-12-29T15:26:49","date_gmt":"2018-12-29T14:26:49","guid":{"rendered":"https:\/\/aitia.fr\/erd\/?p=12054"},"modified":"2018-12-29T15:28:17","modified_gmt":"2018-12-29T14:28:17","slug":"vous-voulez-moins-dantisemitisme-arretez-de-donner-la-parole-a-bhl-er","status":"publish","type":"post","link":"https:\/\/aitia.fr\/erd\/vous-voulez-moins-dantisemitisme-arretez-de-donner-la-parole-a-bhl-er\/","title":{"rendered":"&#8220;Vous voulez moins d\u2019antis\u00e9mitisme ? Arr\u00eatez de donner la parole \u00e0 BHL !&#8221; (E&#038;R)"},"content":{"rendered":"<p style=\"text-align: justify;\">[<em>Note de l&#8217;administrateur de ce blog : mise en ligne le 24 d\u00e9cembre 2018 (donc juste apr\u00e8s &#8220;l&#8217;acte VI&#8221; des Gilets jaunes), <a href=\"https:\/\/www.egaliteetreconciliation.fr\/Vous-voulez-moins-d-antisemitisme-Arretez-de-donner-la-parole-a-BHL-53344.html\" target=\"_blank\" rel=\"noopener\">reprise aujourd&#8217;hui<\/a> par \u00c9galit\u00e9 &amp; R\u00e9conciliation, cette vid\u00e9o de la cha\u00eene YouTube &#8220;<a href=\"https:\/\/www.youtube.com\/channel\/UC7On0o_p6WQ6uixsCPoj0XA\" target=\"_blank\" rel=\"noopener\">En Mode REPLAY<\/a>&#8221; illustre \u00e0 merveille la mont\u00e9e de l&#8217;intelligence populaire face aux mensonges de plus en plus voyants de la caste politico-m\u00e9diatique qui, comme l&#8217;observe tr\u00e8s bien J\u00e9r\u00f4me au t\u00e9l\u00e9phone, &#8220;pour sauver sa peau, pr\u00e9f\u00e8rera toujours une guerre civile \u00e0 une r\u00e9volte populaire&#8221;. <\/em><\/p>\n<p style=\"text-align: justify;\"><em>Malgr\u00e9 les tentatives incessantes d&#8217;Apolline de Malherbe pour discr\u00e9diter ce mouvement et jouer le r\u00f4le malsain pour lequel elle est pay\u00e9e, J\u00e9r\u00f4me restera droit dans ses id\u00e9es, rappellera que ceux qui hurlent \u00e0 l&#8217;antis\u00e9mitisme comme BHL sont ceux qui en profitent<\/em><span id='easy-footnote-1-12054' class='easy-footnote-margin-adjust'><\/span><span class='easy-footnote'><a href='https:\/\/aitia.fr\/erd\/vous-voulez-moins-dantisemitisme-arretez-de-donner-la-parole-a-bhl-er\/#easy-footnote-bottom-1-12054' title='BHL (joliment surnomm\u00e9 &amp;#8220;le rossignol des charniers&amp;#8221; par certains) a par exemple jou\u00e9 un r\u00f4le non n\u00e9gligeable dans le coup d&amp;#8217;\u00c9tat de 2014 en Ukraine &lt;a href=&quot;https:\/\/www.investigaction.net\/fr\/ukraine-autopsie-d-un-coup-d-etat\/&quot; target=&quot;_blank&quot; rel=&quot;noopener&quot;&gt;supervis\u00e9 par la CIA&lt;\/a&gt;, o\u00f9 furent &amp;#8220;utilis\u00e9s&amp;#8221; de nombreux groupuscules n\u00e9o-nazis, &lt;a href=&quot;https:\/\/www.youtube.com\/watch?v=jbZ0Bx_7Rl0&quot; target=&quot;_blank&quot; rel=&quot;noopener&quot;&gt;tout en d\u00e9clarant&lt;\/a&gt; : &lt;em&gt;&amp;#8220;Je n\u2019ai pas vu de n\u00e9o-nazis, je n\u2019ai pas entendu d\u2019antis\u00e9mites&amp;#8221;&lt;\/em&gt;. Quand on a les moyens de s&amp;#8217;\u00e9chapper \u00e0 Miami en &lt;em&gt;business class&lt;\/em&gt; si les choses tournent mal, on peut se permettre de ne pas redouter les pogroms !'><sup>1<\/sup><\/a><\/span><em> et non ceux qui en souffrent, et fera passer son message de fraternit\u00e9, que la &#8220;journaliste&#8221; tentera lamentablement d&#8217;inverser avant de lui couper la parole.<\/em>]<\/p>\n<hr \/>\n<p style=\"text-align: center;\"><iframe loading=\"lazy\" src=\"https:\/\/www.youtube.com\/embed\/qhfK2mNYN5c\" width=\"640\" height=\"360\" frameborder=\"0\" allowfullscreen=\"allowfullscreen\"><\/iframe><\/p>\n","protected":false},"excerpt":{"rendered":"<p>[Note de l&#8217;administrateur de ce blog : mise en ligne le 24 d\u00e9cembre 2018 (donc juste apr\u00e8s &#8220;l&#8217;acte VI&#8221; des Gilets jaunes), reprise aujourd&#8217;hui par \u00c9galit\u00e9 &amp; R\u00e9conciliation, cette vid\u00e9o de la cha\u00eene YouTube &#8220;En Mode REPLAY&#8221; illustre \u00e0 merveille la mont\u00e9e de l&#8217;intelligence populaire face aux mensonges de plus en plus voyants de la [&hellip;]<\/p>\n","protected":false},"author":1,"featured_media":0,"comment_status":"open","ping_status":"open","sticky":false,"template":"","format":"standard","meta":[],"categories":[4,133,29],"tags":[1099,69,1097,1068,1098,417,20,48],"_links":{"self":[{"href":"https:\/\/aitia.fr\/erd\/wp-json\/wp\/v2\/posts\/12054"}],"collection":[{"href":"https:\/\/aitia.fr\/erd\/wp-json\/wp\/v2\/posts"}],"about":[{"href":"https:\/\/aitia.fr\/erd\/wp-json\/wp\/v2\/types\/post"}],"author":[{"embeddable":true,"href":"https:\/\/aitia.fr\/erd\/wp-json\/wp\/v2\/users\/1"}],"replies":[{"embeddable":true,"href":"https:\/\/aitia.fr\/erd\/wp-json\/wp\/v2\/comments?post=12054"}],"version-history":[{"count":8,"href":"https:\/\/aitia.fr\/erd\/wp-json\/wp\/v2\/posts\/12054\/revisions"}],"predecessor-version":[{"id":12062,"href":"https:\/\/aitia.fr\/erd\/wp-json\/wp\/v2\/posts\/12054\/revisions\/12062"}],"wp:attachment":[{"href":"https:\/\/aitia.fr\/erd\/wp-json\/wp\/v2\/media?parent=12054"}],"wp:term":[{"taxonomy":"category","embeddable":true,"href":"https:\/\/aitia.fr\/erd\/wp-json\/wp\/v2\/categories?post=12054"},{"taxonomy":"post_tag","embeddable":true,"href":"https:\/\/aitia.fr\/erd\/wp-json\/wp\/v2\/tags?post=12054"}],"curies":[{"name":"wp","href":"https:\/\/api.w.org\/{rel}","templated":true}]}}