{"id":12013,"date":"2018-12-29T06:30:52","date_gmt":"2018-12-29T05:30:52","guid":{"rendered":"https:\/\/aitia.fr\/erd\/?p=12013"},"modified":"2020-05-12T16:13:29","modified_gmt":"2020-05-12T14:13:29","slug":"la-veritable-nature-disrael-un-cas-pratique","status":"publish","type":"post","link":"https:\/\/aitia.fr\/erd\/la-veritable-nature-disrael-un-cas-pratique\/","title":{"rendered":"La v\u00e9ritable nature d&#8217;Isra\u00ebl : <br>un cas pratique"},"content":{"rendered":"<div id=\"attachment_12017\" style=\"width: 410px\" class=\"wp-caption alignleft\"><a href=\"https:\/\/fr.wikipedia.org\/wiki\/GBU-39\" target=\"_blank\" rel=\"noopener noreferrer\"><img aria-describedby=\"caption-attachment-12017\" decoding=\"async\" loading=\"lazy\" class=\"wp-image-12017\" src=\"https:\/\/aitia.fr\/erd\/wp-content\/uploads\/2018\/12\/GBU-39_impact-679x1024.jpg\" alt=\"\" width=\"400\" height=\"604\" srcset=\"https:\/\/aitia.fr\/erd\/wp-content\/uploads\/2018\/12\/GBU-39_impact-679x1024.jpg 679w, https:\/\/aitia.fr\/erd\/wp-content\/uploads\/2018\/12\/GBU-39_impact-199x300.jpg 199w, https:\/\/aitia.fr\/erd\/wp-content\/uploads\/2018\/12\/GBU-39_impact-768x1159.jpg 768w, https:\/\/aitia.fr\/erd\/wp-content\/uploads\/2018\/12\/GBU-39_impact-600x905.jpg 600w, https:\/\/aitia.fr\/erd\/wp-content\/uploads\/2018\/12\/GBU-39_impact.jpg 800w\" sizes=\"(max-width: 400px) 100vw, 400px\" \/><\/a><p id=\"caption-attachment-12017\" class=\"wp-caption-text\">Bombe <a href=\"https:\/\/fr.wikipedia.org\/wiki\/GBU-39\" target=\"_blank\" rel=\"noopener noreferrer\">GBU-39<\/a>, de fabrication am\u00e9ricaine, <br \/>telle que celles utilis\u00e9es par les six F-16 isra\u00e9liens <br \/>lors de l&#8217;attaque \u00e0 Damas du jour de No\u00ebl 2018.<\/p><\/div>\n<p style=\"text-align: justify;\">Le 26 d\u00e9cembre, on apprenait (<a href=\"https:\/\/www.voltairenet.org\/article204479.html\" target=\"_blank\" rel=\"noopener noreferrer\">par le R\u00e9seau Voltaire<\/a> ou <a href=\"https:\/\/www.newsweek.com\/hezbollah-leaders-targeted-reportedly-hit-israeli-airstrike-us-official-says-1271274\" target=\"_blank\" rel=\"noopener noreferrer\">ailleurs<\/a>) qu&#8217;Isra\u00ebl n&#8217;avait pas h\u00e9sit\u00e9 \u00e0 <a href=\"https:\/\/www.voltairenet.org\/article204479.html\" target=\"_blank\" rel=\"noopener noreferrer\">bombarder le jour de No\u00ebl<\/a> un objectif en Syrie \u00e0 Damas, et certains s&#8217;\u00e9tonnaient par la m\u00eame occasion de la r\u00e9ussite de l&#8217;op\u00e9ration (partielle, 2 bombes sur 16 ayant atteint leur but) puisque la Syrie b\u00e9n\u00e9ficie maintenant de la protection des <a href=\"https:\/\/fr.wikipedia.org\/wiki\/S-300\" target=\"_blank\" rel=\"noopener noreferrer\">missiles sol-air russes S-300<\/a>, r\u00e9put\u00e9s tr\u00e8s efficaces.<\/p>\n<p style=\"text-align: justify;\">Le 27 d\u00e9cembre, on apprenait toujours <a href=\"https:\/\/www.voltairenet.org\/article204515.html\" target=\"_blank\" rel=\"noopener noreferrer\">par le r\u00e9seau Voltaire<\/a> (l&#8217;info avait d\u00e9j\u00e0 circul\u00e9 la veille <a href=\"https:\/\/www.newsweek.com\/russia-israel-attack-syria-civilian-planes-1271445\" target=\"_blank\" rel=\"noopener noreferrer\">ailleurs<\/a>) la raison de ce coup au but : dans la grande tradition de l\u00e2chet\u00e9 et de coups tordus qui caract\u00e9rise la maison (voir par exemple le cas fameux de l&#8217;attaque contre <a href=\"https:\/\/en.wikipedia.org\/wiki\/USS_Liberty_(AGTR-5)\" target=\"_blank\" rel=\"noopener noreferrer\">l&#8217;USS Liberty<\/a> en 1967), la tr\u00e8s mal nomm\u00e9e Arm\u00e9e de <em>d\u00e9fense<\/em> d&#8217;Isra\u00ebl s&#8217;est servi de la pr\u00e9sence de deux avions civils comme boucliers. L&#8217;arm\u00e9e syrienne ne pouvait donc activer son syst\u00e8me de protection sans mettre en danger la vie des civils passagers de ces vols, un \u00e9pisode qui rappelle l&#8217;incident survenu en septembre 2018 o\u00f9 l&#8217;arm\u00e9e isra\u00e9lienne avait d\u00e9lib\u00e9r\u00e9ment <a href=\"https:\/\/www.voltairenet.org\/article203021.html\" target=\"_blank\" rel=\"noopener noreferrer\">caus\u00e9 la perte d&#8217;un avion militaire russe<\/a> et de son \u00e9quipage en se &#8220;cachant&#8221; derri\u00e8re celui-ci.<\/p>\n<p style=\"text-align: justify;\">Ainsi, il appara\u00eet que le pire n&#8217;est pas pour Isra\u00ebl d&#8217;avoir attaqu\u00e9 le territoire syrien le jour de No\u00ebl, mais bien d&#8217;avoir ce jour-l\u00e0 utilis\u00e9 des civils innocents comme boucliers, en comptant sur le respect des vies humaines de l&#8217;arm\u00e9e syrienne pour parvenir \u00e0 contourner ses nouvelles d\u00e9fenses anti-a\u00e9riennes r\u00e9put\u00e9es inviolables.<\/p>\n<p><!--more--><\/p>\n<p style=\"text-align: justify;\">S&#8217;il est bien s\u00fbr faux d&#8217;\u00e9tablir une \u00e9quivalence entre juda\u00efsme et sionisme (un stratag\u00e8me grotesque des sionistes pour pouvoir traiter d&#8217;antis\u00e9mites tous les antisionistes), certains juifs \u00e9tant profond\u00e9ment antisionistes (qu&#8217;ils soient <a href=\"https:\/\/www.youtube.com\/watch?v=FQD8vW8qTow\" target=\"_blank\" rel=\"noopener noreferrer\">tr\u00e8s religieux<\/a> ou <a href=\"https:\/\/www.youtube.com\/watch?v=V4xPWzuOHy4\" target=\"_blank\" rel=\"noopener noreferrer\">tr\u00e8s peu<\/a>), il serait faux \u00e9galement de pr\u00e9tendre que le sionisme &#8220;n&#8217;a rien \u00e0 voir &#8221; avec le juda\u00efsme puisque son id\u00e9ologie est en phase avec <a href=\"https:\/\/aitia.fr\/erd\/a-raciste-raciste-et-demi\/\" target=\"_blank\" rel=\"noopener noreferrer\">les enseignements de certains rabbins<\/a>, selon lesquels l&#8217;humanit\u00e9 est constitu\u00e9e d&#8217;individus &#8220;pleinement humains&#8221;, descendants d&#8217;Adam, et d&#8217;autres qui n&#8217;ont d&#8217;humains que l&#8217;apparence et dont on peut se d\u00e9barrasser sans arri\u00e8re-pens\u00e9e, comme on \u00e9crase de la vermine. Et naturellement, pour ces fanatiques seuls les juifs sont \u00e0 100% v\u00e9ritablement humains.<\/p>\n<p style=\"text-align: justify;\">Albert Einstein lui-m\u00eame avait pr\u00e9venu d\u00e8s avril 1948, un mois avant la d\u00e9claration d&#8217;ind\u00e9pendance d&#8217;Isra\u00ebl et \u00e0 la suite du <a href=\"https:\/\/fr.wikipedia.org\/wiki\/Massacre_de_Deir_Yassin\" target=\"_blank\" rel=\"noopener noreferrer\">massacre de Deir Yassin<\/a>, du danger de confier la conduite d&#8217;un \u00c9tat \u00e0 des fanatiques. Dans <a href=\"https:\/\/www.lettersofnote.com\/2010\/03\/when-real-and-final-catastrophe-should.html\" target=\"_blank\" rel=\"noopener noreferrer\">une lettre<\/a> que j&#8217;ai d\u00e9j\u00e0 cit\u00e9e plusieurs fois ici (et qui fut <a href=\"https:\/\/www.ebay.com\/itm\/261308716628\" target=\"_blank\" rel=\"noopener noreferrer\">vendue aux ench\u00e8res<\/a> pour $ 16 000 en 2013), il s&#8217;adressait \u00e0 Shepard Rifkin, un cadre new-yorkais du <a href=\"https:\/\/fr.wikipedia.org\/wiki\/Lehi\" target=\"_blank\" rel=\"noopener noreferrer\">Lehi<\/a>, en ces termes :<\/p>\n<blockquote><p><em>&#8220;Cher Monsieur,<\/em><\/p>\n<p><em>Si une v\u00e9ritable catastrophe finale devait nous <\/em><em>arriver <\/em>[c&#8217;est-\u00e0-dire : \u00e0 nous les juifs]<em> en Palestine, les premiers responsables en seraient les Britanniques et les seconds, les organisations terroristes issues de nos rangs.<\/em><\/p>\n<p><em>Je ne veux voir personne associ\u00e9 \u00e0 ces individus d\u00e9voy\u00e9s et criminels.&#8221;<\/em><\/p><\/blockquote>\n<p><\/p>\n<p style=\"text-align: justify;\">Einstein, qui avait lui-m\u00eame d\u00fb fuir l&#8217;Allemagne pour \u00e9chapper aux pers\u00e9cutions des juifs par les nazis, \u00e9tait sensible \u00e0 l&#8217;id\u00e9e d&#8217;un foyer juif en Palestine qui permettrait aux juifs d&#8217;y trouver refuge en cas de nouvelles pers\u00e9cutions. Mais il s&#8217;\u00e9tait oppos\u00e9 \u00e0 l&#8217;\u00e9tablissement de &#8220;l&#8217;\u00c9tat juif&#8221; en lequel il voyait une opposition aux valeurs m\u00eames du juda\u00efsme : <em>&#8220;En dehors de consid\u00e9rations pratiques, ma conscience de l&#8217;essence m\u00eame du juda\u00efsme s&#8217;oppose \u00e0 l&#8217;id\u00e9e d&#8217;un \u00c9tat juif avec des fronti\u00e8res, une arm\u00e9e, et une forme de pouvoir temporel aussi modeste soit-il. Je redoute les dommages internes que le juda\u00efsme aura \u00e0 subir &#8211; en particulier le d\u00e9veloppement d&#8217;un nationalisme \u00e9troit au sein de nos propres rangs, contre lequel nous avons d\u00e9j\u00e0 d\u00fb lutter, m\u00eame en l&#8217;absence d&#8217;\u00c9tat juif.&#8221;<\/em><span id='easy-footnote-1-12013' class='easy-footnote-margin-adjust'><\/span><span class='easy-footnote'><a href='https:\/\/aitia.fr\/erd\/la-veritable-nature-disrael-un-cas-pratique\/#easy-footnote-bottom-1-12013' title='&lt;a href=&quot;https:\/\/web.archive.org\/web\/20191029053009\/http:\/\/www.thecanadiancharger.com:80\/page.php?id=5&amp;amp;a=275&quot; target=&quot;_blank&quot; rel=&quot;noopener noreferrer&quot;&gt;Einstein on Palestine and Zionism&lt;\/a&gt;, &lt;em&gt;The Canadian Charger&lt;\/em&gt;, 5 janvier 2010.'><sup>1<\/sup><\/a><\/span><\/p>\n<p style=\"text-align: justify;\">Ces propos, tenus initialement devant le <em>National Labor Committee for Palestine<\/em> \u00e0 New York le 17 avril 1938, seront republi\u00e9s par l&#8217;auteur en 1950 apr\u00e8s la cr\u00e9ation de l&#8217;\u00c9tat d&#8217;Isra\u00ebl<span id='easy-footnote-2-12013' class='easy-footnote-margin-adjust'><\/span><span class='easy-footnote'><a href='https:\/\/aitia.fr\/erd\/la-veritable-nature-disrael-un-cas-pratique\/#easy-footnote-bottom-2-12013' title='Albert Einstein, &lt;em&gt;Out of My Later Years&lt;\/em&gt;, New York: Philosophical Library, 1950, p. 263'><sup>2<\/sup><\/a><\/span>. M\u00eame si Einstein fut, d\u00e8s le lendemain de sa mort<span id='easy-footnote-3-12013' class='easy-footnote-margin-adjust'><\/span><span class='easy-footnote'><a href='https:\/\/aitia.fr\/erd\/la-veritable-nature-disrael-un-cas-pratique\/#easy-footnote-bottom-3-12013' title='Et m\u00eame de son vivant : Ben Gourion lui proposera le 17 novembre 1952 (juste apr\u00e8s la mort de &lt;a href=&quot;https:\/\/fr.wikipedia.org\/wiki\/Chaim_Weizmann&quot; target=&quot;_blank&quot; rel=&quot;noopener noreferrer&quot;&gt;Chaim Weizmann&lt;\/a&gt;) la pr\u00e9sidence de l&amp;#8217;\u00c9tat d&amp;#8217;Isra\u00ebl, qu&amp;#8217;il refusera.'><sup>3<\/sup><\/a><\/span>, r\u00e9cup\u00e9r\u00e9 par la propagande sioniste comme le furent tous les grands personnages juifs capables d&#8217;attirer la sympathie (Theodor Herzl lui-m\u00eame, aujourd&#8217;hui h\u00e9ros national en Isra\u00ebl, serait sans doute horrifi\u00e9 de voir ce qu&#8217;est devenu <a href=\"https:\/\/aitia.fr\/erd\/letat-des-juifs\/\" target=\"_blank\" rel=\"noopener noreferrer\">son projet sioniste<\/a>), il exprima \u00e0 plusieurs reprises son d\u00e9saccord avec l&#8217;id\u00e9e m\u00eame d&#8217;un \u00c9tat juif. Pacifiste, universaliste et oppos\u00e9 \u00e0 toute discrimination religieuse ou ethnique<span id='easy-footnote-4-12013' class='easy-footnote-margin-adjust'><\/span><span class='easy-footnote'><a href='https:\/\/aitia.fr\/erd\/la-veritable-nature-disrael-un-cas-pratique\/#easy-footnote-bottom-4-12013' title='Il avait par ailleurs bien des d\u00e9fauts, dont celui de n&amp;#8217;\u00eatre pas un tr\u00e8s bon p\u00e8re ni \u00e9poux, mais ce n&amp;#8217;est pas le sujet !'><sup>4<\/sup><\/a><\/span>, il ne pouvait s&#8217;identifier aux \u00e9l\u00e9ments les plus fanatiques, et en particulier aux membres du <a href=\"https:\/\/fr.wikipedia.org\/wiki\/H%C3%A9rout\" target=\"_blank\" rel=\"noopener noreferrer\">H\u00e9rout<\/a> (l&#8217;anc\u00eatre du <a href=\"https:\/\/fr.wikipedia.org\/wiki\/Likoud\" target=\"_blank\" rel=\"noopener noreferrer\">Likoud<\/a>) qui entendaient imprimer leur id\u00e9ologie au mouvement sioniste.<\/p>\n<p style=\"text-align: justify;\">Le 2 d\u00e9cembre 1948, il co-signera \u00e9galement, aux c\u00f4t\u00e9s de nombreuses autres personnalit\u00e9s juives dont <a href=\"https:\/\/fr.wikipedia.org\/wiki\/Hannah_Arendt\" target=\"_blank\" rel=\"noopener noreferrer\">Hannah Arendt<\/a>, une <a href=\"https:\/\/archive.org\/details\/AlbertEinsteinLetterToTheNewYorkTimes.December41948\" target=\"_blank\" rel=\"noopener noreferrer\">lettre publi\u00e9e dans le <em>New York Times<\/em><\/a> (traduite <a href=\"https:\/\/www.alterinfo.net\/Lettre-adressee-au-New-York-Times-par-Albert-Einstein-et-d-autres-au-sujet-de-Begin-et-d-Israel_a17331.html\" target=\"_blank\" rel=\"noopener noreferrer\">en fran\u00e7ais ici<\/a>) pour protester contre la visite de Menahem Begin aux \u00c9tats-Unis, dont le parti nouvellement cr\u00e9\u00e9 (le H\u00e9rout) est qualifi\u00e9 \u00e0 de nombreuses reprises de <em>&#8220;fasciste&#8221;<\/em> et de <em>&#8220;terroriste&#8221;<\/em>. De fait, Menahem Begin, qui sera premier ministre d&#8217;Isra\u00ebl du 20 juin 1977 au 10 octobre 1983, \u00e9tait bien un v\u00e9ritable terroriste puisque c&#8217;est lui qui avait organis\u00e9 <a href=\"https:\/\/fr.wikipedia.org\/wiki\/Attentat_de_l%27h%C3%B4tel_King_David\" target=\"_blank\" rel=\"noopener noreferrer\">l&#8217;attentat de l&#8217;h\u00f4tel King David<\/a> \u00e0 J\u00e9rusalem du 22 juillet 1946, qui visait les autorit\u00e9s britanniques<span id='easy-footnote-5-12013' class='easy-footnote-margin-adjust'><\/span><span class='easy-footnote'><a href='https:\/\/aitia.fr\/erd\/la-veritable-nature-disrael-un-cas-pratique\/#easy-footnote-bottom-5-12013' title='La Palestine \u00e9tait alors sous &lt;a href=&quot;https:\/\/fr.wikipedia.org\/wiki\/Palestine_mandataire&quot; target=&quot;_blank&quot; rel=&quot;noopener noreferrer&quot;&gt;mandat britannique&lt;\/a&gt; depuis 1923.'><sup>5<\/sup><\/a><\/span> et qui fit 91 morts et 46 bless\u00e9s. Et il ne fut pas le seul premier ministre isra\u00e9lien officiellement terroriste : <a href=\"https:\/\/fr.wikipedia.org\/wiki\/Yitzhak_Shamir\" target=\"_blank\" rel=\"noopener noreferrer\">Yitzhak Shamir<\/a> ordonna par exemple l&#8217;assassinat \u00e0 J\u00e9rusalem le 18 septembre 1948 du diplomate su\u00e9dois <a href=\"https:\/\/fr.wikipedia.org\/wiki\/Folke_Bernadotte\" target=\"_blank\" rel=\"noopener noreferrer\">Folke Bernadotte<\/a>, alors m\u00e9diateur des Nations Unies, et du colonel fran\u00e7ais <a href=\"https:\/\/fr.wikipedia.org\/wiki\/Andr%C3%A9_S%C3%A9rot\" target=\"_blank\" rel=\"noopener noreferrer\">Andr\u00e9 S\u00e9rot<\/a>, chef des observateurs militaires pour l&#8217;ONU, qui l&#8217;accompagnait.<\/p>\n<p style=\"text-align: justify;\">Il importe, \u00e0 une \u00e9poque de terrorisme omnipr\u00e9sent, de ne pas l&#8217;oublier, afin de <a href=\"https:\/\/www.voltairenet.org\/article184968.html\" target=\"_blank\" rel=\"noopener noreferrer\">bien identifier l&#8217;ennemi<\/a>. Et ses collaborateurs.<\/p>\n","protected":false},"excerpt":{"rendered":"<p>Le 26 d\u00e9cembre, on apprenait (par le R\u00e9seau Voltaire ou ailleurs) qu&#8217;Isra\u00ebl n&#8217;avait pas h\u00e9sit\u00e9 \u00e0 bombarder le jour de No\u00ebl un objectif en Syrie \u00e0 Damas, et certains s&#8217;\u00e9tonnaient par la m\u00eame occasion de la r\u00e9ussite de l&#8217;op\u00e9ration (partielle, 2 bombes sur 16 ayant atteint leur but) puisque la Syrie b\u00e9n\u00e9ficie maintenant de la [&hellip;]<\/p>\n","protected":false},"author":1,"featured_media":0,"comment_status":"open","ping_status":"open","sticky":false,"template":"","format":"standard","meta":[],"categories":[4,29,6],"tags":[1093,1092,1094,1096,1095,1021,56,129,71],"_links":{"self":[{"href":"https:\/\/aitia.fr\/erd\/wp-json\/wp\/v2\/posts\/12013"}],"collection":[{"href":"https:\/\/aitia.fr\/erd\/wp-json\/wp\/v2\/posts"}],"about":[{"href":"https:\/\/aitia.fr\/erd\/wp-json\/wp\/v2\/types\/post"}],"author":[{"embeddable":true,"href":"https:\/\/aitia.fr\/erd\/wp-json\/wp\/v2\/users\/1"}],"replies":[{"embeddable":true,"href":"https:\/\/aitia.fr\/erd\/wp-json\/wp\/v2\/comments?post=12013"}],"version-history":[{"count":40,"href":"https:\/\/aitia.fr\/erd\/wp-json\/wp\/v2\/posts\/12013\/revisions"}],"predecessor-version":[{"id":15008,"href":"https:\/\/aitia.fr\/erd\/wp-json\/wp\/v2\/posts\/12013\/revisions\/15008"}],"wp:attachment":[{"href":"https:\/\/aitia.fr\/erd\/wp-json\/wp\/v2\/media?parent=12013"}],"wp:term":[{"taxonomy":"category","embeddable":true,"href":"https:\/\/aitia.fr\/erd\/wp-json\/wp\/v2\/categories?post=12013"},{"taxonomy":"post_tag","embeddable":true,"href":"https:\/\/aitia.fr\/erd\/wp-json\/wp\/v2\/tags?post=12013"}],"curies":[{"name":"wp","href":"https:\/\/api.w.org\/{rel}","templated":true}]}}